{"id":29938,"date":"2025-06-23T15:54:00","date_gmt":"2025-06-23T13:54:00","guid":{"rendered":"https:\/\/www.psib-psoe.org\/mallorca\/?p=29938"},"modified":"2025-06-23T15:54:12","modified_gmt":"2025-06-23T13:54:12","slug":"el-grup-socialista-demana-que-la-bandera-lgtbi-onegi-a-les-seus-del-consell-durant-la-setmana-de-la-celebracio-de-lorgull","status":"publish","type":"post","link":"https:\/\/www.psib-psoe.org\/mallorca\/el-grup-socialista-demana-que-la-bandera-lgtbi-onegi-a-les-seus-del-consell-durant-la-setmana-de-la-celebracio-de-lorgull\/","title":{"rendered":"El Grup Socialista demana que la bandera LGTBI onegi a les seus del Consell durant la setmana de la celebraci\u00f3 de l\u2019Orgull.\u00a0"},"content":{"rendered":"<div class=\"wpb-content-wrapper\"><div class=\"wp-block-image\">\n<figure class=\"aligncenter size-full is-resized\"><img loading=\"lazy\" decoding=\"async\" width=\"1141\" height=\"516\" src=\"https:\/\/www.psib-psoe.org\/mallorca\/wp-content\/uploads\/Captura-de-pantalla-2025-06-23-154827.png\" alt=\"\" class=\"wp-image-29940\" style=\"width:832px;height:auto\" srcset=\"https:\/\/www.psib-psoe.org\/mallorca\/wp-content\/uploads\/Captura-de-pantalla-2025-06-23-154827.png 1141w, https:\/\/www.psib-psoe.org\/mallorca\/wp-content\/uploads\/Captura-de-pantalla-2025-06-23-154827-300x136.png 300w, https:\/\/www.psib-psoe.org\/mallorca\/wp-content\/uploads\/Captura-de-pantalla-2025-06-23-154827-1024x463.png 1024w, https:\/\/www.psib-psoe.org\/mallorca\/wp-content\/uploads\/Captura-de-pantalla-2025-06-23-154827-768x347.png 768w, https:\/\/www.psib-psoe.org\/mallorca\/wp-content\/uploads\/Captura-de-pantalla-2025-06-23-154827-20x9.png 20w, https:\/\/www.psib-psoe.org\/mallorca\/wp-content\/uploads\/Captura-de-pantalla-2025-06-23-154827-150x68.png 150w, https:\/\/www.psib-psoe.org\/mallorca\/wp-content\/uploads\/Captura-de-pantalla-2025-06-23-154827-600x271.png 600w, https:\/\/www.psib-psoe.org\/mallorca\/wp-content\/uploads\/Captura-de-pantalla-2025-06-23-154827-900x407.png 900w\" sizes=\"(max-width: 1141px) 100vw, 1141px\" \/><\/figure><\/div>\n\n<p>El Grup Socialista pret\u00e9n que el Consell de Mallorca mostri clarament el seu suport a la reivindicaci\u00f3 del col\u00b7lectiu LGTBI, en la setmana de la celebraci\u00f3 de l\u2019Orgull, amb la penjada de la bandera irisada a les fa\u00e7anes dels edificis corporatius. Aix\u00ed s\u2019ha traslladat en una carta dirigida a Lloren\u00e7 Galm\u00e9s, registrada aquest dilluns, en la que es recorda l\u2019oportunitat de fer visible el suport institucional, \u201cel comprom\u00eds d\u2019aquesta instituci\u00f3 amb la igualtat i la diversitat\u201d, per contribuir a \u201cla visibilitat del col\u00b7lectiu LGTBI, aspecte clau per prevenir la discriminaci\u00f3 i les agressions per motius d\u2019orientaci\u00f3 sexual o identitat de g\u00e8nere\u201d. <\/p>\n\n\n[vc_row][vc_column][vc_column_text]\n<p>Aquest pr\u00f2xim dissabte de celebra la festa de l\u2019Orgull LGTBI, un esclat reivindicatiu que a Mallorca  culmina amb la convocat\u00f2ria d\u2019una manifestaci\u00f3 multitudin\u00e0ria. Amb aquest motiu, el Grup Socialista al Consell ha demanat al mateix president de la instituci\u00f3 que durant tota la setmana, les fa\u00e7anes dels edificis corporatius puguin lluir la bandera irisada que representa al col\u00b7lectiu LGTBI, per fer visible el suport institucional al col\u00b7lectiu, de la manera m\u00e9s evident possible, aix\u00ed com normalment fa el Consell per a diferents reivindicacions i col\u00b7lectius.  <\/p>\n<p>Fer servir les fa\u00e7anes com a aparador per a la bandera de l\u2019arc de Sant Mart\u00ed suposaria \u201cun gest amb gran c\u00e0rrega simb\u00f2lica i social, que enviaria un missatge inequ\u00edvoc de suport al col\u00b7lectiu LGTBI i contribuiria a sensibilitzar la ciutadania en favor de la diversitat\u201d, ha afirmat el conseller socialista, Joan Ferrer. Aix\u00ed ho sol fer el Consell de Mallorca amb col\u00b7lectius i temes com Igualtat entre dones i homes pel 8M, o m\u00e9s recentment, pel dia Internacional de la Llengua de les Persones Sordes.  <\/p>\n<p>\u201cMostrar la diversitat a la societat afavoreix la integraci\u00f3 i la conviv\u00e8ncia. La bandera irisada onejant a la fa\u00e7ana del Consell seria un potent element de visibilitat i pedagogia social en favor de la normalitzaci\u00f3, molt indicat en un moment pol\u00edtic a on la influ\u00e8ncia de l\u2019extrema dreta en els pactes de govern a Mallorca i Balears fomenta la invisibilitzaci\u00f3 de les reivindicacions i els drets socials del col\u00b7lectiu LGTBI\u201d, ha dit Ferrer. La carta del Grup Socialista s\u2019ha registrat aquest mateix dilluns. <\/p>\n[\/vc_column_text][\/vc_column][\/vc_row]\n<\/div>","protected":false},"excerpt":{"rendered":"El Grup Socialista pret\u00e9n que el Consell de Mallorca mostri clarament el seu suport a la reivindicaci\u00f3 del col\u00b7lectiu LGTBI, en la setmana de la celebraci\u00f3 de l\u2019Orgull, amb la penjada de la bandera irisada a les fa\u00e7anes dels edificis corporatius. Aix\u00ed s\u2019ha traslladat en una carta dirigida a Lloren\u00e7 Galm\u00e9s, registrada aquest dilluns, en&hellip;","protected":false},"author":3,"featured_media":29940,"comment_status":"closed","ping_status":"closed","sticky":false,"template":"","format":"standard","meta":{"footnotes":""},"categories":[89,2,1,90,92],"tags":[218,343,362,447,546,105,83,77,226,483,600,296],"class_list":["post-29938","post","type-post","status-publish","format-standard","has-post-thumbnail","hentry","category-consell-de-mallorca","category-federacio-de-mallorca","category-federacio-de-mallorca-portada","category-municipis","category-portada","tag-amanda-fernandez","tag-andreu-serra","tag-ares-fernandez","tag-bea-gamundi","tag-biel-alomar","tag-catalina-cladera","tag-consell-de-mallorca","tag-federacio-socialista-de-mallorca","tag-javier-de-juan","tag-joan-ferrer","tag-joana-maria-adrover","tag-sofia-alonso"],"_links":{"self":[{"href":"https:\/\/www.psib-psoe.org\/mallorca\/wp-json\/wp\/v2\/posts\/29938"}],"collection":[{"href":"https:\/\/www.psib-psoe.org\/mallorca\/wp-json\/wp\/v2\/posts"}],"about":[{"href":"https:\/\/www.psib-psoe.org\/mallorca\/wp-json\/wp\/v2\/types\/post"}],"author":[{"embeddable":true,"href":"https:\/\/www.psib-psoe.org\/mallorca\/wp-json\/wp\/v2\/users\/3"}],"replies":[{"embeddable":true,"href":"https:\/\/www.psib-psoe.org\/mallorca\/wp-json\/wp\/v2\/comments?post=29938"}],"version-history":[{"count":1,"href":"https:\/\/www.psib-psoe.org\/mallorca\/wp-json\/wp\/v2\/posts\/29938\/revisions"}],"predecessor-version":[{"id":29941,"href":"https:\/\/www.psib-psoe.org\/mallorca\/wp-json\/wp\/v2\/posts\/29938\/revisions\/29941"}],"wp:featuredmedia":[{"embeddable":true,"href":"https:\/\/www.psib-psoe.org\/mallorca\/wp-json\/wp\/v2\/media\/29940"}],"wp:attachment":[{"href":"https:\/\/www.psib-psoe.org\/mallorca\/wp-json\/wp\/v2\/media?parent=29938"}],"wp:term":[{"taxonomy":"category","embeddable":true,"href":"https:\/\/www.psib-psoe.org\/mallorca\/wp-json\/wp\/v2\/categories?post=29938"},{"taxonomy":"post_tag","embeddable":true,"href":"https:\/\/www.psib-psoe.org\/mallorca\/wp-json\/wp\/v2\/tags?post=29938"}],"curies":[{"name":"wp","href":"https:\/\/api.w.org\/{rel}","templated":true}]}}