{"id":29948,"date":"2025-06-24T11:31:19","date_gmt":"2025-06-24T09:31:19","guid":{"rendered":"https:\/\/www.psib-psoe.org\/mallorca\/?p=29948"},"modified":"2025-06-24T11:31:30","modified_gmt":"2025-06-24T09:31:30","slug":"el-pp-furta-el-debat-politic-sobre-drets-humans-i-memoria-democratica-a-ses-salines","status":"publish","type":"post","link":"https:\/\/www.psib-psoe.org\/mallorca\/el-pp-furta-el-debat-politic-sobre-drets-humans-i-memoria-democratica-a-ses-salines\/","title":{"rendered":"El PP furta el debat pol\u00edtic sobre Drets Humans i Mem\u00f2ria Democr\u00e0tica a Ses Salines."},"content":{"rendered":"<div class=\"wpb-content-wrapper\">\n<figure class=\"wp-block-image size-full is-resized is-style-default\"><img loading=\"lazy\" decoding=\"async\" width=\"1179\" height=\"440\" src=\"https:\/\/www.psib-psoe.org\/mallorca\/wp-content\/uploads\/Logo-Endavant-Ses-Salines-i-Colonia-Sant-Jordi.jpg\" alt=\"\" class=\"wp-image-29943\" style=\"width:793px;height:auto\" srcset=\"https:\/\/www.psib-psoe.org\/mallorca\/wp-content\/uploads\/Logo-Endavant-Ses-Salines-i-Colonia-Sant-Jordi.jpg 1179w, https:\/\/www.psib-psoe.org\/mallorca\/wp-content\/uploads\/Logo-Endavant-Ses-Salines-i-Colonia-Sant-Jordi-300x112.jpg 300w, https:\/\/www.psib-psoe.org\/mallorca\/wp-content\/uploads\/Logo-Endavant-Ses-Salines-i-Colonia-Sant-Jordi-1024x382.jpg 1024w, https:\/\/www.psib-psoe.org\/mallorca\/wp-content\/uploads\/Logo-Endavant-Ses-Salines-i-Colonia-Sant-Jordi-768x287.jpg 768w, https:\/\/www.psib-psoe.org\/mallorca\/wp-content\/uploads\/Logo-Endavant-Ses-Salines-i-Colonia-Sant-Jordi-150x56.jpg 150w, https:\/\/www.psib-psoe.org\/mallorca\/wp-content\/uploads\/Logo-Endavant-Ses-Salines-i-Colonia-Sant-Jordi-600x224.jpg 600w, https:\/\/www.psib-psoe.org\/mallorca\/wp-content\/uploads\/Logo-Endavant-Ses-Salines-i-Colonia-Sant-Jordi-900x336.jpg 900w, https:\/\/www.psib-psoe.org\/mallorca\/wp-content\/uploads\/Logo-Endavant-Ses-Salines-i-Colonia-Sant-Jordi-20x7.jpg 20w\" sizes=\"(max-width: 1179px) 100vw, 1179px\" \/><\/figure>\n\n\n[vc_row][vc_column][vc_column_text]\n<p><em><u><br \/>\nEl vet dels regidors del PP i el de Som Coalici\u00f3 impedeix que una moci\u00f3 del Grup Municipal Endavant per la defensa dels Drets Fonamentals, la Mem\u00f2ria Democr\u00e0tica i la cohesi\u00f3 social es pugui debatre al plenari. Els regidors d\u2019Endavant Ses Salines i Col\u00f2nia de Sant Jordi, Ant\u00f2nia Garcias i Miquel Fontiroig, lamenten el \u201cnul tarann\u00e0 democr\u00e0tic del PP\u201d, que no vol debatre les imposicions de l\u2019ideari de l\u2019extrema dreta que assumeixen els populars per seguir governant.<br \/>\n<\/u><\/em><\/p>\n[\/vc_column][\/vc_row]\n\n\n<p>El PP de Ses Salines es nega a qu\u00e8 en el ple de l\u2019Ajuntament es parli de Drets Humans, Mem\u00f2ria Democr\u00e0tica i cohesi\u00f3 social. Unes q\u00fcestions que preocupen a la ciutadania de Ses Salines, i que han motivat la presentaci\u00f3 d\u2019una moci\u00f3 de la coalici\u00f3 Endavant. Els sis regidors del PP a l\u2019equip de govern han votat en contra de la urg\u00e8ncia del tr\u00e0mit, i per tant, no ha quedat inclosa dins de l\u2019ordre del dia per el pr\u00f2xim ple. <\/p>\n<p>La regidora de la coalici\u00f3, Ant\u00f2nia Garcias, s\u2019ha mostrat \u201cdecebuda\u201d per la negativa del PP, que !\u201cimpedeix un debat seri\u00f3s sobre temes d\u2019actualitat. De la seva banda, el regidor Miquel Fontiroig creu que en realitat el PP  de Ses Salines \u201co be hi est\u00e0 d\u2019acord, o be no ho q\u00fcestiona per evitar el cost de discrepar\u201d i aix\u00f2 \u201cquan parlem de mesures com aquestes no \u00e9s un detrall menor\u201d. La no admissi\u00f3 de nous menors migrants procedents d\u2019altres indrets de l\u2019Estat, i les proves m\u00e8diques per determinar l\u2019edat de joves migrats amb l\u2019objectiu de facilitar-ne l\u2019expulsi\u00f3; la retirada de subvencions a entitats socials que treballin amb persones migrades si es considera que col\u00b7laboren amb la immigraci\u00f3 irregular; la creaci\u00f3 d\u2019una oficina anti-ocupaci\u00f3 amb un pressupost d\u2019un mili\u00f3 d\u2019euros; o la derogaci\u00f3 de la Llei de Mem\u00f2ria Democr\u00e0tica de les Illes Balears, s\u00f3n el bess\u00f3 de les mesures acordades, que denigren l\u2019equilibri social i posen en risc la conviv\u00e8ncia. <\/p>\n<p>Es tracta de mesures acordades dins del pacte PPVox per desbloquejar el suport dels ultradretans en l\u2019aprovaci\u00f3 del pressupost de la Comunitat Aut\u00f2noma de 2025. I, segons Fontiroig, \u201ctenen un impacte directe sobre drets fonamentals, la cohesi\u00f3 social i la qualitat democr\u00e0tica de les institucions p\u00fabliques i un canvi profund en les prioritats p\u00fabliques. Nom\u00e9s serveixen per alimentar el relat de l\u2019extrame dreta. I davant de tot aix\u00f2 la resposta \u00e9s el silenci. Una ll\u00e0stima\u201d.<\/p>\n<p>En total desacord amb aquesta deriva pol\u00edtica perillosa i perversa per a la conviv\u00e8ncia, el grup Endavant ha plantejat una iniciativa en qu\u00e8 s\u2019insta a l\u2019Ajuntament de Ses Salines a rebutjar les mesures pactades entre el Govern de les Illes Balears i Vox que suposin un retroc\u00e9s en mat\u00e8ria de drets humans, cohesi\u00f3 social i qualitat democr\u00e0tica, i revertir tot all\u00f2 que impedeixi l\u2019acc\u00e9s a prestacions socials, la protecci\u00f3 de menors, el suport a entitats socials i la preservaci\u00f3 de la mem\u00f2ria democr\u00e0tica. <\/p>\n\n\n\n<p><\/p>\n<\/div>","protected":false},"excerpt":{"rendered":"[vc_row][vc_column][vc_column_text] El vet dels regidors del PP i el de Som Coalici\u00f3 impedeix que una moci\u00f3 del Grup Municipal Endavant per la defensa dels Drets Fonamentals, la Mem\u00f2ria Democr\u00e0tica i la cohesi\u00f3 social es pugui debatre al plenari. Els regidors d\u2019Endavant Ses Salines i Col\u00f2nia de Sant Jordi, Ant\u00f2nia Garcias i Miquel Fontiroig, lamenten el&hellip;","protected":false},"author":3,"featured_media":29943,"comment_status":"closed","ping_status":"closed","sticky":false,"template":"","format":"standard","meta":{"footnotes":""},"categories":[2,1,90,92],"tags":[218,179,105,83,182,77,84],"class_list":["post-29948","post","type-post","status-publish","format-standard","has-post-thumbnail","hentry","category-federacio-de-mallorca","category-federacio-de-mallorca-portada","category-municipis","category-portada","tag-amanda-fernandez","tag-bernat-roig","tag-catalina-cladera","tag-consell-de-mallorca","tag-endavant","tag-federacio-socialista-de-mallorca","tag-psib-psoe"],"_links":{"self":[{"href":"https:\/\/www.psib-psoe.org\/mallorca\/wp-json\/wp\/v2\/posts\/29948"}],"collection":[{"href":"https:\/\/www.psib-psoe.org\/mallorca\/wp-json\/wp\/v2\/posts"}],"about":[{"href":"https:\/\/www.psib-psoe.org\/mallorca\/wp-json\/wp\/v2\/types\/post"}],"author":[{"embeddable":true,"href":"https:\/\/www.psib-psoe.org\/mallorca\/wp-json\/wp\/v2\/users\/3"}],"replies":[{"embeddable":true,"href":"https:\/\/www.psib-psoe.org\/mallorca\/wp-json\/wp\/v2\/comments?post=29948"}],"version-history":[{"count":1,"href":"https:\/\/www.psib-psoe.org\/mallorca\/wp-json\/wp\/v2\/posts\/29948\/revisions"}],"predecessor-version":[{"id":29949,"href":"https:\/\/www.psib-psoe.org\/mallorca\/wp-json\/wp\/v2\/posts\/29948\/revisions\/29949"}],"wp:featuredmedia":[{"embeddable":true,"href":"https:\/\/www.psib-psoe.org\/mallorca\/wp-json\/wp\/v2\/media\/29943"}],"wp:attachment":[{"href":"https:\/\/www.psib-psoe.org\/mallorca\/wp-json\/wp\/v2\/media?parent=29948"}],"wp:term":[{"taxonomy":"category","embeddable":true,"href":"https:\/\/www.psib-psoe.org\/mallorca\/wp-json\/wp\/v2\/categories?post=29948"},{"taxonomy":"post_tag","embeddable":true,"href":"https:\/\/www.psib-psoe.org\/mallorca\/wp-json\/wp\/v2\/tags?post=29948"}],"curies":[{"name":"wp","href":"https:\/\/api.w.org\/{rel}","templated":true}]}}