{"id":29951,"date":"2025-06-25T12:39:38","date_gmt":"2025-06-25T10:39:38","guid":{"rendered":"https:\/\/www.psib-psoe.org\/mallorca\/?p=29951"},"modified":"2025-06-25T12:39:49","modified_gmt":"2025-06-25T10:39:49","slug":"el-psib-qualifica-lacord-del-consell-de-mallorca-amb-airbnb-dacte-propagandistic-sense-contingut","status":"publish","type":"post","link":"https:\/\/www.psib-psoe.org\/mallorca\/el-psib-qualifica-lacord-del-consell-de-mallorca-amb-airbnb-dacte-propagandistic-sense-contingut\/","title":{"rendered":"El PSIB qualifica l\u2019acord del Consell de Mallorca amb AirBnB \u201cd\u2019acte propagand\u00edstic sense contingut\u201d."},"content":{"rendered":"<div class=\"wpb-content-wrapper\"><div class=\"wp-block-image\">\n<figure class=\"aligncenter size-full\"><img loading=\"lazy\" decoding=\"async\" width=\"1328\" height=\"614\" src=\"https:\/\/www.psib-psoe.org\/mallorca\/wp-content\/uploads\/Grup-DPG-2025-2.jpg\" alt=\"\" class=\"wp-image-29952\" srcset=\"https:\/\/www.psib-psoe.org\/mallorca\/wp-content\/uploads\/Grup-DPG-2025-2.jpg 1328w, https:\/\/www.psib-psoe.org\/mallorca\/wp-content\/uploads\/Grup-DPG-2025-2-300x139.jpg 300w, https:\/\/www.psib-psoe.org\/mallorca\/wp-content\/uploads\/Grup-DPG-2025-2-1024x473.jpg 1024w, https:\/\/www.psib-psoe.org\/mallorca\/wp-content\/uploads\/Grup-DPG-2025-2-768x355.jpg 768w, https:\/\/www.psib-psoe.org\/mallorca\/wp-content\/uploads\/Grup-DPG-2025-2-760x350.jpg 760w, https:\/\/www.psib-psoe.org\/mallorca\/wp-content\/uploads\/Grup-DPG-2025-2-20x9.jpg 20w, https:\/\/www.psib-psoe.org\/mallorca\/wp-content\/uploads\/Grup-DPG-2025-2-150x69.jpg 150w, https:\/\/www.psib-psoe.org\/mallorca\/wp-content\/uploads\/Grup-DPG-2025-2-600x277.jpg 600w, https:\/\/www.psib-psoe.org\/mallorca\/wp-content\/uploads\/Grup-DPG-2025-2-900x416.jpg 900w\" sizes=\"(max-width: 1328px) 100vw, 1328px\" \/><\/figure><\/div>\n\n<p>L\u2019acord signat per Galm\u00e9s i el portal de lloguer tur\u00edstic es limita a repetir una m\u00ednima part de la reglamentaci\u00f3 espanyola en vigor i que ja \u00e9s d\u2019obligat compliment per a les plataformes. A m\u00e9s en l\u2019acte es va donar la xifra de 130 anuncis anul\u00b7lats, quan el mateix departament de Turisme ja havia detectat fins a 6.000 anuncis il\u00b7legals , segons va relatar el conseller Marcial Rodr\u00edguez. \u201cEns trobem davant d\u2019un nou episodi dels actes de propaganda i sense contingut de Galm\u00e9s, que dona missatges de contenci\u00f3 de l\u2019oferta il\u00b7legal mentre que en realitat segueix fomentant la sobresaturaci\u00f3 tur\u00edstica\u201d, ha afirmat la portaveu socialista al Consell, Catalina Cladera.<\/p>\n\n\n[vc_row][vc_column][vc_column_text]\n<p> Nou conat propagand\u00edstic al Consell de Mallorca, aquest cop a c\u00f2pia dels anuncis de lloguers vacacionals il\u00b7legals a la plataforma AirBnB. L\u2019acord signat la passada setmana entre el Consell de Mallorca i el portal l\u00edder en lloguer vacacional al m\u00f3n \u00e9s \u201cun acte propagand\u00edstic sense contingut que nom\u00e9s serveix per fer veure mentre que no es fa res\u201d. Aix\u00ed ho ha qualificat la portaveu socialista, Catalina Cladera. <\/p>\n<p>El contingut de l\u2019acord \u00e9s una mera declaraci\u00f3 d\u2019intencions que nom\u00e9s es limita a recollir una part de la reglamentaci\u00f3 que ja est\u00e0 en vigor a Espanya des de l\u2019any passat, despr\u00e9s de l\u2019aprovaci\u00f3 del marc regulador a la Uni\u00f3 Europea. L\u2019acord es compromet a mantenir un protocol de notificaci\u00f3 i desactivaci\u00f3 d\u2019anuncis, l\u2019obligaci\u00f3 del portal a incloure un n\u00famero de registre v\u00e0lid, i a fer una campanya educacional als anunciants que publiquen els seus allotjaments. <\/p>\n<p>Resulta que aquests punts ja estan inclosos i s\u00f3n d\u2019obligat compliment per a les empreses que operen a Espanya, des de l\u2019aprovaci\u00f3 del Reglament 2024\/1028 d\u201911 d\u2019abril de 2024 sobre la recollida i l\u2019intercanvi de dades relatives als serveis de lloguer d\u2019allotjaments de curta durada del Parlament Europeu i del Consell, que s\u2019ha desenvolupat a la normativa espanyola amb el Reial Decret 1312\/2024.<\/p>\n<p>El Reglament del qual es deriva el Reglament en vigor a l\u2019Estat, es va dur a votaci\u00f3 al plenari del Parlament Europeu i va sortir aprovat per una gran majoria, tot i que el PP espanyol va trencar la disciplina de vot del seu grup, i es va abstenir. \u201cSobta molt que el PP no volgu\u00e9s votar favorablement a aquesta regulaci\u00f3, per que es van quedar sols com a una formaci\u00f3 que no aportava fermament per la persecuci\u00f3 de l\u2019oferta il\u00b7legal\u201d, ha dit Cladera. <\/p>\n<p>La normativa espanyola que aplica l\u2019europea \u00e9s molt m\u00e9s restrictiva que l\u2019acord signat per Galm\u00e9s i AirBnb, per que en realitat tamb\u00e9 obliga a les plataformes a informar mensualment a l\u2019Administraci\u00f3 de les dades de funcionament de cada allotjament, una informaci\u00f3 amb la que el Consell hauria de ser capa\u00e7 de comprovar de forma automatitzada quins dels anuncis no disposen d\u2019un n\u00famero de registre v\u00e0lid i, tot seguit, encomanar a la plataforma la seva retirada i procedir amb els corresponents procediments sancionadors. L\u2019acord de propaganda i autobombo tamb\u00e9 ha obviat l\u2019obligaci\u00f3 de les plataformes a realitzar comprovacions aleat\u00f2ries i peri\u00f2diques dels n\u00fameros de registre, que s\u2019han de remetre a l\u2019administraci\u00f3 a trav\u00e9s de la Finestreta \u00danica Digital del Ministeri d\u2019Habitatge.<\/p>\n<p>\u201cMarcial Rodr\u00edguez i Galm\u00e9s han tornat a donar mostres de la seva capacitat per a vendre fum i fer creure que s\u2019est\u00e0 actuant de bon de veres en contra de l\u2019allotjament il\u00b7legal, per\u00f2 en realitat han fet una foto i un paper amb AirBnB que no obliga a res que no estigui en el Reglament estatal\u201d. A m\u00e9s a m\u00e9s, Cladera ha assenyalat que a la mateixa nota de premsa oficial es feia refer\u00e8ncia a qu\u00e8 l\u2019acord ja havia provocat la retirada de 130 anuncis il\u00b7legals, per\u00f2 ha recordat que el mateix duo, Marcial Rodr\u00edguez i Galm\u00e9s, a l\u2019octubre de 2023, van difondre la xifra de 6.000 anuncis il\u00b7legals detectats a diferents plataformes, contra els quals es pensava posar en marxa la maquin\u00e0ria de l\u2019administraci\u00f3. \u201cGaireb\u00e9 dos anys despr\u00e9s ens volen vendre com a un \u00e8xit haver fet despenjar 130 anuncis, quan aquesta xifra representa un 2% de la propaganda il\u00b7legal que ells mateixos afirmaven haver detectat\u201d. <\/p>\n<p>Per Cladera queda demostrat un cop m\u00e9s que \u201cla voluntat real del PP en mat\u00e8ria d\u2019Ordenaci\u00f3 Tur\u00edstica a Mallorca \u00e9s la de seguir tenint m\u00e0niga ampla amb els seus amics, permetent comercialitzar 90.000 places que estaven condemnades a extingir-se i que es podrien destinar a alleugerir la crisi de l\u2019habitatge, i amb aquets anuncis i acords de paper banyat, per anar engreixant l\u2019\u00e0lbum de fotos personals de Galm\u00e9s de la legislatura\u201d.   <\/p>\n[\/vc_column_text][\/vc_column][\/vc_row]\n<\/div>","protected":false},"excerpt":{"rendered":"L\u2019acord signat per Galm\u00e9s i el portal de lloguer tur\u00edstic es limita a repetir una m\u00ednima part de la reglamentaci\u00f3 espanyola en vigor i que ja \u00e9s d\u2019obligat compliment per a les plataformes. A m\u00e9s en l\u2019acte es va donar la xifra de 130 anuncis anul\u00b7lats, quan el mateix departament de Turisme ja havia detectat&hellip;","protected":false},"author":3,"featured_media":29952,"comment_status":"closed","ping_status":"closed","sticky":false,"template":"","format":"standard","meta":{"footnotes":""},"categories":[89,2,1,90,92],"tags":[218,343,362,105,83,77,468],"class_list":["post-29951","post","type-post","status-publish","format-standard","has-post-thumbnail","hentry","category-consell-de-mallorca","category-federacio-de-mallorca","category-federacio-de-mallorca-portada","category-municipis","category-portada","tag-amanda-fernandez","tag-andreu-serra","tag-ares-fernandez","tag-catalina-cladera","tag-consell-de-mallorca","tag-federacio-socialista-de-mallorca","tag-iago-negueruela"],"_links":{"self":[{"href":"https:\/\/www.psib-psoe.org\/mallorca\/wp-json\/wp\/v2\/posts\/29951"}],"collection":[{"href":"https:\/\/www.psib-psoe.org\/mallorca\/wp-json\/wp\/v2\/posts"}],"about":[{"href":"https:\/\/www.psib-psoe.org\/mallorca\/wp-json\/wp\/v2\/types\/post"}],"author":[{"embeddable":true,"href":"https:\/\/www.psib-psoe.org\/mallorca\/wp-json\/wp\/v2\/users\/3"}],"replies":[{"embeddable":true,"href":"https:\/\/www.psib-psoe.org\/mallorca\/wp-json\/wp\/v2\/comments?post=29951"}],"version-history":[{"count":2,"href":"https:\/\/www.psib-psoe.org\/mallorca\/wp-json\/wp\/v2\/posts\/29951\/revisions"}],"predecessor-version":[{"id":29954,"href":"https:\/\/www.psib-psoe.org\/mallorca\/wp-json\/wp\/v2\/posts\/29951\/revisions\/29954"}],"wp:featuredmedia":[{"embeddable":true,"href":"https:\/\/www.psib-psoe.org\/mallorca\/wp-json\/wp\/v2\/media\/29952"}],"wp:attachment":[{"href":"https:\/\/www.psib-psoe.org\/mallorca\/wp-json\/wp\/v2\/media?parent=29951"}],"wp:term":[{"taxonomy":"category","embeddable":true,"href":"https:\/\/www.psib-psoe.org\/mallorca\/wp-json\/wp\/v2\/categories?post=29951"},{"taxonomy":"post_tag","embeddable":true,"href":"https:\/\/www.psib-psoe.org\/mallorca\/wp-json\/wp\/v2\/tags?post=29951"}],"curies":[{"name":"wp","href":"https:\/\/api.w.org\/{rel}","templated":true}]}}