{"id":29957,"date":"2025-06-25T14:19:00","date_gmt":"2025-06-25T12:19:00","guid":{"rendered":"https:\/\/www.psib-psoe.org\/mallorca\/?p=29957"},"modified":"2025-06-25T14:19:12","modified_gmt":"2025-06-25T12:19:12","slug":"andreu-vidal-liderara-lagrupacio-socialista-dalaro-amb-lobjectiu-de-provocar-el-tomb-electoral-al-municipi","status":"publish","type":"post","link":"https:\/\/www.psib-psoe.org\/mallorca\/andreu-vidal-liderara-lagrupacio-socialista-dalaro-amb-lobjectiu-de-provocar-el-tomb-electoral-al-municipi\/","title":{"rendered":"Andreu Vidal liderar\u00e0 l\u2019Agrupaci\u00f3 Socialista d\u2019Alar\u00f3 amb l\u2019objectiu de provocar el tomb electoral al municipi."},"content":{"rendered":"<div class=\"wpb-content-wrapper\"><div class=\"wp-block-image\">\n<figure class=\"aligncenter size-full\"><img loading=\"lazy\" decoding=\"async\" width=\"1600\" height=\"1200\" src=\"https:\/\/www.psib-psoe.org\/mallorca\/wp-content\/uploads\/Assemblea-Alaro-2-2.jpeg\" alt=\"\" class=\"wp-image-29958\" srcset=\"https:\/\/www.psib-psoe.org\/mallorca\/wp-content\/uploads\/Assemblea-Alaro-2-2.jpeg 1600w, https:\/\/www.psib-psoe.org\/mallorca\/wp-content\/uploads\/Assemblea-Alaro-2-2-300x225.jpeg 300w, https:\/\/www.psib-psoe.org\/mallorca\/wp-content\/uploads\/Assemblea-Alaro-2-2-1024x768.jpeg 1024w, https:\/\/www.psib-psoe.org\/mallorca\/wp-content\/uploads\/Assemblea-Alaro-2-2-768x576.jpeg 768w, https:\/\/www.psib-psoe.org\/mallorca\/wp-content\/uploads\/Assemblea-Alaro-2-2-1536x1152.jpeg 1536w, https:\/\/www.psib-psoe.org\/mallorca\/wp-content\/uploads\/Assemblea-Alaro-2-2-150x113.jpeg 150w, https:\/\/www.psib-psoe.org\/mallorca\/wp-content\/uploads\/Assemblea-Alaro-2-2-600x450.jpeg 600w, https:\/\/www.psib-psoe.org\/mallorca\/wp-content\/uploads\/Assemblea-Alaro-2-2-900x675.jpeg 900w, https:\/\/www.psib-psoe.org\/mallorca\/wp-content\/uploads\/Assemblea-Alaro-2-2-20x16.jpeg 20w\" sizes=\"(max-width: 1600px) 100vw, 1600px\" \/><\/figure><\/div>\n\n<p>L\u2019Agrupaci\u00f3 Socialista d\u2019Alar\u00f3 ja compta amb una nova Junta Executiva. L\u2019Assemblea celebrada al municipi ha concl\u00f2s fer suport a la llista presentada per Andreu Vidal, qui fou el cap de llista a les passades eleccions i actualment regidor del Grup Municipal a l\u2019Ajuntament. Vidal \u00e9s el secretari general dels socialistes d\u2019Alar\u00f3, amb l\u2019objectiu de treballar per capgirar l\u2019actual situaci\u00f3 pol\u00edticva a un municipi \u201cescap\u00e7at per les abs\u00e8ncies cont\u00ednues del batle del PP\u201d. <\/p>\n\n\n[vc_row][vc_column][vc_column_text]\n<p>Andreu Vidal \u00e9s el nou secretari general de l\u2019Agrupaci\u00f3 Socialista d\u2019Alar\u00f3. La llista que encap\u00e7ala assumeix un nou repte per capgirar la din\u00e0mica de fets que han portat a enlla\u00e7ar dues legislatures amb governs de dretes, a un municipi amb gran tradici\u00f3 obrera i socialista. Vidal encap\u00e7ala una candidatura a on tamb\u00e9 hi figuren Juan Rossell\u00f3 com a president honor\u00edfic i Fernando Duran a la secretaria d\u2019Organitzaci\u00f3. Omar Hern\u00e1ndez, Maria Jos\u00e9 Bay\u00f3n, Yolanda P\u00e9rez, Gaspar Rossell\u00f3, i Miriam Segui ocupen la resta de les secretaries, mentre que com a vocals tamb\u00e9 s\u00f3n membres de la junta local Pedro Rotger, Catalina Homar, Roger Anthony Andrew, Maravillas Contreras i Catalina Gelabert. <\/p>\n<p>Vidal s\u2019ha mostrat molt satisfet per tenir una executiva amb gent disposada a \u201cfer feina pel poble\u201d, amb el full de ruta dels dos anys \u201cd\u2019oposici\u00f3 cr\u00edtica per\u00f2 constructiva a l\u2019Ajuntament\u201d que es dirigeix cap a la cita electoral de 2027 amb l\u2019objectiu de \u201cprovocar el tomb pol\u00edtic i tornar una majoria de progr\u00e9s a l\u2019Ajuntament\u201d. La secret\u00e0ria general de la Federaci\u00f3 Socialista de Mallorca, Amanda Fern\u00e0ndez, ha estat present a la sessi\u00f3 de l\u2019Assemblea d\u2019Alar\u00f3, i ha destacat \u201cla passa endavant\u201d que fan els integrants de la nova executiva, que en molts casos suposa la seva primera experi\u00e8ncia dins la pol\u00edtica municipal. \u201cUs encoratjo per treballar tots a una per recuperar un municipi de cor socialista com Alar\u00f3\u201d. <\/p>\n<p>El president de la FSM, Tolo Aguilar, i els membres de l\u2019executiva insular, Joan M\u00e9ndez i Javier de Juan, aix\u00ed com la representant de l\u2019executiva PSIB, Xisca Gamund\u00ed, han estat presents a l\u2019Assemblea.<\/p>\n[\/vc_column_text][\/vc_column][\/vc_row]\n<\/div>","protected":false},"excerpt":{"rendered":"L\u2019Agrupaci\u00f3 Socialista d\u2019Alar\u00f3 ja compta amb una nova Junta Executiva. L\u2019Assemblea celebrada al municipi ha concl\u00f2s fer suport a la llista presentada per Andreu Vidal, qui fou el cap de llista a les passades eleccions i actualment regidor del Grup Municipal a l\u2019Ajuntament. Vidal \u00e9s el secretari general dels socialistes d\u2019Alar\u00f3, amb l\u2019objectiu de treballar&hellip;","protected":false},"author":3,"featured_media":29956,"comment_status":"closed","ping_status":"closed","sticky":false,"template":"","format":"standard","meta":{"footnotes":""},"categories":[2,1,90,92],"tags":[218,450,362,105,83,77,468,226,360,351,494],"class_list":["post-29957","post","type-post","status-publish","format-standard","has-post-thumbnail","hentry","category-federacio-de-mallorca","category-federacio-de-mallorca-portada","category-municipis","category-portada","tag-amanda-fernandez","tag-andreu-vidal","tag-ares-fernandez","tag-catalina-cladera","tag-consell-de-mallorca","tag-federacio-socialista-de-mallorca","tag-iago-negueruela","tag-javier-de-juan","tag-joan-mendez","tag-tolo-aguilar","tag-xisca-gamundi"],"_links":{"self":[{"href":"https:\/\/www.psib-psoe.org\/mallorca\/wp-json\/wp\/v2\/posts\/29957"}],"collection":[{"href":"https:\/\/www.psib-psoe.org\/mallorca\/wp-json\/wp\/v2\/posts"}],"about":[{"href":"https:\/\/www.psib-psoe.org\/mallorca\/wp-json\/wp\/v2\/types\/post"}],"author":[{"embeddable":true,"href":"https:\/\/www.psib-psoe.org\/mallorca\/wp-json\/wp\/v2\/users\/3"}],"replies":[{"embeddable":true,"href":"https:\/\/www.psib-psoe.org\/mallorca\/wp-json\/wp\/v2\/comments?post=29957"}],"version-history":[{"count":1,"href":"https:\/\/www.psib-psoe.org\/mallorca\/wp-json\/wp\/v2\/posts\/29957\/revisions"}],"predecessor-version":[{"id":29959,"href":"https:\/\/www.psib-psoe.org\/mallorca\/wp-json\/wp\/v2\/posts\/29957\/revisions\/29959"}],"wp:featuredmedia":[{"embeddable":true,"href":"https:\/\/www.psib-psoe.org\/mallorca\/wp-json\/wp\/v2\/media\/29956"}],"wp:attachment":[{"href":"https:\/\/www.psib-psoe.org\/mallorca\/wp-json\/wp\/v2\/media?parent=29957"}],"wp:term":[{"taxonomy":"category","embeddable":true,"href":"https:\/\/www.psib-psoe.org\/mallorca\/wp-json\/wp\/v2\/categories?post=29957"},{"taxonomy":"post_tag","embeddable":true,"href":"https:\/\/www.psib-psoe.org\/mallorca\/wp-json\/wp\/v2\/tags?post=29957"}],"curies":[{"name":"wp","href":"https:\/\/api.w.org\/{rel}","templated":true}]}}