{"id":29960,"date":"2025-06-26T14:12:49","date_gmt":"2025-06-26T12:12:49","guid":{"rendered":"https:\/\/www.psib-psoe.org\/mallorca\/?p=29960"},"modified":"2025-06-26T14:13:01","modified_gmt":"2025-06-26T12:13:01","slug":"els-socialistes-de-binissalem-renoven-la-seva-comissio-executiva-amb-juan-carlos-ortega-com-a-secretari-general","status":"publish","type":"post","link":"https:\/\/www.psib-psoe.org\/mallorca\/els-socialistes-de-binissalem-renoven-la-seva-comissio-executiva-amb-juan-carlos-ortega-com-a-secretari-general\/","title":{"rendered":"Els Socialistes de Binissalem renoven la seva Comissi\u00f3 Executiva amb Juan Carlos Ortega com a secretari general"},"content":{"rendered":"<figure class=\"wp-block-image size-large\"><img loading=\"lazy\" decoding=\"async\" class=\"alignnone wp-image-29961 size-full\" src=\"http:\/\/www.psib-psoe.org\/mallorca\/wp-content\/uploads\/260625_Nova-Executiva-Binissalem-scaled.jpeg\" alt=\"\" width=\"2560\" height=\"1920\" srcset=\"https:\/\/www.psib-psoe.org\/mallorca\/wp-content\/uploads\/260625_Nova-Executiva-Binissalem-scaled.jpeg 2560w, https:\/\/www.psib-psoe.org\/mallorca\/wp-content\/uploads\/260625_Nova-Executiva-Binissalem-300x225.jpeg 300w, https:\/\/www.psib-psoe.org\/mallorca\/wp-content\/uploads\/260625_Nova-Executiva-Binissalem-1024x768.jpeg 1024w, https:\/\/www.psib-psoe.org\/mallorca\/wp-content\/uploads\/260625_Nova-Executiva-Binissalem-768x576.jpeg 768w, https:\/\/www.psib-psoe.org\/mallorca\/wp-content\/uploads\/260625_Nova-Executiva-Binissalem-1536x1152.jpeg 1536w, https:\/\/www.psib-psoe.org\/mallorca\/wp-content\/uploads\/260625_Nova-Executiva-Binissalem-2048x1536.jpeg 2048w, https:\/\/www.psib-psoe.org\/mallorca\/wp-content\/uploads\/260625_Nova-Executiva-Binissalem-150x113.jpeg 150w, https:\/\/www.psib-psoe.org\/mallorca\/wp-content\/uploads\/260625_Nova-Executiva-Binissalem-600x450.jpeg 600w, https:\/\/www.psib-psoe.org\/mallorca\/wp-content\/uploads\/260625_Nova-Executiva-Binissalem-900x675.jpeg 900w, https:\/\/www.psib-psoe.org\/mallorca\/wp-content\/uploads\/260625_Nova-Executiva-Binissalem-20x16.jpeg 20w\" sizes=\"(max-width: 2560px) 100vw, 2560px\" \/><\/figure>\n<p><em><u><i><span lang=\"CA\">Juan Carlos Ortega: \u201cHem conformat un gran grup dispost a continuar fent feina per Binissalem\u201d<\/span><\/i><\/u><\/em><\/p>\n<p style=\"font-weight: 400;\">L\u2019Agrupaci\u00f3 Socialista de Binissalem ha renovat la seva Comissi\u00f3 Executiva on Juan Carlos Ortega ha sortit elegit com a secretari general de l\u2019Agrupaci\u00f3. Ortega ha declarat que \u00a0\u201chem conformat un gran grup dispost a continuar fent feina per Binissalem\u201d.<\/p>\n<p style=\"font-weight: 400;\">El nou secretari general de l\u2019Agrupaci\u00f3 Socialista de Binissalem, ha comen\u00e7at la seva intervenci\u00f3 agraint a tots els presents la seva assist\u00e8ncia. Tamb\u00e9 ha agra\u00eft la feina feta de l\u2019anterior secretari general de l\u2019Agrupaci\u00f3, Pep Maria Pons.<\/p>\n<p style=\"font-weight: 400;\">Sobre els seus objectius, Ortega ha destacat que \u201cla feina de la nova executiva \u00e9s enfortir el projecte socialista al poble i continuar fent feina conjunta amb el grup municipal. Vull que els militants i simpatitzants del PSIB-PSOE aportin les seves idees i necessitats perqu\u00e8 en Pep Maria i jo les puguem elevar a l\u2019Ajuntament de Binissalem\u201d.<\/p>\n<p style=\"font-weight: 400;\">La nova Comissi\u00f3 Executiva de Binissalem est\u00e0 composta per: Juan Carlos Ortega com a secretari general, Christian Morales, com a secretari d\u2019organitzaci\u00f3, Mariana Pons com a secret\u00e0ria d\u2019igualtat, Toni Ram\u00f3n com a secretari de diversitat, comunicaci\u00f3 i LGTBI, Xisca Llabr\u00e9s com a secret\u00e0ria de medi ambient i cultura i Pep Maria Pons com a secretari de pol\u00edtica municipal.<\/p>\n<p style=\"font-weight: 400;\">La secret\u00e0ria general de la Federaci\u00f3 Socialista de Mallorca, Amanda Fern\u00e1ndez, ha participat en l\u2019Assemblea de l\u2019Agrupaci\u00f3 Socialista de Binissalem per mostrar el seu \u201csuport\u201d i el de la Federaci\u00f3 Socialista de Mallorca a Juan Carlos Ortega i a tota la Comissi\u00f3 Executiva.<\/p>\n<p style=\"font-weight: 400;\">A part de la secret\u00e0ria general dels Socialistes de Mallorca, Amanda Fern\u00e1ndez, el secretari d\u2019organitzaci\u00f3 de l\u2019FSM, Ares Fern\u00e1ndez, la secret\u00e0ria general de Joventuts Socialistes de les Balears, Ana Maria Muela i altres membres de les Joventuts Socialistes del Raiguer van acompanyar a Juan Carlos i a la nova executiva en la seva presentaci\u00f3.<\/p>\n\n\n<p><\/p>\n","protected":false},"excerpt":{"rendered":"<p>Juan Carlos Ortega: \u201cHem conformat un gran grup dispost a continuar fent feina per Binissalem\u201d L\u2019Agrupaci\u00f3 Socialista de Binissalem ha renovat la seva Comissi\u00f3 Executiva on Juan Carlos Ortega ha sortit elegit com a secretari general de l\u2019Agrupaci\u00f3. Ortega ha declarat que \u00a0\u201chem conformat un gran grup dispost a continuar fent feina per Binissalem\u201d. El&hellip;<\/p>\n","protected":false},"author":4,"featured_media":29961,"comment_status":"false","ping_status":"closed","sticky":false,"template":"","format":"standard","meta":{"footnotes":""},"categories":[2,1,90,92],"tags":[408,218,335,77,620,84],"class_list":["post-29960","post","type-post","status-publish","format-standard","has-post-thumbnail","hentry","category-federacio-de-mallorca","category-federacio-de-mallorca-portada","category-municipis","category-portada","tag-agrupacio-socialista-de-binissalem","tag-amanda-fernandez","tag-binissalem","tag-federacio-socialista-de-mallorca","tag-juan-carlos-ortega","tag-psib-psoe"],"_links":{"self":[{"href":"https:\/\/www.psib-psoe.org\/mallorca\/wp-json\/wp\/v2\/posts\/29960"}],"collection":[{"href":"https:\/\/www.psib-psoe.org\/mallorca\/wp-json\/wp\/v2\/posts"}],"about":[{"href":"https:\/\/www.psib-psoe.org\/mallorca\/wp-json\/wp\/v2\/types\/post"}],"author":[{"embeddable":true,"href":"https:\/\/www.psib-psoe.org\/mallorca\/wp-json\/wp\/v2\/users\/4"}],"replies":[{"embeddable":true,"href":"https:\/\/www.psib-psoe.org\/mallorca\/wp-json\/wp\/v2\/comments?post=29960"}],"version-history":[{"count":1,"href":"https:\/\/www.psib-psoe.org\/mallorca\/wp-json\/wp\/v2\/posts\/29960\/revisions"}],"predecessor-version":[{"id":29962,"href":"https:\/\/www.psib-psoe.org\/mallorca\/wp-json\/wp\/v2\/posts\/29960\/revisions\/29962"}],"wp:featuredmedia":[{"embeddable":true,"href":"https:\/\/www.psib-psoe.org\/mallorca\/wp-json\/wp\/v2\/media\/29961"}],"wp:attachment":[{"href":"https:\/\/www.psib-psoe.org\/mallorca\/wp-json\/wp\/v2\/media?parent=29960"}],"wp:term":[{"taxonomy":"category","embeddable":true,"href":"https:\/\/www.psib-psoe.org\/mallorca\/wp-json\/wp\/v2\/categories?post=29960"},{"taxonomy":"post_tag","embeddable":true,"href":"https:\/\/www.psib-psoe.org\/mallorca\/wp-json\/wp\/v2\/tags?post=29960"}],"curies":[{"name":"wp","href":"https:\/\/api.w.org\/{rel}","templated":true}]}}