{"id":29963,"date":"2025-06-26T17:12:32","date_gmt":"2025-06-26T15:12:32","guid":{"rendered":"https:\/\/www.psib-psoe.org\/mallorca\/?p=29963"},"modified":"2025-06-26T17:12:45","modified_gmt":"2025-06-26T15:12:45","slug":"el-grup-socialista-demana-aclariments-al-conseller-dhisenda-i-funcio-publica-despres-de-saber-se-que-un-alt-carrec-del-seu-departament-sha-presentat-al-concurs-oposicio-per-a-ser-fu","status":"publish","type":"post","link":"https:\/\/www.psib-psoe.org\/mallorca\/el-grup-socialista-demana-aclariments-al-conseller-dhisenda-i-funcio-publica-despres-de-saber-se-que-un-alt-carrec-del-seu-departament-sha-presentat-al-concurs-oposicio-per-a-ser-fu\/","title":{"rendered":"El Grup Socialista demana aclariments al conseller d\u2019Hisenda i Funci\u00f3 P\u00fablica, despr\u00e9s de saber-se que un alt c\u00e0rrec del seu departament s\u2019ha presentat al concurs-oposici\u00f3 per a ser funcionari del Consell."},"content":{"rendered":"<div class=\"wpb-content-wrapper\"><div class=\"wp-block-image\">\n<figure class=\"aligncenter size-full\"><img loading=\"lazy\" decoding=\"async\" width=\"2560\" height=\"1920\" src=\"http:\/\/www.psib-psoe.org\/mallorca\/wp-content\/uploads\/Grup-ple-1-scaled.jpeg\" alt=\"\" class=\"wp-image-29602\" srcset=\"https:\/\/www.psib-psoe.org\/mallorca\/wp-content\/uploads\/Grup-ple-1-scaled.jpeg 2560w, https:\/\/www.psib-psoe.org\/mallorca\/wp-content\/uploads\/Grup-ple-1-300x225.jpeg 300w, https:\/\/www.psib-psoe.org\/mallorca\/wp-content\/uploads\/Grup-ple-1-1024x768.jpeg 1024w, https:\/\/www.psib-psoe.org\/mallorca\/wp-content\/uploads\/Grup-ple-1-768x576.jpeg 768w, https:\/\/www.psib-psoe.org\/mallorca\/wp-content\/uploads\/Grup-ple-1-1536x1152.jpeg 1536w, https:\/\/www.psib-psoe.org\/mallorca\/wp-content\/uploads\/Grup-ple-1-2048x1536.jpeg 2048w, https:\/\/www.psib-psoe.org\/mallorca\/wp-content\/uploads\/Grup-ple-1-150x113.jpeg 150w, https:\/\/www.psib-psoe.org\/mallorca\/wp-content\/uploads\/Grup-ple-1-600x450.jpeg 600w, https:\/\/www.psib-psoe.org\/mallorca\/wp-content\/uploads\/Grup-ple-1-900x675.jpeg 900w, https:\/\/www.psib-psoe.org\/mallorca\/wp-content\/uploads\/Grup-ple-1-20x16.jpeg 20w\" sizes=\"(max-width: 2560px) 100vw, 2560px\" \/><\/figure><\/div>\n\n<p>Segons informacions publicades, el secretari t\u00e8cnic del departament d\u2019Hisenda del Consell, Antoni Ferragut, ha concorregut a les proves per una pla\u00e7a de funcionari del mateix Consell de Mallorca. La iniciativa del Grup Socialista demana al conseller responsable del departament, Rafel Bosch, aclariments pels fets.<\/p>\n\n\n[vc_row][vc_column][vc_column_text]\n<p>El secretari t\u00e8cnic del departament d\u2019Hisenda i Funci\u00f3 P\u00fablica, Antoni Ferragut, participa en el proc\u00e9s obert de concurs oposici\u00f3 per a una pla\u00e7a de t\u00e8cnic de l\u2019administraci\u00f3 general per al mateix Consell de Mallorca. Aix\u00ed s\u2019ha conegut a trav\u00e9s dels mitjans de comunicaci\u00f3, un fet que causa estranyesa en ser Ferragut el secretari t\u00e8cnic del mateix departament que organitza i controla tots els procediments d\u2019oposicions al Consell. Ferragut, alt c\u00e0rrec de designaci\u00f3 pol\u00edtica i per tant n\u00famero dos del departament d\u2019Hisenda i Funci\u00f3 P\u00fablica que dirigeix el conseller Rafael Bosch, ja ha complimentat la primera de les proves del proc\u00e9s, tot i que sembla evident que la seva condici\u00f3 no assegura l\u2019absoluta imparcialitat que ha de mantenir, precisament per la doble condici\u00f3 d\u2019alt c\u00e0rrec del departament que controla els ex\u00e0mens, els temaris i les convocat\u00f2ries, i ser al mateix temps opositor a funcionari de la mateixa instituci\u00f3.<\/p>\n<p>El Grup Socialista ha demanat al m\u00e0xim responsable del departament, Rafael Bosch, per con\u00e8ixer quin posicionament te l\u2019equip de govern sobre aquesta circumst\u00e0ncia personal d\u2019un dels alts c\u00e0rrecs de confian\u00e7a nomenats aquesta legislatura, i dels efectes que ha causat o que pot causar la seva pres\u00e8ncia entre la resta de persones inscrites en el proc\u00e9s selectiu. <\/p>\n<p>Ferragut \u00e9s regidor del PP a l\u2019oposici\u00f3 a l\u2019Ajuntament de Sencelles, i en fou candidat a la batlia a les darreres eleccions. Va ser nomenat secretari t\u00e8cnic d\u2019Hisenda del Consell a principi d\u2019aquesta legislatura, i els primers mesos de mandat va estar al costat de la consellera Pilar Bonet, qui va ser destitu\u00efda en relaci\u00f3 a suposats casos de malbaratament de cabals d\u2019una empresa privada. Ferragut, per\u00f2, va ser ratificat en el seu c\u00e0rrec que ha mantingut fins a dia d\u2019avui. M\u00e9s recentment Ferragut tamb\u00e9 s\u2019ha vist involucrat en la den\u00fancia practicada per la Fiscalia Anticorrupci\u00f3 de les Illes Balears en contra del batle de Selva, Joan Rotger (PP) per presumpta prevaricaci\u00f3 i malbaratament, en relaci\u00f3 a un expedient de compra d\u2019un solar municipal que podria per afavorir persones de confian\u00e7a de Rotger.  <\/p>\n[\/vc_column_text][\/vc_column][\/vc_row]\n<\/div>","protected":false},"excerpt":{"rendered":"Segons informacions publicades, el secretari t\u00e8cnic del departament d\u2019Hisenda del Consell, Antoni Ferragut, ha concorregut a les proves per una pla\u00e7a de funcionari del mateix Consell de Mallorca. La iniciativa del Grup Socialista demana al conseller responsable del departament, Rafel Bosch, aclariments pels fets. [vc_row][vc_column][vc_column_text] El secretari t\u00e8cnic del departament d\u2019Hisenda i Funci\u00f3 P\u00fablica, Antoni&hellip;","protected":false},"author":3,"featured_media":29602,"comment_status":"closed","ping_status":"closed","sticky":false,"template":"","format":"standard","meta":{"footnotes":""},"categories":[89,2,1,92],"tags":[218,343,362,447,546,105,83,77,226,483,504,296],"class_list":["post-29963","post","type-post","status-publish","format-standard","has-post-thumbnail","hentry","category-consell-de-mallorca","category-federacio-de-mallorca","category-federacio-de-mallorca-portada","category-portada","tag-amanda-fernandez","tag-andreu-serra","tag-ares-fernandez","tag-bea-gamundi","tag-biel-alomar","tag-catalina-cladera","tag-consell-de-mallorca","tag-federacio-socialista-de-mallorca","tag-javier-de-juan","tag-joan-ferrer","tag-juana-m-adrover","tag-sofia-alonso"],"_links":{"self":[{"href":"https:\/\/www.psib-psoe.org\/mallorca\/wp-json\/wp\/v2\/posts\/29963"}],"collection":[{"href":"https:\/\/www.psib-psoe.org\/mallorca\/wp-json\/wp\/v2\/posts"}],"about":[{"href":"https:\/\/www.psib-psoe.org\/mallorca\/wp-json\/wp\/v2\/types\/post"}],"author":[{"embeddable":true,"href":"https:\/\/www.psib-psoe.org\/mallorca\/wp-json\/wp\/v2\/users\/3"}],"replies":[{"embeddable":true,"href":"https:\/\/www.psib-psoe.org\/mallorca\/wp-json\/wp\/v2\/comments?post=29963"}],"version-history":[{"count":1,"href":"https:\/\/www.psib-psoe.org\/mallorca\/wp-json\/wp\/v2\/posts\/29963\/revisions"}],"predecessor-version":[{"id":29964,"href":"https:\/\/www.psib-psoe.org\/mallorca\/wp-json\/wp\/v2\/posts\/29963\/revisions\/29964"}],"wp:featuredmedia":[{"embeddable":true,"href":"https:\/\/www.psib-psoe.org\/mallorca\/wp-json\/wp\/v2\/media\/29602"}],"wp:attachment":[{"href":"https:\/\/www.psib-psoe.org\/mallorca\/wp-json\/wp\/v2\/media?parent=29963"}],"wp:term":[{"taxonomy":"category","embeddable":true,"href":"https:\/\/www.psib-psoe.org\/mallorca\/wp-json\/wp\/v2\/categories?post=29963"},{"taxonomy":"post_tag","embeddable":true,"href":"https:\/\/www.psib-psoe.org\/mallorca\/wp-json\/wp\/v2\/tags?post=29963"}],"curies":[{"name":"wp","href":"https:\/\/api.w.org\/{rel}","templated":true}]}}