{"id":29965,"date":"2025-06-27T11:59:23","date_gmt":"2025-06-27T09:59:23","guid":{"rendered":"https:\/\/www.psib-psoe.org\/mallorca\/el-psib-psoe-fa-una-crida-a-la-mobilitzacio-per-lorgull-lgtbi-que-enguany-coincideix-amb-la-commemoracio-del-20e-aniversari-de-laprovacio-del-matrimoni-igualitari\/"},"modified":"2025-06-27T11:59:23","modified_gmt":"2025-06-27T09:59:23","slug":"el-psib-psoe-fa-una-crida-a-la-mobilitzacio-per-lorgull-lgtbi-que-enguany-coincideix-amb-la-commemoracio-del-20e-aniversari-de-laprovacio-del-matrimoni-igualitari","status":"publish","type":"post","link":"https:\/\/www.psib-psoe.org\/mallorca\/el-psib-psoe-fa-una-crida-a-la-mobilitzacio-per-lorgull-lgtbi-que-enguany-coincideix-amb-la-commemoracio-del-20e-aniversari-de-laprovacio-del-matrimoni-igualitari\/","title":{"rendered":"El PSIB-PSOE fa una crida a la mobilitzaci\u00f3 per l\u2019Orgull LGTBI, que enguany coincideix amb la commemoraci\u00f3 del 20\u00e8 aniversari de l\u2019aprovaci\u00f3 del matrimoni igualitari"},"content":{"rendered":"<figure class=\"wp-block-image size-large\"><img loading=\"lazy\" decoding=\"async\" width=\"1000\" height=\"750\" src=\"https:\/\/www.psib-psoe.org\/wp-content\/uploads\/WhatsApp-Image-2025-06-27-at-11.53.54-1000x750.jpeg\" alt=\"\" class=\"wp-image-73218\" \/><\/figure>\n<p><a><\/a><em><u>Amanda Fern\u00e1ndez ha denunciat que Marga Prohens t\u00e9 la Llei LGTBI del 2016 amagada al calaix per no enfadar als seus socis d\u2019ultradreta.<\/u><\/em><\/p>\n<p>El PSIB-PSOE ha expressat el seu suport a l\u2019Orgull LGTBI 2025 amb el desplegament de la bandera de l\u2019arc de Sant Mart\u00ed a la seu del carrer Miracle de Palma, amb pres\u00e8ncia de c\u00e0rrecs org\u00e0nics i institucionals de la formaci\u00f3.<\/p>\n<p>Una commemoraci\u00f3 que enguany ve marcada pels vint anys de l\u2019aprovaci\u00f3 del matrimoni igualitari, la Llei Zerolo, amb el vot en contra del PP, gr\u00e0cies a la qual s\u2019han pogut celebrar m\u00e9s de 75.000 matrimonis entre persones del mateix sexe a tot el pa\u00eds, 3.000 d\u2019ells a les Illes Balears segons dades de l\u2019Institut Nacional d\u2019Estad\u00edstica.<\/p>\n<p>Precisament, la secret\u00e0ria general de la Federaci\u00f3 Socialista de Mallorca, Amanda Fern\u00e1ndez, ha destacat que \u201caquesta llei va ser el major avan\u00e7 legislatiu i social per a les persones LGTBI que ha tengut aquest pa\u00eds, i avui, 20 anys despr\u00e9s, ens toca reivindicar amb orgull la valentia de qui va decidir recon\u00e8ixer un dret fonamenta, guanyant a l\u2019odi, la repressi\u00f3, i l\u2019LGTBI-f\u00f2bia\u201d.<\/p>\n<p>La dirigent socialista ha considerat m\u00e9s necessari que mai refermar el suport al col\u00b7lectiu visibilitzar els seus drets i assolir reptes, perqu\u00e8 \u201chi continua havent agressions d\u2019LGTBI-f\u00f2bia, com hem vist aquests dies a Llucmajor, i continuen agredint a persones per la seva condici\u00f3 sexual o de g\u00e8nere\u201d. En aquest sentit, ha afegit que \u201cno basta amb condemnar els fets, s\u2019han de rebutjar i combatre, i no blanquejar-los, s\u2019ha d\u2019actuar\u201d.<\/p>\n<p>La millor eina per lluitar contra tot plegat \u00e9s la Llei LGTBI aprovada el 2016 pel Govern de Francina Armengol i que \u201cel Govern de Marga Prohens t\u00e9 amagada a un calaix per no enfadar els seus socis de Vox\u201d. Cal recordar que ja el 2023 es va decidir no penjar la bandera LGTBI al Parlament mentre es negociava el pacte entre PP i Vox, mentre que \u201cara veim com ajuntaments on governen el PP i l\u2019extrema dreta s\u2019invisibilitza el col\u00b7lectiu, s\u2019esborren passos de vianants i s\u2019eliminen els bancs pintats\u201d.<\/p>\n<p>Aix\u00ed les coses, Fern\u00e1ndez ha advertit que \u201cdavant aquesta passivitat, davant el silenci c\u00f2mplice del PP davant Vox, i mentre els discursos d\u2019odi condueixen a agressions d\u2019odi, sempre hi haur\u00e0 el Partit Socialista, com ja vam estar fa 20 anys amb el matrimoni igualitari, com fa 9 anys amb la Llei LGTBI auton\u00f2mica, i com ara al Congr\u00e9s, on s\u2019ha pr\u00e8s en consideraci\u00f3 una llei socialista per eliminar les ter\u00e0pies de reconversi\u00f3, amb penes de pres\u00f3 d\u2019entre sis mesos i dos anys per a qui apliqui o practiqui aquesta tortura, amb l\u2019\u00fanic vot en contra de Vox\u201d.<\/p>\n<p>Per tot plegat, la secret\u00e0ria general insular ha demanat una gran mobilitzaci\u00f3 per la manifestaci\u00f3, dem\u00e0, de l\u2019Orgull LGTBI, aix\u00ed com tamb\u00e9 per totes les activitats que organitzin les entitats del col\u00b7lectiu. El PSIB-PSOE, participar\u00e0 en les manifestacions que tenguin lloc a totes les illes.<\/p>\n<p>Source: Actualitat Fedaraci\u00f3 Mallorca<\/p>\n","protected":false},"excerpt":{"rendered":"<p>Amanda Fern\u00e1ndez ha denunciat que Marga Prohens t\u00e9 la Llei LGTBI del 2016 amagada al calaix per no enfadar als seus socis d\u2019ultradreta. El PSIB-PSOE ha expressat el seu suport a l\u2019Orgull LGTBI 2025 amb el desplegament de la bandera de l\u2019arc de Sant Mart\u00ed a la seu del carrer Miracle de Palma, amb pres\u00e8ncia&hellip;<\/p>\n","protected":false},"author":1,"featured_media":29966,"comment_status":"false","ping_status":"closed","sticky":false,"template":"","format":"standard","meta":{"footnotes":""},"categories":[2],"tags":[77],"class_list":["post-29965","post","type-post","status-publish","format-standard","has-post-thumbnail","hentry","category-federacio-de-mallorca","tag-federacio-socialista-de-mallorca"],"_links":{"self":[{"href":"https:\/\/www.psib-psoe.org\/mallorca\/wp-json\/wp\/v2\/posts\/29965"}],"collection":[{"href":"https:\/\/www.psib-psoe.org\/mallorca\/wp-json\/wp\/v2\/posts"}],"about":[{"href":"https:\/\/www.psib-psoe.org\/mallorca\/wp-json\/wp\/v2\/types\/post"}],"author":[{"embeddable":true,"href":"https:\/\/www.psib-psoe.org\/mallorca\/wp-json\/wp\/v2\/users\/1"}],"replies":[{"embeddable":true,"href":"https:\/\/www.psib-psoe.org\/mallorca\/wp-json\/wp\/v2\/comments?post=29965"}],"version-history":[{"count":0,"href":"https:\/\/www.psib-psoe.org\/mallorca\/wp-json\/wp\/v2\/posts\/29965\/revisions"}],"wp:featuredmedia":[{"embeddable":true,"href":"https:\/\/www.psib-psoe.org\/mallorca\/wp-json\/wp\/v2\/media\/29966"}],"wp:attachment":[{"href":"https:\/\/www.psib-psoe.org\/mallorca\/wp-json\/wp\/v2\/media?parent=29965"}],"wp:term":[{"taxonomy":"category","embeddable":true,"href":"https:\/\/www.psib-psoe.org\/mallorca\/wp-json\/wp\/v2\/categories?post=29965"},{"taxonomy":"post_tag","embeddable":true,"href":"https:\/\/www.psib-psoe.org\/mallorca\/wp-json\/wp\/v2\/tags?post=29965"}],"curies":[{"name":"wp","href":"https:\/\/api.w.org\/{rel}","templated":true}]}}