{"id":29967,"date":"2025-06-27T14:12:57","date_gmt":"2025-06-27T12:12:57","guid":{"rendered":"https:\/\/www.psib-psoe.org\/mallorca\/?p=29967"},"modified":"2025-06-27T14:13:09","modified_gmt":"2025-06-27T12:13:09","slug":"el-financament-de-lestat-per-mallorca-sincrementa-un-13-per-enguany","status":"publish","type":"post","link":"https:\/\/www.psib-psoe.org\/mallorca\/el-financament-de-lestat-per-mallorca-sincrementa-un-13-per-enguany\/","title":{"rendered":"El finan\u00e7ament de l\u2019Estat per Mallorca s\u2019incrementa un 13% per enguany."},"content":{"rendered":"<div class=\"wpb-content-wrapper\"><div class=\"wp-block-image\">\n<figure class=\"aligncenter size-full\"><img loading=\"lazy\" decoding=\"async\" width=\"1170\" height=\"632\" src=\"https:\/\/www.psib-psoe.org\/mallorca\/wp-content\/uploads\/Catalina-decles.jpeg\" alt=\"\" class=\"wp-image-29968\" srcset=\"https:\/\/www.psib-psoe.org\/mallorca\/wp-content\/uploads\/Catalina-decles.jpeg 1170w, https:\/\/www.psib-psoe.org\/mallorca\/wp-content\/uploads\/Catalina-decles-300x162.jpeg 300w, https:\/\/www.psib-psoe.org\/mallorca\/wp-content\/uploads\/Catalina-decles-1024x553.jpeg 1024w, https:\/\/www.psib-psoe.org\/mallorca\/wp-content\/uploads\/Catalina-decles-768x415.jpeg 768w, https:\/\/www.psib-psoe.org\/mallorca\/wp-content\/uploads\/Catalina-decles-20x11.jpeg 20w, https:\/\/www.psib-psoe.org\/mallorca\/wp-content\/uploads\/Catalina-decles-150x81.jpeg 150w, https:\/\/www.psib-psoe.org\/mallorca\/wp-content\/uploads\/Catalina-decles-600x324.jpeg 600w, https:\/\/www.psib-psoe.org\/mallorca\/wp-content\/uploads\/Catalina-decles-900x486.jpeg 900w\" sizes=\"(max-width: 1170px) 100vw, 1170px\" \/><\/figure><\/div>\n\n<p>Els lliuraments a compte del Sistema de Finan\u00e7ament per al Consell de Mallorca arriben als 154,8 milions d\u2019euros, mentre que els de 2024 van ser de 136,6 milions. Des de l\u2019inici de la legislatura l\u2019increment de la transfer\u00e8ncia de recursos de l\u2019Estat cap al Consell de Mallorca s\u2019ha incrementat en un 20%, i contrasta amb la davallada del finan\u00e7ament que arriba per via de la Comunitat Aut\u00f2noma.<\/p>\n\n\n[vc_row][vc_column][vc_column_text]\n<p>El Govern de l\u2019Estat ha anunciat la liquidaci\u00f3 dels lliurament a compte del sistema de finan\u00e7ament per al Consell de Mallorca, per un total de 154,8 milions d\u2019euros, una quantitat que supera en un 13% la consignada en 2024, i en un 20% en la de 2023. Contrasta aquest increment amb la davallada real de l\u2019aportaci\u00f3 del Govern al Consell de Mallorca per 2025, xifrada en 26 milions d\u2019euros, que Prohens i Galm\u00e9s van intentar maquillar amb un conveni finalista per finan\u00e7ar obres de carreteres. \u201cEn el seu moment ja vam anunciar que les xifres del pressupost 2025 del Consell de Mallorca era una m\u00e9s de les mentides de Galm\u00e9s, el seu modus operandi preferit com a president\u201d, ha afirmat la portaveu socialista, Catalina Cladera.  <\/p>\n<p>En canvi, l\u2019administraci\u00f3 que ha perm\u00e8s l\u2019increment de recursos del Consell de Mallorca ha estat el Govern de l\u2019Estat, qui amb el seu comprom\u00eds ha perm\u00e8s fer realitat, entre d\u2019altres, l\u2019anunci de l\u2019increment d\u2019un 20% de l\u2019aportaci\u00f3 del Consell de Mallorca als municipis per a finan\u00e7ar els Serveis Comunitaris B\u00e0sics que s\u2019han signat aquesta mateixa setmana pels pr\u00f2xims 3 anys. \u201cProhens retalla a Mallorca mentre que Pedro S\u00e1nchez n\u2019incrementa els recursos, aquesta \u00e9s la realitat encara que les mentides de Galm\u00e9s i la seva propaganda ho vulguin negar\u201d. <\/p>\n<p>La situaci\u00f3 pol\u00edtica d\u2019inestabilitat entre el PP i els seus socis ultres al Parlament ha impedit fins a la data l\u2019aprovaci\u00f3 del Pressupost CAIB 2025, i per tant, tamb\u00e9 ha quedat susp\u00e8s el compliment del conveni i l\u2019aportaci\u00f3 dels 30 milions d\u2019euros per a posar m\u00e9s asfalt a Mallorca. \u201cHa quedat al descobert la trampa de Galm\u00e9s als Pressupostos de 2025, quan va anunciar un increment en la transfer\u00e8ncia de recursos del Govern de Prohens, quan en realitat ha estat el contrari\u201d, ha afirmat Cladera. Sense aquesta \u201ctrampa\u201d el relat incrementalista de Galm\u00e9s pels pressupostos del Consell de Mallorca 2025 hagu\u00e9s estat impossible, amb un retroc\u00e9s de 26 milions d\u2019euros en l\u2019aportaci\u00f3 del govern de Prohens cap a Mallorca, i tenint en compte que tamb\u00e9 es va preveure una quantitat d\u2019ingressos de 24 milions d\u2019euros provinents d\u2019operacions de deute, el doble dels previstos en els pressupostos de 2024. <\/p>\n[\/vc_column_text][\/vc_column][\/vc_row]\n<\/div>","protected":false},"excerpt":{"rendered":"Els lliuraments a compte del Sistema de Finan\u00e7ament per al Consell de Mallorca arriben als 154,8 milions d\u2019euros, mentre que els de 2024 van ser de 136,6 milions. Des de l\u2019inici de la legislatura l\u2019increment de la transfer\u00e8ncia de recursos de l\u2019Estat cap al Consell de Mallorca s\u2019ha incrementat en un 20%, i contrasta amb&hellip;","protected":false},"author":3,"featured_media":29968,"comment_status":"closed","ping_status":"closed","sticky":false,"template":"","format":"standard","meta":{"footnotes":""},"categories":[89,2,1,92],"tags":[218,343,362,447,546,105,83,77,226,483,504,296],"class_list":["post-29967","post","type-post","status-publish","format-standard","has-post-thumbnail","hentry","category-consell-de-mallorca","category-federacio-de-mallorca","category-federacio-de-mallorca-portada","category-portada","tag-amanda-fernandez","tag-andreu-serra","tag-ares-fernandez","tag-bea-gamundi","tag-biel-alomar","tag-catalina-cladera","tag-consell-de-mallorca","tag-federacio-socialista-de-mallorca","tag-javier-de-juan","tag-joan-ferrer","tag-juana-m-adrover","tag-sofia-alonso"],"_links":{"self":[{"href":"https:\/\/www.psib-psoe.org\/mallorca\/wp-json\/wp\/v2\/posts\/29967"}],"collection":[{"href":"https:\/\/www.psib-psoe.org\/mallorca\/wp-json\/wp\/v2\/posts"}],"about":[{"href":"https:\/\/www.psib-psoe.org\/mallorca\/wp-json\/wp\/v2\/types\/post"}],"author":[{"embeddable":true,"href":"https:\/\/www.psib-psoe.org\/mallorca\/wp-json\/wp\/v2\/users\/3"}],"replies":[{"embeddable":true,"href":"https:\/\/www.psib-psoe.org\/mallorca\/wp-json\/wp\/v2\/comments?post=29967"}],"version-history":[{"count":1,"href":"https:\/\/www.psib-psoe.org\/mallorca\/wp-json\/wp\/v2\/posts\/29967\/revisions"}],"predecessor-version":[{"id":29969,"href":"https:\/\/www.psib-psoe.org\/mallorca\/wp-json\/wp\/v2\/posts\/29967\/revisions\/29969"}],"wp:featuredmedia":[{"embeddable":true,"href":"https:\/\/www.psib-psoe.org\/mallorca\/wp-json\/wp\/v2\/media\/29968"}],"wp:attachment":[{"href":"https:\/\/www.psib-psoe.org\/mallorca\/wp-json\/wp\/v2\/media?parent=29967"}],"wp:term":[{"taxonomy":"category","embeddable":true,"href":"https:\/\/www.psib-psoe.org\/mallorca\/wp-json\/wp\/v2\/categories?post=29967"},{"taxonomy":"post_tag","embeddable":true,"href":"https:\/\/www.psib-psoe.org\/mallorca\/wp-json\/wp\/v2\/tags?post=29967"}],"curies":[{"name":"wp","href":"https:\/\/api.w.org\/{rel}","templated":true}]}}