{"id":29971,"date":"2025-06-28T12:52:09","date_gmt":"2025-06-28T10:52:09","guid":{"rendered":"https:\/\/www.psib-psoe.org\/mallorca\/?p=29971"},"modified":"2025-06-28T12:52:20","modified_gmt":"2025-06-28T10:52:20","slug":"el-psib-psoe-pren-la-iniciativa-per-salvar-la-serra-de-tramuntana-davant-els-atacs-especuladors-del-govern-de-prohens-i-el-silenci-de-galmes","status":"publish","type":"post","link":"https:\/\/www.psib-psoe.org\/mallorca\/el-psib-psoe-pren-la-iniciativa-per-salvar-la-serra-de-tramuntana-davant-els-atacs-especuladors-del-govern-de-prohens-i-el-silenci-de-galmes\/","title":{"rendered":"El PSIB-PSOE pren la iniciativa per \u201csalvar la Serra de Tramuntana\u201d davant els atacs especuladors del Govern de Prohens i el silenci de Galm\u00e9s."},"content":{"rendered":"<div class=\"wpb-content-wrapper\">\n<p><\/p>\n\n\n\n<p><\/p>\n\n\n<div class=\"wp-block-image\">\n<figure class=\"aligncenter size-full\"><img loading=\"lazy\" decoding=\"async\" width=\"1600\" height=\"1132\" src=\"https:\/\/www.psib-psoe.org\/mallorca\/wp-content\/uploads\/Salvem-la-Serra-2.jpeg\" alt=\"\" class=\"wp-image-29972\" srcset=\"https:\/\/www.psib-psoe.org\/mallorca\/wp-content\/uploads\/Salvem-la-Serra-2.jpeg 1600w, https:\/\/www.psib-psoe.org\/mallorca\/wp-content\/uploads\/Salvem-la-Serra-2-300x212.jpeg 300w, https:\/\/www.psib-psoe.org\/mallorca\/wp-content\/uploads\/Salvem-la-Serra-2-1024x724.jpeg 1024w, https:\/\/www.psib-psoe.org\/mallorca\/wp-content\/uploads\/Salvem-la-Serra-2-768x543.jpeg 768w, https:\/\/www.psib-psoe.org\/mallorca\/wp-content\/uploads\/Salvem-la-Serra-2-1536x1087.jpeg 1536w, https:\/\/www.psib-psoe.org\/mallorca\/wp-content\/uploads\/Salvem-la-Serra-2-150x106.jpeg 150w, https:\/\/www.psib-psoe.org\/mallorca\/wp-content\/uploads\/Salvem-la-Serra-2-600x425.jpeg 600w, https:\/\/www.psib-psoe.org\/mallorca\/wp-content\/uploads\/Salvem-la-Serra-2-900x637.jpeg 900w, https:\/\/www.psib-psoe.org\/mallorca\/wp-content\/uploads\/Salvem-la-Serra-2-20x13.jpeg 20w\" sizes=\"(max-width: 1600px) 100vw, 1600px\" \/><\/figure><\/div>\n\n<p>Les Agrupacions Socialistes dels municipis inclosos dins la Serra de Tramuntana es reuneixen per rebutjar la norma que permetr\u00e0 legalitzar els edificis i els usos a s\u00f2l r\u00fastic protegit de la Serra de Tramuntana. La secret\u00e0ria general de la Federaci\u00f3 Socialista de Mallorca, Amanda Fern\u00e0ndez, anuncia mocions a tots els ajuntaments per oposar-se a la \u201cbarbaritat urban\u00edstica de Prohens\u201d, i en la vig\u00edlia de la celebraci\u00f3 del 14 aniversari de la declaraci\u00f3 de la Serra com a patrimoni de la UNESCO, els socialistes \u201cfan una passa endavant per continuar protegint aquest paratge natural\u201d. <\/p>\n\n\n[vc_row][vc_column][vc_column_text]\n<p>El PSIB-PSOE ha manifestat aquest dissabte la seva alarma davant la \u201cbarbaritat urban\u00edstica comesa per Prohens, per autoritzar les legalitzacions d\u2019edificacions i usos il\u00b7legals dins del territori de la Serra de la Tramuntana. Aix\u00ed ho ha manifestat la secret\u00e0ria general de la FSM, Amanda Fern\u00e0ndez, a Puigpunyent, davant una vintena de regidors i regidores socialistes dels municipis de la Serra. \u201cEstem molt preocupats\u201d, ha dit\u201d, per que el missatge que envia el PP amb els seus decrets urban\u00edstics \u00e9s que es pot construir all\u00e0 a on vulguis, que el PP despr\u00e9s ja t\u2019ho arreglar\u00e0, fins i tot a les \u00e0rees d\u2019exclusi\u00f3 (d\u2019alta protecci\u00f3)\u201d.<\/p>\n<p>A la reuni\u00f3 tamb\u00e9 hi ha participat Catalina Cladera, portaveu del Grup Socialista al Consell de Mallorca, Mercedes Garrido i Jaume Mateu, secretaris de Coordinaci\u00f3 i RRPP, i de Mobilitat i Territori del PSIB-PSOE respectivament, i Miquel Vadell, secretari d\u2019Habitatge i Territori de la FSM.<\/p>\n<p>\u201cProhens ha deixat clar que totes les illes estan en venda\u201d, ha criticat Fern\u00e0ndez, just un dia abans que es compleixin 14 anys que la Unesco va declarar la Serra de Tramuntana de Mallorca com a Patrimoni de la Humanitat. \u201cEls socialistes, al capdavant de tota la societat, vam aconseguir aquesta declaraci\u00f3\u201d, ha recordat Fern\u00e0ndez, i ara nosaltres volem continuar protegint la Serra\u201d.  <\/p>\n<p>Amb aquest objectiu, tots els grups municipals socialistes de Mallorca presentaran mocions a cada ajuntament amb l\u2019objectiu de denunciar la situaci\u00f3 de desprotecci\u00f3 urban\u00edstica creada a tot el territori. \u201cEl PP especula cada cop que governa, i atorga als especuladors drets de construcci\u00f3 que despr\u00e9s els governs de progr\u00e9s hem d\u2019aturar, i aix\u00f2 provoca l\u2019enriquiment d\u2019uns pocs, i l\u2019empobriment de les arques p\u00fabliques\u201d, ha dit la secret\u00e0ria general dels socialistes de Mallorca. \u201cEls socialistes aturarem tot aix\u00f2 quan governem, a partir de 2027\u201d.<\/p>\n<p>Des del PSIB-PSOE es fa una crida a una defensa f\u00e8rria de la Serra, i de la resta de Mallorca. \u201c\u00c9s la protecci\u00f3 de la Serra la que ha d\u2019ampliar-se a la resta de Mallorca, i no al contrari\u201d, ha dit Fern\u00e0ndez, qui a m\u00e9s ha destacat que la nova normativa de Prohens a nivell de tota Mallorca permet construir en zones rurals dels municipis abans que s\u2019hagin esgotat els urbanitzables, fet que provocar\u00e0 \u201ctaques urbanitzades\u201d en el fora vila, sense continu\u00eftat amb la resta de la trama urbana. <\/p>\n<p>Fern\u00e1ndez ha atacat que el govern de Prohens cerqui la \u201cfalsa excusa de l\u2019emerg\u00e8ncia habitacional\u201d per a permetre aquest nivell especulador \u201cque no afavoreix construir cases de preu raonable per a la classe mitjana i treballadora de Mallorca, per que pisos de 350.000 euros no s\u00f3n assequibles per a la gent d\u2019aqu\u00ed; ens convertirem en la segona resid\u00e8ncia dels rics d\u2019Europa\u201d. <\/p>\n<p>Fern\u00e0ndez ha acabat per assenyalar \u201cel rid\u00edcul m\u00e9s gran de Galm\u00e9s\u201d en aquest tema, ja que el Consell de Mallorca disposa de compet\u00e8ncies plenes en ordenaci\u00f3 del territori, i encara \u00e9s l\u2019hora que s\u2019hagi escoltat un pronunciament sobre el tema, m\u00e9s encara quan la instituci\u00f3 insular prepara un nou esborrany d\u2019una Llei de la Serra de Tramuntana, despr\u00e9s que deliberadament aparqu\u00e9s un projecte ja fet i votat pel Consell de Mallorca durant la passada legislatura. \u201cDavant del silenci de Galm\u00e9s, davant de les grues  destructores de Prohens, els i les socialistes, amb la gent de la Serra, defensem el territori, per que la Serra no es toca i qui estima Mallorca no la destrueix\u201d.<\/p>\n[\/vc_column_text][\/vc_column][\/vc_row]\n\n\n\n<p><\/p>\n\n\n\n<figure class=\"wp-block-audio\"><audio controls src=\"https:\/\/www.psib-psoe.org\/mallorca\/wp-content\/uploads\/280625_Amanda-Fernandez-Serra-de-Tramuntana.mp3\"><\/audio><\/figure>\n<\/div>","protected":false},"excerpt":{"rendered":"Les Agrupacions Socialistes dels municipis inclosos dins la Serra de Tramuntana es reuneixen per rebutjar la norma que permetr\u00e0 legalitzar els edificis i els usos a s\u00f2l r\u00fastic protegit de la Serra de Tramuntana. La secret\u00e0ria general de la Federaci\u00f3 Socialista de Mallorca, Amanda Fern\u00e0ndez, anuncia mocions a tots els ajuntaments per oposar-se a la&hellip;","protected":false},"author":3,"featured_media":29972,"comment_status":"closed","ping_status":"closed","sticky":false,"template":"","format":"standard","meta":{"footnotes":""},"categories":[2,1,90,92],"tags":[218,362,105,83,77,186,104,621,263,296],"class_list":["post-29971","post","type-post","status-publish","format-standard","has-post-thumbnail","hentry","category-federacio-de-mallorca","category-federacio-de-mallorca-portada","category-municipis","category-portada","tag-amanda-fernandez","tag-ares-fernandez","tag-catalina-cladera","tag-consell-de-mallorca","tag-federacio-socialista-de-mallorca","tag-jaume-mateu","tag-mercedes-garrido","tag-miquel-vadell","tag-socialistes-de-puigpunyent","tag-sofia-alonso"],"_links":{"self":[{"href":"https:\/\/www.psib-psoe.org\/mallorca\/wp-json\/wp\/v2\/posts\/29971"}],"collection":[{"href":"https:\/\/www.psib-psoe.org\/mallorca\/wp-json\/wp\/v2\/posts"}],"about":[{"href":"https:\/\/www.psib-psoe.org\/mallorca\/wp-json\/wp\/v2\/types\/post"}],"author":[{"embeddable":true,"href":"https:\/\/www.psib-psoe.org\/mallorca\/wp-json\/wp\/v2\/users\/3"}],"replies":[{"embeddable":true,"href":"https:\/\/www.psib-psoe.org\/mallorca\/wp-json\/wp\/v2\/comments?post=29971"}],"version-history":[{"count":1,"href":"https:\/\/www.psib-psoe.org\/mallorca\/wp-json\/wp\/v2\/posts\/29971\/revisions"}],"predecessor-version":[{"id":29975,"href":"https:\/\/www.psib-psoe.org\/mallorca\/wp-json\/wp\/v2\/posts\/29971\/revisions\/29975"}],"wp:featuredmedia":[{"embeddable":true,"href":"https:\/\/www.psib-psoe.org\/mallorca\/wp-json\/wp\/v2\/media\/29972"}],"wp:attachment":[{"href":"https:\/\/www.psib-psoe.org\/mallorca\/wp-json\/wp\/v2\/media?parent=29971"}],"wp:term":[{"taxonomy":"category","embeddable":true,"href":"https:\/\/www.psib-psoe.org\/mallorca\/wp-json\/wp\/v2\/categories?post=29971"},{"taxonomy":"post_tag","embeddable":true,"href":"https:\/\/www.psib-psoe.org\/mallorca\/wp-json\/wp\/v2\/tags?post=29971"}],"curies":[{"name":"wp","href":"https:\/\/api.w.org\/{rel}","templated":true}]}}