{"id":29977,"date":"2025-06-30T13:25:16","date_gmt":"2025-06-30T11:25:16","guid":{"rendered":"https:\/\/www.psib-psoe.org\/mallorca\/?p=29977"},"modified":"2025-06-30T13:38:12","modified_gmt":"2025-06-30T11:38:12","slug":"inma-lopez-elegida-nova-secretaria-de-lagrupacio-socialista-de-ses-salines-colonia-de-san-jordi","status":"publish","type":"post","link":"https:\/\/www.psib-psoe.org\/mallorca\/inma-lopez-elegida-nova-secretaria-de-lagrupacio-socialista-de-ses-salines-colonia-de-san-jordi\/","title":{"rendered":"Inma L\u00f3pez elegida nova secret\u00e0ria general de l\u2019Agrupaci\u00f3 Socialista de Ses Salines-Col\u00f2nia de San Jordi"},"content":{"rendered":"<figure class=\"wp-block-image size-large\"><img loading=\"lazy\" decoding=\"async\" class=\"alignnone wp-image-29978 size-full\" src=\"http:\/\/www.psib-psoe.org\/mallorca\/wp-content\/uploads\/300625_Foto-Grup-PSIB-PSOE-Ses-Salines.jpeg\" alt=\"\" width=\"1600\" height=\"1200\" srcset=\"https:\/\/www.psib-psoe.org\/mallorca\/wp-content\/uploads\/300625_Foto-Grup-PSIB-PSOE-Ses-Salines.jpeg 1600w, https:\/\/www.psib-psoe.org\/mallorca\/wp-content\/uploads\/300625_Foto-Grup-PSIB-PSOE-Ses-Salines-300x225.jpeg 300w, https:\/\/www.psib-psoe.org\/mallorca\/wp-content\/uploads\/300625_Foto-Grup-PSIB-PSOE-Ses-Salines-1024x768.jpeg 1024w, https:\/\/www.psib-psoe.org\/mallorca\/wp-content\/uploads\/300625_Foto-Grup-PSIB-PSOE-Ses-Salines-768x576.jpeg 768w, https:\/\/www.psib-psoe.org\/mallorca\/wp-content\/uploads\/300625_Foto-Grup-PSIB-PSOE-Ses-Salines-1536x1152.jpeg 1536w, https:\/\/www.psib-psoe.org\/mallorca\/wp-content\/uploads\/300625_Foto-Grup-PSIB-PSOE-Ses-Salines-150x113.jpeg 150w, https:\/\/www.psib-psoe.org\/mallorca\/wp-content\/uploads\/300625_Foto-Grup-PSIB-PSOE-Ses-Salines-600x450.jpeg 600w, https:\/\/www.psib-psoe.org\/mallorca\/wp-content\/uploads\/300625_Foto-Grup-PSIB-PSOE-Ses-Salines-900x675.jpeg 900w, https:\/\/www.psib-psoe.org\/mallorca\/wp-content\/uploads\/300625_Foto-Grup-PSIB-PSOE-Ses-Salines-20x16.jpeg 20w\" sizes=\"(max-width: 1600px) 100vw, 1600px\" \/><\/figure>\n<p><em><u><i><span lang=\"CA\">Els socialistes de Ses Salines-Col\u00f2nia de Sant Jordi han renovat la seva Comissi\u00f3 Executiva amb Inma L\u00f3pez com a nova secret\u00e0ria general<\/span><\/i><\/u><\/em><\/p>\n<p>L\u2019Agrupaci\u00f3 Socialista de Ses Salines-Col\u00f2nia de Sant Jordi han presentat la seva nova comissi\u00f3 executiva amb Inma L\u00f3pez com a nova secret\u00e0ria general i Marina Ballester com a vicesecret\u00e0ria general i secret\u00e0ria d\u2019organitzaci\u00f3.<\/p>\n<p style=\"font-weight: 400;\">L\u00f3pez ha declarat que \u201ccreiem que es bon moment perqu\u00e8 les joves agafem el relleu i agafem el capdavant de l\u2019agrupaci\u00f3, per\u00f2 amb el suport de la veterania, ja que tenim molt per aprendre\u201d.<\/p>\n<p style=\"font-weight: 400;\">A m\u00e9s, la nova secret\u00e0ria general ha volgut donar les gr\u00e0cies a \u201cl\u2019executiva sortint per la seva feina feta, per\u00f2 fent una menci\u00f3 especial a n\u2019Antonia, mumare, per haver estirat de l\u2019agrupaci\u00f3 tots aquests anys\u201d.<\/p>\n<p style=\"font-weight: 400;\">La nova Comissi\u00f3 Executiva dels Socialistes de Ses Salines-Col\u00f2nia de Sant Jordi est\u00e0 composta per: Ant\u00f2nia Garcias (presidenta), Inma L\u00f3pez (secret\u00e0ria general), Marina Ballester (vicesecret\u00e0ria general i secret\u00e0ria d\u2019organitzaci\u00f3), Sebasti\u00e0 Burguera (secretari de pol\u00edtica municipal), Aina Ballester (secret\u00e0ria d\u2019igualtat) i Cosme Bonet (vocal).<\/p>\n<p style=\"font-weight: 400;\">La secret\u00e0ria de coordinaci\u00f3 i relacions pol\u00edtiques del PSIB-PSOE, Mercedes Garrido i la secret\u00e0ria de coordinaci\u00f3 territorial, Paula Ginard, han participat en l\u2019assemblea de la presentaci\u00f3 de la nova Comissi\u00f3 Executiva dels Socialistes de Ses Salines-Col\u00f2nia de Sant Jordi.<\/p>\n\n\n<p><\/p>\n","protected":false},"excerpt":{"rendered":"<p>Els socialistes de Ses Salines-Col\u00f2nia de Sant Jordi han renovat la seva Comissi\u00f3 Executiva amb Inma L\u00f3pez com a nova secret\u00e0ria general L\u2019Agrupaci\u00f3 Socialista de Ses Salines-Col\u00f2nia de Sant Jordi han presentat la seva nova comissi\u00f3 executiva amb Inma L\u00f3pez com a nova secret\u00e0ria general i Marina Ballester com a vicesecret\u00e0ria general i secret\u00e0ria d\u2019organitzaci\u00f3.&hellip;<\/p>\n","protected":false},"author":4,"featured_media":29978,"comment_status":"false","ping_status":"closed","sticky":false,"template":"","format":"standard","meta":{"footnotes":""},"categories":[2,1,90,92],"tags":[624,622,77,623,104,277,84,180],"class_list":["post-29977","post","type-post","status-publish","format-standard","has-post-thumbnail","hentry","category-federacio-de-mallorca","category-federacio-de-mallorca-portada","category-municipis","category-portada","tag-agrupacio-socialista-de-ses-salines-colonia-de-sant-jordi","tag-colonia-de-sant-jordi-2","tag-federacio-socialista-de-mallorca","tag-inma-lopez","tag-mercedes-garrido","tag-paula-ginard","tag-psib-psoe","tag-ses-salines"],"_links":{"self":[{"href":"https:\/\/www.psib-psoe.org\/mallorca\/wp-json\/wp\/v2\/posts\/29977"}],"collection":[{"href":"https:\/\/www.psib-psoe.org\/mallorca\/wp-json\/wp\/v2\/posts"}],"about":[{"href":"https:\/\/www.psib-psoe.org\/mallorca\/wp-json\/wp\/v2\/types\/post"}],"author":[{"embeddable":true,"href":"https:\/\/www.psib-psoe.org\/mallorca\/wp-json\/wp\/v2\/users\/4"}],"replies":[{"embeddable":true,"href":"https:\/\/www.psib-psoe.org\/mallorca\/wp-json\/wp\/v2\/comments?post=29977"}],"version-history":[{"count":2,"href":"https:\/\/www.psib-psoe.org\/mallorca\/wp-json\/wp\/v2\/posts\/29977\/revisions"}],"predecessor-version":[{"id":29980,"href":"https:\/\/www.psib-psoe.org\/mallorca\/wp-json\/wp\/v2\/posts\/29977\/revisions\/29980"}],"wp:featuredmedia":[{"embeddable":true,"href":"https:\/\/www.psib-psoe.org\/mallorca\/wp-json\/wp\/v2\/media\/29978"}],"wp:attachment":[{"href":"https:\/\/www.psib-psoe.org\/mallorca\/wp-json\/wp\/v2\/media?parent=29977"}],"wp:term":[{"taxonomy":"category","embeddable":true,"href":"https:\/\/www.psib-psoe.org\/mallorca\/wp-json\/wp\/v2\/categories?post=29977"},{"taxonomy":"post_tag","embeddable":true,"href":"https:\/\/www.psib-psoe.org\/mallorca\/wp-json\/wp\/v2\/tags?post=29977"}],"curies":[{"name":"wp","href":"https:\/\/api.w.org\/{rel}","templated":true}]}}