{"id":29981,"date":"2025-07-01T13:22:31","date_gmt":"2025-07-01T11:22:31","guid":{"rendered":"https:\/\/www.psib-psoe.org\/mallorca\/?p=29981"},"modified":"2025-07-01T13:22:42","modified_gmt":"2025-07-01T11:22:42","slug":"carles-bona-garcia-elegit-secretari-general-de-lagrupacio-socialista-de-bunyola","status":"publish","type":"post","link":"https:\/\/www.psib-psoe.org\/mallorca\/carles-bona-garcia-elegit-secretari-general-de-lagrupacio-socialista-de-bunyola\/","title":{"rendered":"Carles Bona Garcia, elegit secretari general de l\u2019Agrupaci\u00f3 Socialista de Bunyola."},"content":{"rendered":"\n<figure class=\"wp-block-image size-large\"><img loading=\"lazy\" decoding=\"async\" width=\"1024\" height=\"768\" src=\"https:\/\/www.psib-psoe.org\/mallorca\/wp-content\/uploads\/IMG-20250701-WA0049-1024x768.jpg\" alt=\"\" class=\"wp-image-29982\" srcset=\"https:\/\/www.psib-psoe.org\/mallorca\/wp-content\/uploads\/IMG-20250701-WA0049-1024x768.jpg 1024w, https:\/\/www.psib-psoe.org\/mallorca\/wp-content\/uploads\/IMG-20250701-WA0049-300x225.jpg 300w, https:\/\/www.psib-psoe.org\/mallorca\/wp-content\/uploads\/IMG-20250701-WA0049-768x576.jpg 768w, https:\/\/www.psib-psoe.org\/mallorca\/wp-content\/uploads\/IMG-20250701-WA0049-1536x1152.jpg 1536w, https:\/\/www.psib-psoe.org\/mallorca\/wp-content\/uploads\/IMG-20250701-WA0049-150x113.jpg 150w, https:\/\/www.psib-psoe.org\/mallorca\/wp-content\/uploads\/IMG-20250701-WA0049-600x450.jpg 600w, https:\/\/www.psib-psoe.org\/mallorca\/wp-content\/uploads\/IMG-20250701-WA0049-900x675.jpg 900w, https:\/\/www.psib-psoe.org\/mallorca\/wp-content\/uploads\/IMG-20250701-WA0049-20x16.jpg 20w, https:\/\/www.psib-psoe.org\/mallorca\/wp-content\/uploads\/IMG-20250701-WA0049.jpg 1600w\" sizes=\"(max-width: 1024px) 100vw, 1024px\" \/><\/figure>\n\n\n\n<p><em><u>L\u2019Assemblea de l\u2019Agrupaci\u00f3 Socialista de Bunyola ha elegit Carles Bona Garcia com a secretari general. El proc\u00e9s congressual dels socialistes de Mallorca arriba ara a la renovaci\u00f3 de les executives de totes les agrupacions. A Bunyola la llista de Carles Bona seguir\u00e0 liderant l\u2019Agrupaci\u00f3, aix\u00ed com els socialistes tamb\u00e9 mantenen el grup municipal a l\u2019oposici\u00f3 a l\u2019Ajuntament.<\/u><\/em><\/p>\n\n\n\n<p>El nou secretari general, Carles Bona Garcia, ha destacat la feina \u201cseriosa i rigorosa\u201d dels socialistes a l\u2019oposici\u00f3 a la Sala de Bunyola, en una legislatura marcada per la inestabilitat provocada per la ruptura del pacte del govern i les preocupants not\u00edcies que posen en dubte la gesti\u00f3 financera de l\u2019equip de govern. Davant de tot aix\u00f2, Bona lidera \u201cl\u2019alternativa de progr\u00e9s per Bunyola\u201d, amb una executiva \u201cs\u00f2lida i de consens\u201d, que dona suport a la feina \u201cen positiu\u201d que es fa des de l\u2019Agrupaci\u00f3 per a tot el poble.<\/p>\n\n\n\n<p>A la nova executiva, a banda de Bona, en destaquen els noms de Miquel Negre, com a president, Paca Orell, secret\u00e0ria d\u2019Organitzaci\u00f3, Jaume Font Cirer a la secretaria de Pol\u00edtica Municipal, i les vocalies de Maria Dolores Carballo, Aina Cirer i Maria Aguilar.<\/p>\n\n\n\n<p>La secret\u00e0ria general de la FSM, Amanda Fern\u00e0ndez, va encoratjar Bona i tot l\u2019equip dels Socialistes de Bunyola, a mantenir \u201cla fermesa i els valors socialistes al poble\u201d, per obtenir el favor de la majoria de la ciutadania \u201ccansada d\u2019inestabilitat i decisions pol\u00edtiques de l\u2019Ajuntament allunyades de l\u2019inter\u00e8s general dels bunyolins i bunyolines\u201d. El president de la Federaci\u00f3, Tolo Aguilar i el secretari d\u2019Organitzaci\u00f3, Ares Fern\u00e1ndez, tamb\u00e9 han estat presents a l\u2019acte de renovaci\u00f3 de l\u2019executiva de l\u2019Agrupaci\u00f3 de Bunyola. &nbsp;<\/p>\n\n\n\n<p>D\u2019altra banda, els Socialistes de Bunyola han desitjat una r\u00e0pida recuperaci\u00f3 a la batlessa de la localitat, Maria Ant\u00f2nia Serralta, ferida a resultes d\u2019un accident de circulaci\u00f3 el passat divendres.<\/p>\n","protected":false},"excerpt":{"rendered":"<p>L\u2019Assemblea de l\u2019Agrupaci\u00f3 Socialista de Bunyola ha elegit Carles Bona Garcia com a secretari general. El proc\u00e9s congressual dels socialistes de Mallorca arriba ara a la renovaci\u00f3 de les executives de totes les agrupacions. A Bunyola la llista de Carles Bona seguir\u00e0 liderant l\u2019Agrupaci\u00f3, aix\u00ed com els socialistes tamb\u00e9 mantenen el grup municipal a l\u2019oposici\u00f3&hellip;<\/p>\n","protected":false},"author":3,"featured_media":29982,"comment_status":"closed","ping_status":"closed","sticky":false,"template":"","format":"standard","meta":{"footnotes":""},"categories":[2,1,90,92],"tags":[218,362,249,77,565,351],"class_list":["post-29981","post","type-post","status-publish","format-standard","has-post-thumbnail","hentry","category-federacio-de-mallorca","category-federacio-de-mallorca-portada","category-municipis","category-portada","tag-amanda-fernandez","tag-ares-fernandez","tag-carles-bona","tag-federacio-socialista-de-mallorca","tag-paca-orell","tag-tolo-aguilar"],"_links":{"self":[{"href":"https:\/\/www.psib-psoe.org\/mallorca\/wp-json\/wp\/v2\/posts\/29981"}],"collection":[{"href":"https:\/\/www.psib-psoe.org\/mallorca\/wp-json\/wp\/v2\/posts"}],"about":[{"href":"https:\/\/www.psib-psoe.org\/mallorca\/wp-json\/wp\/v2\/types\/post"}],"author":[{"embeddable":true,"href":"https:\/\/www.psib-psoe.org\/mallorca\/wp-json\/wp\/v2\/users\/3"}],"replies":[{"embeddable":true,"href":"https:\/\/www.psib-psoe.org\/mallorca\/wp-json\/wp\/v2\/comments?post=29981"}],"version-history":[{"count":1,"href":"https:\/\/www.psib-psoe.org\/mallorca\/wp-json\/wp\/v2\/posts\/29981\/revisions"}],"predecessor-version":[{"id":29983,"href":"https:\/\/www.psib-psoe.org\/mallorca\/wp-json\/wp\/v2\/posts\/29981\/revisions\/29983"}],"wp:featuredmedia":[{"embeddable":true,"href":"https:\/\/www.psib-psoe.org\/mallorca\/wp-json\/wp\/v2\/media\/29982"}],"wp:attachment":[{"href":"https:\/\/www.psib-psoe.org\/mallorca\/wp-json\/wp\/v2\/media?parent=29981"}],"wp:term":[{"taxonomy":"category","embeddable":true,"href":"https:\/\/www.psib-psoe.org\/mallorca\/wp-json\/wp\/v2\/categories?post=29981"},{"taxonomy":"post_tag","embeddable":true,"href":"https:\/\/www.psib-psoe.org\/mallorca\/wp-json\/wp\/v2\/tags?post=29981"}],"curies":[{"name":"wp","href":"https:\/\/api.w.org\/{rel}","templated":true}]}}