{"id":29984,"date":"2025-07-01T14:25:12","date_gmt":"2025-07-01T12:25:12","guid":{"rendered":"https:\/\/www.psib-psoe.org\/mallorca\/?p=29984"},"modified":"2025-07-01T14:25:24","modified_gmt":"2025-07-01T12:25:24","slug":"pep-lluis-urraca-continuara-com-a-secretari-general-de-lagrupacio-socialista-de-santa-eugenia-2","status":"publish","type":"post","link":"https:\/\/www.psib-psoe.org\/mallorca\/pep-lluis-urraca-continuara-com-a-secretari-general-de-lagrupacio-socialista-de-santa-eugenia-2\/","title":{"rendered":"Pep Lluis Urraca continuar\u00e0 com a secretari general de l\u2019Agrupaci\u00f3 Socialista de Santa Eug\u00e8nia"},"content":{"rendered":"<figure class=\"wp-block-image size-large\"><img loading=\"lazy\" decoding=\"async\" class=\"alignnone wp-image-29985 size-full\" src=\"http:\/\/www.psib-psoe.org\/mallorca\/wp-content\/uploads\/010725_Nova-Executiva-Santa-Eugenia-scaled.jpeg\" alt=\"\" width=\"2560\" height=\"1920\" srcset=\"https:\/\/www.psib-psoe.org\/mallorca\/wp-content\/uploads\/010725_Nova-Executiva-Santa-Eugenia-scaled.jpeg 2560w, https:\/\/www.psib-psoe.org\/mallorca\/wp-content\/uploads\/010725_Nova-Executiva-Santa-Eugenia-300x225.jpeg 300w, https:\/\/www.psib-psoe.org\/mallorca\/wp-content\/uploads\/010725_Nova-Executiva-Santa-Eugenia-1024x768.jpeg 1024w, https:\/\/www.psib-psoe.org\/mallorca\/wp-content\/uploads\/010725_Nova-Executiva-Santa-Eugenia-768x576.jpeg 768w, https:\/\/www.psib-psoe.org\/mallorca\/wp-content\/uploads\/010725_Nova-Executiva-Santa-Eugenia-1536x1152.jpeg 1536w, https:\/\/www.psib-psoe.org\/mallorca\/wp-content\/uploads\/010725_Nova-Executiva-Santa-Eugenia-2048x1536.jpeg 2048w, https:\/\/www.psib-psoe.org\/mallorca\/wp-content\/uploads\/010725_Nova-Executiva-Santa-Eugenia-150x113.jpeg 150w, https:\/\/www.psib-psoe.org\/mallorca\/wp-content\/uploads\/010725_Nova-Executiva-Santa-Eugenia-600x450.jpeg 600w, https:\/\/www.psib-psoe.org\/mallorca\/wp-content\/uploads\/010725_Nova-Executiva-Santa-Eugenia-900x675.jpeg 900w, https:\/\/www.psib-psoe.org\/mallorca\/wp-content\/uploads\/010725_Nova-Executiva-Santa-Eugenia-20x16.jpeg 20w\" sizes=\"(max-width: 2560px) 100vw, 2560px\" \/><\/figure>\n<p><em><u>Joana Ayarte acompanyar\u00e0 a Urraca com a secret\u00e0ria d\u2019organitzaci\u00f3 de l\u2019Agrupaci\u00f3<\/u><\/em><\/p>\n<p style=\"font-weight: 400;\">L\u2019Agrupaci\u00f3 Socialista de Santa Eug\u00e8nia ha presentat la seva nova comissi\u00f3 executiva on Pep Lluis Urraca seguir\u00e0 al capdavant com a secretari general de l\u2019Agrupaci\u00f3, Joana Ayrate ser\u00e0 la secret\u00e0ria d\u2019organitzaci\u00f3.<\/p>\n<p style=\"font-weight: 400;\">Urraca ha comen\u00e7at el seu discurs agraint a tots els militants i simpatitzants de l\u2019agrupaci\u00f3 \u201cel seu suport i, entre tots i totes, fer cr\u00e9ixer el projecte socialista a Santa Eug\u00e8nia\u201d.<\/p>\n<p style=\"font-weight: 400;\">Sobre els objectius, el secretari general i batle de Santa Eug\u00e8nia, ha destacat que \u201cvolem continuar millorant les infraestructures del nostre poble com, per exemple, l\u2019ampliaci\u00f3 de l\u2019escoleta\u201d.<\/p>\n<p style=\"font-weight: 400;\">Urraca ha afegit que \u201ccontinuarem apostant per la dotaci\u00f3 d\u2019energia verda al municipi amb la instal\u00b7laci\u00f3 de m\u00e9s plaques solar. Tamb\u00e9 instal\u00b7larem m\u00e9s zones d\u2019ombratge, coneguts com petits refugis clim\u00e0tics\u201d.<\/p>\n<p style=\"font-weight: 400;\">La nova Comissi\u00f3 Executiva dels Socialistes de Santa Eug\u00e8nia est\u00e0 composta per: Pep Lluis Urraca (secretari general), Joana Ayarte (secret\u00e0ria d\u2019organitzaci\u00f3), Arnau Miralles (secretari de pol\u00edtica municipal), Catalina Coll (secret\u00e0ria de benestar social, salut i gent gran), Maria dels \u00c0ngels Pujol (secret\u00e0ria d\u2019igualtat i hisenda) i Miquel \u00c0ngel Coll (secretari de comunicaci\u00f3).<\/p>\n<p style=\"font-weight: 400;\">El vicesecretari general de la Federaci\u00f3 Socialista de Mallorca, Miquel Cabot, va participar en l\u2019assemblea de l\u2019Agrupaci\u00f3 Socialista de Santa Eug\u00e8nia destacant \u201cel bon estat de salut de l\u2019agrupaci\u00f3 i el seu creixement en els darrers anys\u201d.<\/p>\n\n\n<p><\/p>\n","protected":false},"excerpt":{"rendered":"<p>Joana Ayarte acompanyar\u00e0 a Urraca com a secret\u00e0ria d\u2019organitzaci\u00f3 de l\u2019Agrupaci\u00f3 L\u2019Agrupaci\u00f3 Socialista de Santa Eug\u00e8nia ha presentat la seva nova comissi\u00f3 executiva on Pep Lluis Urraca seguir\u00e0 al capdavant com a secretari general de l\u2019Agrupaci\u00f3, Joana Ayrate ser\u00e0 la secret\u00e0ria d\u2019organitzaci\u00f3. Urraca ha comen\u00e7at el seu discurs agraint a tots els militants i simpatitzants&hellip;<\/p>\n","protected":false},"author":4,"featured_media":29985,"comment_status":"false","ping_status":"closed","sticky":false,"template":"","format":"standard","meta":{"footnotes":""},"categories":[2,1,90,92],"tags":[77,104,100,625,84,287,289,626],"class_list":["post-29984","post","type-post","status-publish","format-standard","has-post-thumbnail","hentry","category-federacio-de-mallorca","category-federacio-de-mallorca-portada","category-municipis","category-portada","tag-federacio-socialista-de-mallorca","tag-mercedes-garrido","tag-miquel-cabot","tag-pep-lluis-urraca-2","tag-psib-psoe","tag-santa-eugenia","tag-socialistes-de-santa-eugenia","tag-taujans"],"_links":{"self":[{"href":"https:\/\/www.psib-psoe.org\/mallorca\/wp-json\/wp\/v2\/posts\/29984"}],"collection":[{"href":"https:\/\/www.psib-psoe.org\/mallorca\/wp-json\/wp\/v2\/posts"}],"about":[{"href":"https:\/\/www.psib-psoe.org\/mallorca\/wp-json\/wp\/v2\/types\/post"}],"author":[{"embeddable":true,"href":"https:\/\/www.psib-psoe.org\/mallorca\/wp-json\/wp\/v2\/users\/4"}],"replies":[{"embeddable":true,"href":"https:\/\/www.psib-psoe.org\/mallorca\/wp-json\/wp\/v2\/comments?post=29984"}],"version-history":[{"count":1,"href":"https:\/\/www.psib-psoe.org\/mallorca\/wp-json\/wp\/v2\/posts\/29984\/revisions"}],"predecessor-version":[{"id":29986,"href":"https:\/\/www.psib-psoe.org\/mallorca\/wp-json\/wp\/v2\/posts\/29984\/revisions\/29986"}],"wp:featuredmedia":[{"embeddable":true,"href":"https:\/\/www.psib-psoe.org\/mallorca\/wp-json\/wp\/v2\/media\/29985"}],"wp:attachment":[{"href":"https:\/\/www.psib-psoe.org\/mallorca\/wp-json\/wp\/v2\/media?parent=29984"}],"wp:term":[{"taxonomy":"category","embeddable":true,"href":"https:\/\/www.psib-psoe.org\/mallorca\/wp-json\/wp\/v2\/categories?post=29984"},{"taxonomy":"post_tag","embeddable":true,"href":"https:\/\/www.psib-psoe.org\/mallorca\/wp-json\/wp\/v2\/tags?post=29984"}],"curies":[{"name":"wp","href":"https:\/\/api.w.org\/{rel}","templated":true}]}}