{"id":29987,"date":"2025-07-02T14:01:18","date_gmt":"2025-07-02T12:01:18","guid":{"rendered":"https:\/\/www.psib-psoe.org\/mallorca\/?p=29987"},"modified":"2025-07-02T14:01:30","modified_gmt":"2025-07-02T12:01:30","slug":"maria-jose-jimenez-nova-secretaria-general-de-lagrupacio-socialista-de-pollenca","status":"publish","type":"post","link":"https:\/\/www.psib-psoe.org\/mallorca\/maria-jose-jimenez-nova-secretaria-general-de-lagrupacio-socialista-de-pollenca\/","title":{"rendered":"Maria Jos\u00e9 Jim\u00e9nez, nova secret\u00e0ria general de l\u2019Agrupaci\u00f3 Socialista de Pollen\u00e7a"},"content":{"rendered":"<figure class=\"wp-block-image size-large\"><img loading=\"lazy\" decoding=\"async\" class=\"alignnone wp-image-29990 size-full\" src=\"http:\/\/www.psib-psoe.org\/mallorca\/wp-content\/uploads\/020725_Foto-Grup-Pollenca.jpeg\" alt=\"\" width=\"1600\" height=\"1200\" srcset=\"https:\/\/www.psib-psoe.org\/mallorca\/wp-content\/uploads\/020725_Foto-Grup-Pollenca.jpeg 1600w, https:\/\/www.psib-psoe.org\/mallorca\/wp-content\/uploads\/020725_Foto-Grup-Pollenca-300x225.jpeg 300w, https:\/\/www.psib-psoe.org\/mallorca\/wp-content\/uploads\/020725_Foto-Grup-Pollenca-1024x768.jpeg 1024w, https:\/\/www.psib-psoe.org\/mallorca\/wp-content\/uploads\/020725_Foto-Grup-Pollenca-768x576.jpeg 768w, https:\/\/www.psib-psoe.org\/mallorca\/wp-content\/uploads\/020725_Foto-Grup-Pollenca-1536x1152.jpeg 1536w, https:\/\/www.psib-psoe.org\/mallorca\/wp-content\/uploads\/020725_Foto-Grup-Pollenca-150x113.jpeg 150w, https:\/\/www.psib-psoe.org\/mallorca\/wp-content\/uploads\/020725_Foto-Grup-Pollenca-600x450.jpeg 600w, https:\/\/www.psib-psoe.org\/mallorca\/wp-content\/uploads\/020725_Foto-Grup-Pollenca-900x675.jpeg 900w, https:\/\/www.psib-psoe.org\/mallorca\/wp-content\/uploads\/020725_Foto-Grup-Pollenca-20x16.jpeg 20w\" sizes=\"(max-width: 1600px) 100vw, 1600px\" \/><\/figure>\n<p><em><u>Maria Jos\u00e9 Jim\u00e9nez: \u201cCreiem en la continu\u00eftat del projecte pol\u00edtic dels i les socialistes de Pollen\u00e7a per seguir sent la primera for\u00e7a progressista a Pollen\u00e7a\u201d<\/u><\/em><\/p>\n<p>Despr\u00e9s dels congressos federal, auton\u00f2mic i insular del Partit Socialista, \u00e9s el torn de les agrupacions locals, en aquest cas, dels Socialistes de Pollen\u00e7a. L\u2019agrupaci\u00f3 ha celebrat la seva assemblea on Maria Jos\u00e9 Jim\u00e9nez ha sortit elegida secret\u00e0ria general i s\u2019ha presentat tota la nova comissi\u00f3 executiva.<\/p>\n<p>La nova secret\u00e0ria general ha declarat que \u201ccreiem en la continu\u00eftat del projecte pol\u00edtic dels i les socialistes de Pollen\u00e7a per seguir sent la primera for\u00e7a progressista a Pollen\u00e7a. Creiem en un discurs pol\u00edtic municipal basat en els valors socialistes, una pol\u00edtica honesta que ens faci millorar la vida de les persones que viuen al poble.\u00a0 I aix\u00ed \u00e9s com la nova executiva far\u00e0 feina cap al 2027, fent explicaci\u00f3 i escolat activa de les pol\u00edtiques del PSIB-PSOE de les illes, de la federaci\u00f3 de Mallorca i del govern d\u2019Espanya que afecten directament a les pollencines i pollencins\u201d.<\/p>\n<p>Jim\u00e9nez tamb\u00e9 ha volgut agrair la \u201cconfian\u00e7a d&#8217;en Toni C\u00e0naves per tenir-me aquests darrers anys com a secretaria d&#8217;organitzaci\u00f3, a la federaci\u00f3 de Mallorca pels dos anys com a vocal i ara en la secretaria de lluita contra l&#8217;exclusi\u00f3 digital, en aquests temps he tingut l&#8217;oportunitat d&#8217;aprendre molt pel que fa a la pol\u00edtica municipalista. I a l&#8217;agrupaci\u00f3 de Pollen\u00e7a per haver acollit de manera un\u00e0nime la nova executiva que encap\u00e7al\u201d.<\/p>\n<p>La secret\u00e0ria general de la Federaci\u00f3 Socialista de Mallorca, Amanda Fern\u00e1ndez, ha participat en l\u2019assemblea dels Socialistes de Pollen\u00e7a i ha destacat \u201cl\u2019empenta i coratge\u201d de Maria Jos\u00e9 Jim\u00e9nez. \u201c\u00c9s una dona molt v\u00e0lida i preparada, per jo \u00e9s un honor tenir-la a la comissi\u00f3 executiva de la Federaci\u00f3 Socialista de Mallorca com a secret\u00e0ria de lluita contra l\u2019exclusi\u00f3 digital. Molta sort i encerts Maria Jos\u00e9 i a tota la nova comissi\u00f3 executiva dels Socialistes de Pollen\u00e7a\u201d ha concl\u00f2s Fern\u00e1ndez.<\/p>\n<p>A part de Fern\u00e1ndez, altres membres de la comissi\u00f3 executiva de la Federaci\u00f3 Socialista de Mallorca com Ares Fern\u00e1ndez, Bea Gamund\u00ed i Joan M\u00e9ndez van acompanyar als Socialistes de Pollen\u00e7a en la seva assemblea.<\/p>\n<p>L\u2019equip dels socialistes de Pollen\u00e7a consta amb el nou organigrama:<\/p>\n<p>President: Mart\u00ed March<\/p>\n<p>Secretaria General: Maria Jos\u00e9 Jim\u00e9nez<\/p>\n<p>Secretaria d\u2019Organitzaci\u00f3: Maria Morro<\/p>\n<p>Secretari de Pol\u00edtica Municipal: Jaume Plomer<\/p>\n<p>Secretaries: Josune Fernandez, Toni Lluis Exposito, Magdalena Bibiloni, Maria del Mar Rossell\u00f3, Julia Sarri\u00f3, Jaume Terrassa.<\/p>\n<p>Voacalies:\u00a0 Xesca Ramon, Juanjo Mir, Juan Fernandez, Jaume Coll.<\/p>\n\n\n<p><\/p>\n","protected":false},"excerpt":{"rendered":"<p>Maria Jos\u00e9 Jim\u00e9nez: \u201cCreiem en la continu\u00eftat del projecte pol\u00edtic dels i les socialistes de Pollen\u00e7a per seguir sent la primera for\u00e7a progressista a Pollen\u00e7a\u201d Despr\u00e9s dels congressos federal, auton\u00f2mic i insular del Partit Socialista, \u00e9s el torn de les agrupacions locals, en aquest cas, dels Socialistes de Pollen\u00e7a. L\u2019agrupaci\u00f3 ha celebrat la seva assemblea&hellip;<\/p>\n","protected":false},"author":4,"featured_media":29990,"comment_status":"false","ping_status":"closed","sticky":false,"template":"","format":"standard","meta":{"footnotes":""},"categories":[2,1,90,92],"tags":[431,218,77,627,84],"class_list":["post-29987","post","type-post","status-publish","format-standard","has-post-thumbnail","hentry","category-federacio-de-mallorca","category-federacio-de-mallorca-portada","category-municipis","category-portada","tag-agrupacio-socialista-de-pollenca","tag-amanda-fernandez","tag-federacio-socialista-de-mallorca","tag-maria-jose-jimenez","tag-psib-psoe"],"_links":{"self":[{"href":"https:\/\/www.psib-psoe.org\/mallorca\/wp-json\/wp\/v2\/posts\/29987"}],"collection":[{"href":"https:\/\/www.psib-psoe.org\/mallorca\/wp-json\/wp\/v2\/posts"}],"about":[{"href":"https:\/\/www.psib-psoe.org\/mallorca\/wp-json\/wp\/v2\/types\/post"}],"author":[{"embeddable":true,"href":"https:\/\/www.psib-psoe.org\/mallorca\/wp-json\/wp\/v2\/users\/4"}],"replies":[{"embeddable":true,"href":"https:\/\/www.psib-psoe.org\/mallorca\/wp-json\/wp\/v2\/comments?post=29987"}],"version-history":[{"count":1,"href":"https:\/\/www.psib-psoe.org\/mallorca\/wp-json\/wp\/v2\/posts\/29987\/revisions"}],"predecessor-version":[{"id":29991,"href":"https:\/\/www.psib-psoe.org\/mallorca\/wp-json\/wp\/v2\/posts\/29987\/revisions\/29991"}],"wp:featuredmedia":[{"embeddable":true,"href":"https:\/\/www.psib-psoe.org\/mallorca\/wp-json\/wp\/v2\/media\/29990"}],"wp:attachment":[{"href":"https:\/\/www.psib-psoe.org\/mallorca\/wp-json\/wp\/v2\/media?parent=29987"}],"wp:term":[{"taxonomy":"category","embeddable":true,"href":"https:\/\/www.psib-psoe.org\/mallorca\/wp-json\/wp\/v2\/categories?post=29987"},{"taxonomy":"post_tag","embeddable":true,"href":"https:\/\/www.psib-psoe.org\/mallorca\/wp-json\/wp\/v2\/tags?post=29987"}],"curies":[{"name":"wp","href":"https:\/\/api.w.org\/{rel}","templated":true}]}}