{"id":29992,"date":"2025-07-02T20:07:12","date_gmt":"2025-07-02T18:07:12","guid":{"rendered":"https:\/\/www.psib-psoe.org\/mallorca\/?p=29992"},"modified":"2025-07-02T20:07:23","modified_gmt":"2025-07-02T18:07:23","slug":"mes-per-mallorca-i-psib-psoe-se-sumen-a-la-defensa-de-la-comunitat-educativa-del-ceip-pare-bartomeu-pou-dalgaida-dels-atacs-de-la-ultra-dreta-de-vox","status":"publish","type":"post","link":"https:\/\/www.psib-psoe.org\/mallorca\/mes-per-mallorca-i-psib-psoe-se-sumen-a-la-defensa-de-la-comunitat-educativa-del-ceip-pare-bartomeu-pou-dalgaida-dels-atacs-de-la-ultra-dreta-de-vox\/","title":{"rendered":"Mes per Mallorca i PSIB-PSOE se sumen a la defensa de la comunitat educativa del CEIP Pare Bartomeu Pou d\u2019Algaida, dels atacs de la ultra dreta de Vox."},"content":{"rendered":"<div class=\"wpb-content-wrapper\">\n<p><\/p>\n\n\n\n<p><\/p>\n\n\n<div class=\"wp-block-image\">\n<figure class=\"aligncenter size-full\"><img loading=\"lazy\" decoding=\"async\" width=\"2560\" height=\"1619\" src=\"https:\/\/www.psib-psoe.org\/mallorca\/wp-content\/uploads\/Algaida-comunitat-educativa-scaled.jpeg\" alt=\"\" class=\"wp-image-29993\" srcset=\"https:\/\/www.psib-psoe.org\/mallorca\/wp-content\/uploads\/Algaida-comunitat-educativa-scaled.jpeg 2560w, https:\/\/www.psib-psoe.org\/mallorca\/wp-content\/uploads\/Algaida-comunitat-educativa-300x190.jpeg 300w, https:\/\/www.psib-psoe.org\/mallorca\/wp-content\/uploads\/Algaida-comunitat-educativa-1024x648.jpeg 1024w, https:\/\/www.psib-psoe.org\/mallorca\/wp-content\/uploads\/Algaida-comunitat-educativa-768x486.jpeg 768w, https:\/\/www.psib-psoe.org\/mallorca\/wp-content\/uploads\/Algaida-comunitat-educativa-1536x972.jpeg 1536w, https:\/\/www.psib-psoe.org\/mallorca\/wp-content\/uploads\/Algaida-comunitat-educativa-2048x1295.jpeg 2048w, https:\/\/www.psib-psoe.org\/mallorca\/wp-content\/uploads\/Algaida-comunitat-educativa-150x95.jpeg 150w, https:\/\/www.psib-psoe.org\/mallorca\/wp-content\/uploads\/Algaida-comunitat-educativa-600x379.jpeg 600w, https:\/\/www.psib-psoe.org\/mallorca\/wp-content\/uploads\/Algaida-comunitat-educativa-900x569.jpeg 900w, https:\/\/www.psib-psoe.org\/mallorca\/wp-content\/uploads\/Algaida-comunitat-educativa-20x13.jpeg 20w\" sizes=\"(max-width: 2560px) 100vw, 2560px\" \/><\/figure><\/div>\n\n<p>La secret\u00e0ria general de la FSM, Amanda Fern\u00e0ndez, i el coordinador general de Mes per Mallorca, Llu\u00eds Apestegu\u00eda, han assistit a l\u2019acte de desgreuge cap a la comunitat educativa que s\u2019ha fet avui a les portes del CEIP Pare Bartomeu Pou a Algaida. Els concentrats han llegit un comunicat de suport a tot el professorat que ha estat assenyalat per la ultra dreta simplement pel fet de maldar per una escola p\u00fablica lliure, inclusiva, de qualitat i en catal\u00e0. <\/p>\n\n\n[vc_row][vc_column][vc_column_text]\n<p>M\u00e9s d\u2019un centenar de persones s\u2019han aplegat aquest horabaixa a les portes del CEIP Pare Bartomeu Pou, a Algaida, en resposta a la crida que s\u2019ha fet des de diferents \u00e0mbits educatius, en defensa de l\u2019educaci\u00f3 p\u00fablica lliure i en catal\u00e0. El menyspreu dels ultradretans de Vox per l\u2019educaci\u00f3 en catal\u00e0 i els professionals de l\u2019ensenyament p\u00fablic que el defensen s\u2019ha manifestat en diferents ocasions i circumst\u00e0ncies. Per\u00f2 un de les darrers atacs intolerables contra l\u2019honorabilitat dels professionals educadors i educadores s\u2019ha produ\u00eft a Algaida, envers de membres del claustre del Pare Bartomeu Pou.<\/p>\n<p>La secret\u00e0ria general de la FSM, Amanda Fern\u00e0ndez, ha incidit en la defensa de tota la comunitat educativa d\u2019Algaida davant dels atacs patits, i ha focalitzat en Marga Prohens i en el PP com a grans responsables de la situaci\u00f3, en haver convertit la llengua i l\u2019educaci\u00f3 p\u00fabliques en monedes de canvi per que ella pugui mantenir la seva cadira al Consolat de Mar. \u201cEn aquesta concentraci\u00f3 no hi som tots, hi manquen els representants del PP d\u2019Algaida, i tamb\u00e9 el conseller Vera, que ja sabem que no vindr\u00e0, per que fa feina per Vox, i no per a la comunitat educativa\u201d, ha dit. \u201cEn comptes de destinar 21 milions d\u2019euros a les millores de tot el sector educatiu, prefereixen cedir a Vox i dotar la segregaci\u00f3 ling\u00fc\u00edstica a les aules\u201d.  <\/p>\n<p>Des de Mes per Mallorca, el seu m\u00e0xim responsable, Llu\u00eds Apesteguia tamb\u00e9 ha carregat contra el govern de Marga Prohens per la situaci\u00f3 que es viu a l\u2019ensenyament p\u00fablic de Balears: &#8220;l&#8217;extrema dreta es dedica a assenyalar al col\u00b7lectiu docent, el PP i el govern amb el seu silenci en s\u00f3n c\u00f2mplices. Som avui aqu\u00ed per donar suport tant als docents com a les seves leg\u00edtimes reivindicacions. El govern de Marga Prohens de la ma de VOX cerca desmantellar l&#8217;ensenyament p\u00fablic i arraconar la llengua catalana, des de MES per Mallorca seguirem treballant per una escola p\u00fablica de qualitat i en catal\u00e0 i pels drets laborals i professionals d&#8217;un col\u00b7lectiu docent que ens ha demostrat que si les donam els recursos necessaris i les deixam fer feina amb llibertat fan una feina extraordin\u00e0ria&#8221;.<\/p>\n<p>El recentment elegit secretari general de l\u2019Agrupaci\u00f3 Socialista d\u2019Algaida, Joan Janer, ha lamentat els atacs soferts per l\u2019extrema dreta als docents del  CEIP Pare Bartomeu Pou per utilitzar segons ells,  les instal\u00b7lacions del centre educatiu per fins pol\u00edtics. Els Socialistes d\u2019Algaida, Pina i Randa expressam amb contund\u00e8ncia el nostre suport a totes i tots els docents de la nostra escola p\u00fablica, i el rebuig a l\u2019acord entre PP i VOX, un acord que suposa un retroc\u00e9s en drets i valors democr\u00e0tics, un pacte que quedar\u00e0 a la hist\u00f2ria com el pacte de la vergonya, i sobretot deixar clar que lluitarem sempre defensant una escola p\u00fablica de qualitat, inclusiva, lliure i en catal\u00e0\u201d.<\/p>\n<p>La portaveu de Mes per Mallorca a Algaida, Margalida Puigserver, ha incidit en el fet que \u201cel CEIP Pare Bartomeu Pou ha estat assenyalat per l&#8217;extrema dreta, desgraciadament el PP i el Govern de Marga Prohens callen, per tant son c\u00f2mplices. Nosaltres som aqu\u00ed avui per donar suport, per\u00f2 sobretot perqu\u00e8 estam orgullosos dels docents de l&#8217;escola p\u00fablica del nostre municipi, l&#8217;equip docent demostra cada dia que fan una feina d&#8217;una qualitat extraordin\u00e0ria, des de la professionalitat i l&#8217;estima cap a la professi\u00f3 de mestre. Per aix\u00f2 des de MES per Algaida, Pina i Randa seguirem treballant per una escola en llibertat, arrelada al poble, de qualitat i en catal\u00e0&#8221;.<\/p>\n<p>La batlessa d\u2019Algaida, Margalida Fullana, tamb\u00e9 ha estat present en l\u2019acte de lectura del manifest, acompanyada de membres de l\u2019Agrupaci\u00f3 i regidors socialistes a l\u2019Ajuntament. Els diputats al Parlament, Malena Riudavets del Grup Socialista, i Joan Mas \u2018Collet\u2019, de la formaci\u00f3 eco sobiranista, tamb\u00e9 s\u2019han acostat fins les portes del CEIP Pare Bartomeu Pou d\u2019Algaida. <\/p>\n[\/vc_column_text][\/vc_column][\/vc_row]\n\n\n\n<figure class=\"wp-block-audio\"><audio controls src=\"https:\/\/www.psib-psoe.org\/mallorca\/wp-content\/uploads\/020725_Amanda-Fernandez.mp3\"><\/audio><\/figure>\n\n\n\n<figure class=\"wp-block-audio\"><audio controls src=\"https:\/\/www.psib-psoe.org\/mallorca\/wp-content\/uploads\/020725_Joan-Janer.mp3\"><\/audio><\/figure>\n<\/div>","protected":false},"excerpt":{"rendered":"La secret\u00e0ria general de la FSM, Amanda Fern\u00e0ndez, i el coordinador general de Mes per Mallorca, Llu\u00eds Apestegu\u00eda, han assistit a l\u2019acte de desgreuge cap a la comunitat educativa que s\u2019ha fet avui a les portes del CEIP Pare Bartomeu Pou a Algaida. Els concentrats han llegit un comunicat de suport a tot el professorat&hellip;","protected":false},"author":3,"featured_media":29993,"comment_status":"closed","ping_status":"closed","sticky":false,"template":"","format":"standard","meta":{"footnotes":""},"categories":[2,1,90,92],"tags":[628,218,362,105,77,616,587,423],"class_list":["post-29992","post","type-post","status-publish","format-standard","has-post-thumbnail","hentry","category-federacio-de-mallorca","category-federacio-de-mallorca-portada","category-municipis","category-portada","tag-agrupacio-socialista-dalgaida-pina-i-randa","tag-amanda-fernandez","tag-ares-fernandez","tag-catalina-cladera","tag-federacio-socialista-de-mallorca","tag-joan-janer","tag-malena-riudavets","tag-marga-fullana"],"_links":{"self":[{"href":"https:\/\/www.psib-psoe.org\/mallorca\/wp-json\/wp\/v2\/posts\/29992"}],"collection":[{"href":"https:\/\/www.psib-psoe.org\/mallorca\/wp-json\/wp\/v2\/posts"}],"about":[{"href":"https:\/\/www.psib-psoe.org\/mallorca\/wp-json\/wp\/v2\/types\/post"}],"author":[{"embeddable":true,"href":"https:\/\/www.psib-psoe.org\/mallorca\/wp-json\/wp\/v2\/users\/3"}],"replies":[{"embeddable":true,"href":"https:\/\/www.psib-psoe.org\/mallorca\/wp-json\/wp\/v2\/comments?post=29992"}],"version-history":[{"count":1,"href":"https:\/\/www.psib-psoe.org\/mallorca\/wp-json\/wp\/v2\/posts\/29992\/revisions"}],"predecessor-version":[{"id":29996,"href":"https:\/\/www.psib-psoe.org\/mallorca\/wp-json\/wp\/v2\/posts\/29992\/revisions\/29996"}],"wp:featuredmedia":[{"embeddable":true,"href":"https:\/\/www.psib-psoe.org\/mallorca\/wp-json\/wp\/v2\/media\/29993"}],"wp:attachment":[{"href":"https:\/\/www.psib-psoe.org\/mallorca\/wp-json\/wp\/v2\/media?parent=29992"}],"wp:term":[{"taxonomy":"category","embeddable":true,"href":"https:\/\/www.psib-psoe.org\/mallorca\/wp-json\/wp\/v2\/categories?post=29992"},{"taxonomy":"post_tag","embeddable":true,"href":"https:\/\/www.psib-psoe.org\/mallorca\/wp-json\/wp\/v2\/tags?post=29992"}],"curies":[{"name":"wp","href":"https:\/\/api.w.org\/{rel}","templated":true}]}}