{"id":29997,"date":"2025-07-03T13:22:18","date_gmt":"2025-07-03T11:22:18","guid":{"rendered":"https:\/\/www.psib-psoe.org\/mallorca\/?p=29997"},"modified":"2025-07-03T13:35:00","modified_gmt":"2025-07-03T11:35:00","slug":"el-grup-socialista-no-assisteix-a-lacte-de-galmes-per-celebrar-la-declaracio-de-patrimoni-unesco-de-la-serra-tramuntana-en-desacord-amb-lamnistia-urbanistica-de-ppvox-no-vo","status":"publish","type":"post","link":"https:\/\/www.psib-psoe.org\/mallorca\/el-grup-socialista-no-assisteix-a-lacte-de-galmes-per-celebrar-la-declaracio-de-patrimoni-unesco-de-la-serra-tramuntana-en-desacord-amb-lamnistia-urbanistica-de-ppvox-no-vo\/","title":{"rendered":"El Grup Socialista no assisteix a l\u2019acte de Galm\u00e9s per celebrar la declaraci\u00f3 de patrimoni UNESCO de la Serra de Tramuntana en desacord amb l\u2019amnistia urban\u00edstica de PPVox: \u201cno volem participar en aquest acte de blanquejament i d\u2019hipocresia\u201d."},"content":{"rendered":"<div class=\"wpb-content-wrapper\">\n<p><\/p>\n\n\n\n<p><\/p>\n\n\n<div class=\"wp-block-image\">\n<figure class=\"aligncenter size-full\"><img loading=\"lazy\" decoding=\"async\" width=\"2560\" height=\"1581\" src=\"https:\/\/www.psib-psoe.org\/mallorca\/wp-content\/uploads\/Rdp-Serra-urbanisme-scaled.jpeg\" alt=\"\" class=\"wp-image-29998\" srcset=\"https:\/\/www.psib-psoe.org\/mallorca\/wp-content\/uploads\/Rdp-Serra-urbanisme-scaled.jpeg 2560w, https:\/\/www.psib-psoe.org\/mallorca\/wp-content\/uploads\/Rdp-Serra-urbanisme-300x185.jpeg 300w, https:\/\/www.psib-psoe.org\/mallorca\/wp-content\/uploads\/Rdp-Serra-urbanisme-1024x632.jpeg 1024w, https:\/\/www.psib-psoe.org\/mallorca\/wp-content\/uploads\/Rdp-Serra-urbanisme-768x474.jpeg 768w, https:\/\/www.psib-psoe.org\/mallorca\/wp-content\/uploads\/Rdp-Serra-urbanisme-1536x949.jpeg 1536w, https:\/\/www.psib-psoe.org\/mallorca\/wp-content\/uploads\/Rdp-Serra-urbanisme-2048x1265.jpeg 2048w, https:\/\/www.psib-psoe.org\/mallorca\/wp-content\/uploads\/Rdp-Serra-urbanisme-150x93.jpeg 150w, https:\/\/www.psib-psoe.org\/mallorca\/wp-content\/uploads\/Rdp-Serra-urbanisme-600x371.jpeg 600w, https:\/\/www.psib-psoe.org\/mallorca\/wp-content\/uploads\/Rdp-Serra-urbanisme-900x556.jpeg 900w, https:\/\/www.psib-psoe.org\/mallorca\/wp-content\/uploads\/Rdp-Serra-urbanisme-20x13.jpeg 20w\" sizes=\"(max-width: 2560px) 100vw, 2560px\" \/><\/figure><\/div>\n\n<p>La portaveu socialista al Consell de Mallorca, Catalina Cladera, ha afirmat que \u201cel millor homenatge que podem fer a la Serra, patrimoni de la humanitat \u00e9s no participar en la seva destrucci\u00f3 programada per Prohens i Galm\u00e9s\u201d. Els socialistes proposen que el Govern rectifiqui i no rebaixi el nivell de protecci\u00f3 de la Serra, que el PP ha convertit en moneda de canvi pol\u00edtica amb la ultradreta per aprovar uns pressupostos,  al mateix temps que insta al Consell a defensar el territori davant del \u201csilenci c\u00f2mplice de Galm\u00e9s\u201d.  <\/p>\n\n\n[vc_row][vc_column][vc_column_text]\n<p>El Grup Socialista al Consell ha refermat el comprom\u00eds de la formaci\u00f3 amb la protecci\u00f3 del territori, i en especial de la Serra de Tramuntana, despr\u00e9s de \u201cl\u2019allau constructor de PPVox\u201d que es desfermar\u00e0 amb mesures com l\u2019amnistia urban\u00edstica decretada a la Serra o l\u2019habililtaci\u00f3 de l\u2019edificaci\u00f3 de zones de sol r\u00fastic al redol dels municipis de m\u00e9s de 10.000 habitants, sense necessitat que s\u2019hagi esgotat el sol urbanitzable. \u201cQui estima Mallorca no la destrueix, i la Serra de Tramuntana no es toca\u201d han estat els dos clams que ha llen\u00e7at Cladera, per exemplificar la postura dels socialistes. <\/p>\n<p>Un fet que provocar\u00e0 l\u2019abs\u00e8ncia de representaci\u00f3 en l\u2019acte que avui organitza el Consell de Mallorca per a celebrar el 14\u00e8 aniversari de la declaraci\u00f3 de la Serra de Tramuntana com a patrimoni de la UNESCO. \u201cGalm\u00e9s fa avui un acte de blanquejament i d\u2019hipocresia, quan est\u00e0 essent c\u00f2mplice de la barbaritat de permetre una amnistia urban\u00edstica que posa en perill la declaraci\u00f3 de patrimoni; nosaltres no volem participar d\u2019aquest blanquejament\u201d, ha dit la portaveu socialista. \u201cProhens i Galm\u00e9s no poden donar avui missatges de bellesa i protecci\u00f3 del patrimoni quan han redu\u00eft la Serra a una simple moneda de canvi amb la ultra dreta de Vox per conservar el poder\u201d. <\/p>\n<p>Cladera ha recordat que han estat els socialistes, al costat de tota la societat de Mallorca, els que en 2011 \u201cvam fer possible la declaraci\u00f3 de la UNESCO\u201d, i que per aix\u00f2 ara dol especialment veure com \u201cels acords de PPVox  provocaran un nou tsunami constructor a Mallorca \u201c. Aix\u00ed la portaveu del Grup Socialista ha recordat algunes de les mesures adoptades aquesta legislatura per PPVox que tenen en com\u00fa la permissivitat constructiva, o l\u2019abs\u00e8ncia de control administratiu, com en el cas de la legalitzaci\u00f3 de les 30.000 edificacions en sol r\u00fastic, l\u2019ampliaci\u00f3 en 90.000 places tur\u00edstiques comercialitzables a Mallorca, l\u2019increment pactat de la incineraci\u00f3 de residus importats, o una legislaci\u00f3 sobre la limitaci\u00f3 d\u2019entrada de vehicles \u201cque ens deixa molts de dubtes\u201d i que sobretot no suposa una mesura en el curt termini. <\/p>\n<p>A m\u00e9s, Cladera ha recordat que l\u2019amnistia urban\u00edstica a la Serra coincideix en el temps amb la voluntat de Galm\u00e9s de legislar justament sobre aquest part del territori, amb una Llei que s\u2019ha comprom\u00e8s a tornar a fer, despr\u00e9s que hagi menyspreat el projecte aprovat pel govern de progr\u00e9s durant la passada legislatura, i que ja estava llest per a ser debatut al Parlament. \u201cAra Galm\u00e9s voldr\u00e0 blanquejar aquestes animalades de PPVox a la Serra amb una Llei de la que encara no en coneixem res\u201d.  <\/p>\n<p>El tsunami constructor del PP, fet amb l\u2019excusa de l\u2019emerg\u00e8ncia habitacional que vivim per\u00f2 que en realitat serveix per donar m\u00e0niga ample a la construcci\u00f3 d\u2019edificacions que no seran accessibles per a gran part de la poblaci\u00f3 resident que necessita un lloc a Mallorca per poder viure dignament, te tamb\u00e9 una altra v\u00edctima, en paraules de Cladera, \u201cen l\u2019Ag\u00e8ncia de Defensa del Territori, que ha fet una feina extraordin\u00e0ria durant aquests anys, en defensa de la legalitat en mat\u00e8ria urban\u00edstica, i que ara perdr\u00e0 autoritat per ordenar esbucament d\u2019edificacions il\u00b7legals si a Mallorca es comen\u00e7a a permetre tot\u201d.   <\/p>\n<p>\u201cEls Socialistes de Mallorca fem una crida a la gent de l\u2019illa, per poder aturar la venda de la Serra i de tot el territori al millor postor que promou el PP\u201d. Per aix\u00f2 el Consell de Mallorca, en el ple previst per a dijous de la setmana que ve, plantejar\u00e0 una iniciativa precisament per a instar el Govern a revertir les mesures d\u2019amnistia i de foment dels usos i les edificacions il\u00b7legals a la Serra de Tramuntana, que se seguir\u00e0 amb altres mocions similars a tots els ajuntaments de Mallorca. <\/p>\n[\/vc_column_text][\/vc_column][\/vc_row]\n\n\n\n<p><\/p>\n\n\n\n<figure class=\"wp-block-audio\"><audio controls src=\"https:\/\/www.psib-psoe.org\/mallorca\/wp-content\/uploads\/030725_Catalina-Cladera-RDP.mp3\"><\/audio><\/figure>\n<\/div>","protected":false},"excerpt":{"rendered":"La portaveu socialista al Consell de Mallorca, Catalina Cladera, ha afirmat que \u201cel millor homenatge que podem fer a la Serra, patrimoni de la humanitat \u00e9s no participar en la seva destrucci\u00f3 programada per Prohens i Galm\u00e9s\u201d. Els socialistes proposen que el Govern rectifiqui i no rebaixi el nivell de protecci\u00f3 de la Serra, que&hellip;","protected":false},"author":3,"featured_media":29998,"comment_status":"closed","ping_status":"closed","sticky":false,"template":"","format":"standard","meta":{"footnotes":""},"categories":[89,2,1,90,92],"tags":[218,362,105,83,77,483,104],"class_list":["post-29997","post","type-post","status-publish","format-standard","has-post-thumbnail","hentry","category-consell-de-mallorca","category-federacio-de-mallorca","category-federacio-de-mallorca-portada","category-municipis","category-portada","tag-amanda-fernandez","tag-ares-fernandez","tag-catalina-cladera","tag-consell-de-mallorca","tag-federacio-socialista-de-mallorca","tag-joan-ferrer","tag-mercedes-garrido"],"_links":{"self":[{"href":"https:\/\/www.psib-psoe.org\/mallorca\/wp-json\/wp\/v2\/posts\/29997"}],"collection":[{"href":"https:\/\/www.psib-psoe.org\/mallorca\/wp-json\/wp\/v2\/posts"}],"about":[{"href":"https:\/\/www.psib-psoe.org\/mallorca\/wp-json\/wp\/v2\/types\/post"}],"author":[{"embeddable":true,"href":"https:\/\/www.psib-psoe.org\/mallorca\/wp-json\/wp\/v2\/users\/3"}],"replies":[{"embeddable":true,"href":"https:\/\/www.psib-psoe.org\/mallorca\/wp-json\/wp\/v2\/comments?post=29997"}],"version-history":[{"count":2,"href":"https:\/\/www.psib-psoe.org\/mallorca\/wp-json\/wp\/v2\/posts\/29997\/revisions"}],"predecessor-version":[{"id":30001,"href":"https:\/\/www.psib-psoe.org\/mallorca\/wp-json\/wp\/v2\/posts\/29997\/revisions\/30001"}],"wp:featuredmedia":[{"embeddable":true,"href":"https:\/\/www.psib-psoe.org\/mallorca\/wp-json\/wp\/v2\/media\/29998"}],"wp:attachment":[{"href":"https:\/\/www.psib-psoe.org\/mallorca\/wp-json\/wp\/v2\/media?parent=29997"}],"wp:term":[{"taxonomy":"category","embeddable":true,"href":"https:\/\/www.psib-psoe.org\/mallorca\/wp-json\/wp\/v2\/categories?post=29997"},{"taxonomy":"post_tag","embeddable":true,"href":"https:\/\/www.psib-psoe.org\/mallorca\/wp-json\/wp\/v2\/tags?post=29997"}],"curies":[{"name":"wp","href":"https:\/\/api.w.org\/{rel}","templated":true}]}}