{"id":30002,"date":"2025-07-03T14:34:12","date_gmt":"2025-07-03T12:34:12","guid":{"rendered":"https:\/\/www.psib-psoe.org\/mallorca\/?p=30002"},"modified":"2025-07-03T14:34:25","modified_gmt":"2025-07-03T12:34:25","slug":"el-ple-de-llucmajor-aprova-reclamar-el-tancament-de-la-macro-granja-davicola-son-perot-a-proposta-de-loposicio-pero-lequip-de-govern-no-sap-com-fer-ho","status":"publish","type":"post","link":"https:\/\/www.psib-psoe.org\/mallorca\/el-ple-de-llucmajor-aprova-reclamar-el-tancament-de-la-macro-granja-davicola-son-perot-a-proposta-de-loposicio-pero-lequip-de-govern-no-sap-com-fer-ho\/","title":{"rendered":"El ple de Llucmajor aprova reclamar el tancament de la macro-granja d\u2019Av\u00edcola Son Perot, \u00a0a proposta de l\u2019oposici\u00f3, per\u00f2 l\u2019equip de govern no sap com fer-ho."},"content":{"rendered":"<div class=\"wpb-content-wrapper\">\n<figure class=\"wp-block-image size-large\"><img loading=\"lazy\" decoding=\"async\" width=\"1024\" height=\"943\" src=\"https:\/\/www.psib-psoe.org\/mallorca\/wp-content\/uploads\/ple-Llucmajor-030725-3-1024x943.jpeg\" alt=\"\" class=\"wp-image-30003\" srcset=\"https:\/\/www.psib-psoe.org\/mallorca\/wp-content\/uploads\/ple-Llucmajor-030725-3-1024x943.jpeg 1024w, https:\/\/www.psib-psoe.org\/mallorca\/wp-content\/uploads\/ple-Llucmajor-030725-3-300x276.jpeg 300w, https:\/\/www.psib-psoe.org\/mallorca\/wp-content\/uploads\/ple-Llucmajor-030725-3-768x707.jpeg 768w, https:\/\/www.psib-psoe.org\/mallorca\/wp-content\/uploads\/ple-Llucmajor-030725-3-1536x1415.jpeg 1536w, https:\/\/www.psib-psoe.org\/mallorca\/wp-content\/uploads\/ple-Llucmajor-030725-3-380x350.jpeg 380w, https:\/\/www.psib-psoe.org\/mallorca\/wp-content\/uploads\/ple-Llucmajor-030725-3-20x18.jpeg 20w, https:\/\/www.psib-psoe.org\/mallorca\/wp-content\/uploads\/ple-Llucmajor-030725-3-150x138.jpeg 150w, https:\/\/www.psib-psoe.org\/mallorca\/wp-content\/uploads\/ple-Llucmajor-030725-3-600x553.jpeg 600w, https:\/\/www.psib-psoe.org\/mallorca\/wp-content\/uploads\/ple-Llucmajor-030725-3-900x829.jpeg 900w, https:\/\/www.psib-psoe.org\/mallorca\/wp-content\/uploads\/ple-Llucmajor-030725-3-760x700.jpeg 760w, https:\/\/www.psib-psoe.org\/mallorca\/wp-content\/uploads\/ple-Llucmajor-030725-3-1140x1050.jpeg 1140w, https:\/\/www.psib-psoe.org\/mallorca\/wp-content\/uploads\/ple-Llucmajor-030725-3.jpeg 2048w\" sizes=\"(max-width: 1024px) 100vw, 1024px\" \/><\/figure>\n\n\n\n<p><em><u>Ple extraordinari a l\u2019Ajuntament de Llucmajor per tractar d\u2019un tema d\u2019impacte social a la localitat i a Mallorca, el tancament de l\u2019explotaci\u00f3 avi\u00e0ria d\u2019Av\u00edcola Son Perot, a proposta d\u2019una moci\u00f3 presentada pel Grup Socialista, Mes per Mallorca i Llibertat Llucmajor. L\u2019equip de govern ha secundat la mesura, que ha quedat aprovada per unanimitat, tot i que el portaveu socialista, Jaume J. Oliver ha reclamat la dimissi\u00f3 de Xisca Lascolas per qu\u00e8<\/u><\/em><em><u> tem que la ni la batlessa ni el seu equip mouran ni un dit per tancar l\u2019explotaci\u00f3, com han fet fins ara per eliminar les mol\u00e8sties di\u00e0ries que provoca als residents.<\/u><\/em><\/p>\n\n\n[vc_row][vc_column][vc_column_text]\n<p>L\u2019Ajuntament de Llucmajor s\u2019ha pronunciat de manera favorable al tancament de la macro-granja d\u2019Av\u00edcola Son Perot que opera de fa anys al municipi, i que causa mol\u00e8sties a milers de residents. Ha estat aquest mat\u00ed, en un ple extraordinari convocat per a debatre una moci\u00f3 presentada pels tres partits a l\u2019oposici\u00f3 a la sala llucmajorera, PSIB-PSOE, Mes per Menorca i Llibertat Llucmajor, que justament reclamava accions per erradicar els efectes perniciosos que genera l\u2019activitat de la granja, que en els darrers anys ha provocat l\u2019enuig dels ve\u00efns afectats per la insalubritat que provoca l\u2019explotaci\u00f3. <\/p>\n<p>L\u2019equip de govern de la batlessa Lascolas ha votat amb la resta de l\u2019oposici\u00f3, i per tant la moci\u00f3 ha quedat aprovada en els termes en qu\u00e8 s\u2019ha presentat. En canvi, Jaume J. Oliver s\u2019ha mostrat m\u00e9s pessimista sobre els efectes reals de la mesura aprovada avui, a causa dels precedents en la legislatura, en el cas d\u2019altres mocions que s\u2019aproven i que despr\u00e9s no s\u2019apliquen, contravenint la legalitat vigent. \u201cHem vist una batlessa totalment descol\u00b7locada i creiem que ha de dimitir com ja va fer la seva regidora de Medi Ambient ara fa un mes\u201d, ha dit Oliver, que ha alertat de la \u201cmanca total de propostes i d\u2019iniciatives de l\u2019equip de govern municipal per resoldre les mol\u00e8sties dels ve\u00efns\u201d, que fa anys que s\u2019allarguen. Per tota acci\u00f3, Lascolas ha tornat a dir que s\u2019ha signat una cord amb la UIB per estudiar les mosques que assetgen les edificacions properes a la macro-granja. <\/p>\n<p>L\u2019equip de govern ha fet suport \u201cde manera absurda\u201d a la moci\u00f3, per que \u201cha tornat a quedar clar que en aquests quatre anys que duren les den\u00fancies dels ve\u00efnats, l\u2019Ajuntament no ha fet res\u201d. Oliver creu que \u201cno \u00e9s possible que per tancar l\u2019explotaci\u00f3 es pugui fer posant un pany i ja est\u00e0, es tracta d\u2019un proc\u00e9s de desescalada de la granja, com hem incl\u00f2s a la moci\u00f3\u201d. <\/p>\n<p>Oliver s\u2019ha mostrat \u201ccomprom\u00e8s amb tots els ve\u00efns a seguir treballant per eliminar les mol\u00e8sties i acabar amb les imatges dantesques de l\u2019interior de la macro-granja\u201d, i per seguir oferint veu i visibilitat a tots els llucmajorers que reclamen solucions davant l inacci\u00f3 de la batlessa Lascolas i del seu equip.   <\/p>\n<p>El ple extraordinari a Llucmajor ha tornat a aixecar una gran expectaci\u00f3 entre ve\u00efns afectats i membres d\u2019entitats animalistes que han liderat la den\u00fancia de la situaci\u00f3 de la mateixa macro-granja, amb imatges de les penoses  condicions de vida de les gallines dins de les 6 naus de qu\u00e8 consta la instal\u00b7laci\u00f3 avi\u00e0ria de Son Perot. Abans de l\u2019inici de la sessi\u00f3 s\u2019ha produ\u00eft una concentraci\u00f3 popular a les portes de l\u2019Ajuntament, en la que s\u2019ha clamat pel tancament de l\u2019explotaci\u00f3, que ha comptat amb el suport dels i es regidores del Grup Municipal Socialista a Llucmajor. <\/p>\n[\/vc_column_text][\/vc_column][\/vc_row]\n\n\n\n<p><\/p>\n\n\n\n<figure class=\"wp-block-audio\"><audio controls src=\"https:\/\/www.psib-psoe.org\/mallorca\/wp-content\/uploads\/030725_Jaume-J.-Oliver-Declaracions-Post-Ple-Llucmajor.mp3\"><\/audio><\/figure>\n<\/div>","protected":false},"excerpt":{"rendered":"<p>Ple extraordinari a l\u2019Ajuntament de Llucmajor per tractar d\u2019un tema d\u2019impacte social a la localitat i a Mallorca, el tancament de l\u2019explotaci\u00f3 avi\u00e0ria d\u2019Av\u00edcola Son Perot, a proposta d\u2019una moci\u00f3 presentada pel Grup Socialista, Mes per Mallorca i Llibertat Llucmajor. L\u2019equip de govern ha secundat la mesura, que ha quedat aprovada per unanimitat, tot i&hellip;<\/p>\n","protected":false},"author":3,"featured_media":30003,"comment_status":"closed","ping_status":"closed","sticky":false,"template":"","format":"standard","meta":{"footnotes":""},"categories":[2,1,90,92],"tags":[218,362,613,77,497,98,97],"class_list":["post-30002","post","type-post","status-publish","format-standard","has-post-thumbnail","hentry","category-federacio-de-mallorca","category-federacio-de-mallorca-portada","category-municipis","category-portada","tag-amanda-fernandez","tag-ares-fernandez","tag-elsa-herranz","tag-federacio-socialista-de-mallorca","tag-jaume-j-oliver","tag-llucmajor","tag-socialistes-de-llucmajor"],"_links":{"self":[{"href":"https:\/\/www.psib-psoe.org\/mallorca\/wp-json\/wp\/v2\/posts\/30002"}],"collection":[{"href":"https:\/\/www.psib-psoe.org\/mallorca\/wp-json\/wp\/v2\/posts"}],"about":[{"href":"https:\/\/www.psib-psoe.org\/mallorca\/wp-json\/wp\/v2\/types\/post"}],"author":[{"embeddable":true,"href":"https:\/\/www.psib-psoe.org\/mallorca\/wp-json\/wp\/v2\/users\/3"}],"replies":[{"embeddable":true,"href":"https:\/\/www.psib-psoe.org\/mallorca\/wp-json\/wp\/v2\/comments?post=30002"}],"version-history":[{"count":2,"href":"https:\/\/www.psib-psoe.org\/mallorca\/wp-json\/wp\/v2\/posts\/30002\/revisions"}],"predecessor-version":[{"id":30006,"href":"https:\/\/www.psib-psoe.org\/mallorca\/wp-json\/wp\/v2\/posts\/30002\/revisions\/30006"}],"wp:featuredmedia":[{"embeddable":true,"href":"https:\/\/www.psib-psoe.org\/mallorca\/wp-json\/wp\/v2\/media\/30003"}],"wp:attachment":[{"href":"https:\/\/www.psib-psoe.org\/mallorca\/wp-json\/wp\/v2\/media?parent=30002"}],"wp:term":[{"taxonomy":"category","embeddable":true,"href":"https:\/\/www.psib-psoe.org\/mallorca\/wp-json\/wp\/v2\/categories?post=30002"},{"taxonomy":"post_tag","embeddable":true,"href":"https:\/\/www.psib-psoe.org\/mallorca\/wp-json\/wp\/v2\/tags?post=30002"}],"curies":[{"name":"wp","href":"https:\/\/api.w.org\/{rel}","templated":true}]}}