{"id":30007,"date":"2025-07-03T14:45:46","date_gmt":"2025-07-03T12:45:46","guid":{"rendered":"https:\/\/www.psib-psoe.org\/mallorca\/?p=30007"},"modified":"2025-07-03T14:45:57","modified_gmt":"2025-07-03T12:45:57","slug":"els-socialistes-de-manacor-presenten-la-seva-nova-comissio-executiva-on-nuria-hinojosa-continuara-com-a-secretaria-general","status":"publish","type":"post","link":"https:\/\/www.psib-psoe.org\/mallorca\/els-socialistes-de-manacor-presenten-la-seva-nova-comissio-executiva-on-nuria-hinojosa-continuara-com-a-secretaria-general\/","title":{"rendered":"Els Socialistes de Manacor presenten la seva nova comissi\u00f3 executiva on N\u00faria Hinojosa continuar\u00e0 com a secret\u00e0ria general"},"content":{"rendered":"<figure class=\"wp-block-image size-large\"><img loading=\"lazy\" decoding=\"async\" class=\"alignnone wp-image-30008 size-full\" src=\"http:\/\/www.psib-psoe.org\/mallorca\/wp-content\/uploads\/030725_Foto-grup-Manacor-scaled.jpeg\" alt=\"\" width=\"1920\" height=\"2560\" srcset=\"https:\/\/www.psib-psoe.org\/mallorca\/wp-content\/uploads\/030725_Foto-grup-Manacor-scaled.jpeg 1920w, https:\/\/www.psib-psoe.org\/mallorca\/wp-content\/uploads\/030725_Foto-grup-Manacor-225x300.jpeg 225w, https:\/\/www.psib-psoe.org\/mallorca\/wp-content\/uploads\/030725_Foto-grup-Manacor-768x1024.jpeg 768w, https:\/\/www.psib-psoe.org\/mallorca\/wp-content\/uploads\/030725_Foto-grup-Manacor-1152x1536.jpeg 1152w, https:\/\/www.psib-psoe.org\/mallorca\/wp-content\/uploads\/030725_Foto-grup-Manacor-1536x2048.jpeg 1536w, https:\/\/www.psib-psoe.org\/mallorca\/wp-content\/uploads\/030725_Foto-grup-Manacor-300x400.jpeg 300w, https:\/\/www.psib-psoe.org\/mallorca\/wp-content\/uploads\/030725_Foto-grup-Manacor-150x200.jpeg 150w, https:\/\/www.psib-psoe.org\/mallorca\/wp-content\/uploads\/030725_Foto-grup-Manacor-600x800.jpeg 600w, https:\/\/www.psib-psoe.org\/mallorca\/wp-content\/uploads\/030725_Foto-grup-Manacor-900x1200.jpeg 900w, https:\/\/www.psib-psoe.org\/mallorca\/wp-content\/uploads\/030725_Foto-grup-Manacor-20x27.jpeg 20w\" sizes=\"(max-width: 1920px) 100vw, 1920px\" \/><\/figure>\n<p><em><u><i><span lang=\"CA\">N\u00faria Hinojosa: \u201cPer mi \u00e9s un honor continuar encap\u00e7alant aquesta gran agrupaci\u00f3 que s\u2019ha convertit en una pinya i que ha anat creixent amb nombre de militants\u201d<\/span><\/i><\/u><\/em><\/p>\n<p>L\u2019Agrupaci\u00f3 Socialista de Manacor ha celebrat un assemblea per presentar els membres de la nova comissi\u00f3 executiva on N\u00faria Hinojosa ha sortit reelegida secret\u00e0ria general. Hinojosa ha declarat que \u201cper mi \u00e9s un honor continuar encap\u00e7alant aquesta gran agrupaci\u00f3 que s\u2019ha convertit en una pinya i que ha anat creixent amb nombre de militants\u201d.<\/p>\n<p style=\"font-weight: 400;\">La secret\u00e0ria general dels Socialistes de Manacor ha remarcat la seva \u201csatisfacci\u00f3\u201d despr\u00e9s d\u2019entrar a l\u2019equip de govern de l\u2019Ajuntament i treballar pel poble. \u201cAra, volem complir els objectius d\u2019aquest mandat, que contribueixen a la millora de serveis p\u00fablics municipals: construcci\u00f3 de dues escoletes 0-3, millora instal\u00b7lacions esportives, la reforma del centre de dia, dinamitzaci\u00f3 comercial o l\u2019organitzaci\u00f3 de fires i festes\u201d ha concl\u00f2s Hinojosa.<\/p>\n<p style=\"font-weight: 400;\">La secret\u00e0ria general de la Federaci\u00f3 Socialista de Mallorca, Amanda Fern\u00e1ndez, ha participat en l\u2019Assemblea i ha destacat que \u201ccom a manacorina \u00e9s un honor que una persona com na N\u00faria continu\u00ef al capdavant d\u2019aquesta agrupaci\u00f3. Sou un gran grup d\u2019homes i dones preparats per fer feina pel poble que tant estimem\u201d.<\/p>\n<p style=\"font-weight: 400;\">La nova comissi\u00f3 executiva dels Socialistes de Manacor est\u00e0 composta per: Catalina Mercedes Amer (presidenta), N\u00faria Hinojosa (secret\u00e0ria general), Pere Gomila (secretari d\u2019organitzaci\u00f3 i acci\u00f3 electoral), Miquel Mascar\u00f3 (secretari de pol\u00edtica municipal, dinamitzaci\u00f3, formaci\u00f3 i comunicaci\u00f3), Artur Aguil\u00f3 (secretari de cultura, diversitat i LGTBI), Cristina Gil (secret\u00e0ria d\u2019igualtat, nous drets i migracions), Maria Ant\u00f2nia Truyols (secret\u00e0ria de model econ\u00f2mic i finan\u00e7ament), Lloren\u00e7 Mesquida (secretari d\u2019esports), Carmen Gonz\u00e1lez (secret\u00e0ria de drets socials i tercer sector), Maria del Mar Nicolar (secret\u00e0ria d\u2019educaci\u00f3), Sebasti\u00e0 Nadal (secretari de cicle de l\u2019aigua) i Maria Dur\u00e1n, Rub\u00e9n Sierra, Maria Carmen Carpallo, Rosario Izquierdo i Dominga Marcelina Pastorini (vocals).<\/p>\n<p style=\"font-weight: 400;\">A part de la secret\u00e0ria general dels Socialistes de Mallorca, Amanda Fern\u00e1ndez, el president de l\u2019FSM, Tolo Aguilar, la secret\u00e0ria de coordinaci\u00f3 territorial, Paula Ginard, i el secretari de mem\u00f2ria democr\u00e0tica, Pep Jaume \u2018Gall\u2019, van participar a l\u2019Assemblea dels Socialistes de Manacor.<\/p>\n\n\n<p><\/p>\n","protected":false},"excerpt":{"rendered":"<p>N\u00faria Hinojosa: \u201cPer mi \u00e9s un honor continuar encap\u00e7alant aquesta gran agrupaci\u00f3 que s\u2019ha convertit en una pinya i que ha anat creixent amb nombre de militants\u201d L\u2019Agrupaci\u00f3 Socialista de Manacor ha celebrat un assemblea per presentar els membres de la nova comissi\u00f3 executiva on N\u00faria Hinojosa ha sortit reelegida secret\u00e0ria general. Hinojosa ha declarat&hellip;<\/p>\n","protected":false},"author":4,"featured_media":30008,"comment_status":"false","ping_status":"closed","sticky":false,"template":"","format":"standard","meta":{"footnotes":""},"categories":[2,1,90,92],"tags":[394,218,77,393,392,84],"class_list":["post-30007","post","type-post","status-publish","format-standard","has-post-thumbnail","hentry","category-federacio-de-mallorca","category-federacio-de-mallorca-portada","category-municipis","category-portada","tag-agrupacio-socialista-de-manacor","tag-amanda-fernandez","tag-federacio-socialista-de-mallorca","tag-manacor","tag-nuria-hinojosa","tag-psib-psoe"],"_links":{"self":[{"href":"https:\/\/www.psib-psoe.org\/mallorca\/wp-json\/wp\/v2\/posts\/30007"}],"collection":[{"href":"https:\/\/www.psib-psoe.org\/mallorca\/wp-json\/wp\/v2\/posts"}],"about":[{"href":"https:\/\/www.psib-psoe.org\/mallorca\/wp-json\/wp\/v2\/types\/post"}],"author":[{"embeddable":true,"href":"https:\/\/www.psib-psoe.org\/mallorca\/wp-json\/wp\/v2\/users\/4"}],"replies":[{"embeddable":true,"href":"https:\/\/www.psib-psoe.org\/mallorca\/wp-json\/wp\/v2\/comments?post=30007"}],"version-history":[{"count":1,"href":"https:\/\/www.psib-psoe.org\/mallorca\/wp-json\/wp\/v2\/posts\/30007\/revisions"}],"predecessor-version":[{"id":30009,"href":"https:\/\/www.psib-psoe.org\/mallorca\/wp-json\/wp\/v2\/posts\/30007\/revisions\/30009"}],"wp:featuredmedia":[{"embeddable":true,"href":"https:\/\/www.psib-psoe.org\/mallorca\/wp-json\/wp\/v2\/media\/30008"}],"wp:attachment":[{"href":"https:\/\/www.psib-psoe.org\/mallorca\/wp-json\/wp\/v2\/media?parent=30007"}],"wp:term":[{"taxonomy":"category","embeddable":true,"href":"https:\/\/www.psib-psoe.org\/mallorca\/wp-json\/wp\/v2\/categories?post=30007"},{"taxonomy":"post_tag","embeddable":true,"href":"https:\/\/www.psib-psoe.org\/mallorca\/wp-json\/wp\/v2\/tags?post=30007"}],"curies":[{"name":"wp","href":"https:\/\/api.w.org\/{rel}","templated":true}]}}