{"id":30010,"date":"2025-07-04T12:43:54","date_gmt":"2025-07-04T10:43:54","guid":{"rendered":"https:\/\/www.psib-psoe.org\/mallorca\/?p=30010"},"modified":"2025-07-04T12:44:05","modified_gmt":"2025-07-04T10:44:05","slug":"el-conseller-de-turisme-jose-marcial-rodriguez-falseja-les-dades-de-sancions-turistiques-de-2024","status":"publish","type":"post","link":"https:\/\/www.psib-psoe.org\/mallorca\/el-conseller-de-turisme-jose-marcial-rodriguez-falseja-les-dades-de-sancions-turistiques-de-2024\/","title":{"rendered":"El conseller de Turisme Jos\u00e9 Marcial Rodr\u00edguez falseja les dades de sancions tur\u00edstiques de 2024."},"content":{"rendered":"<div class=\"wpb-content-wrapper\">\n<p><\/p>\n\n\n\n<p><\/p>\n\n\n<div class=\"wp-block-image\">\n<figure class=\"aligncenter size-full\"><img loading=\"lazy\" decoding=\"async\" width=\"2048\" height=\"1536\" src=\"http:\/\/www.psib-psoe.org\/mallorca\/wp-content\/uploads\/Grup-DPG.jpg\" alt=\"\" class=\"wp-image-29821\" srcset=\"https:\/\/www.psib-psoe.org\/mallorca\/wp-content\/uploads\/Grup-DPG.jpg 2048w, https:\/\/www.psib-psoe.org\/mallorca\/wp-content\/uploads\/Grup-DPG-300x225.jpg 300w, https:\/\/www.psib-psoe.org\/mallorca\/wp-content\/uploads\/Grup-DPG-1024x768.jpg 1024w, https:\/\/www.psib-psoe.org\/mallorca\/wp-content\/uploads\/Grup-DPG-768x576.jpg 768w, https:\/\/www.psib-psoe.org\/mallorca\/wp-content\/uploads\/Grup-DPG-1536x1152.jpg 1536w, https:\/\/www.psib-psoe.org\/mallorca\/wp-content\/uploads\/Grup-DPG-150x113.jpg 150w, https:\/\/www.psib-psoe.org\/mallorca\/wp-content\/uploads\/Grup-DPG-600x450.jpg 600w, https:\/\/www.psib-psoe.org\/mallorca\/wp-content\/uploads\/Grup-DPG-900x675.jpg 900w, https:\/\/www.psib-psoe.org\/mallorca\/wp-content\/uploads\/Grup-DPG-20x16.jpg 20w\" sizes=\"(max-width: 2048px) 100vw, 2048px\" \/><\/figure><\/div>\n\n<p>La compareixen\u00e7a de Marcial Rodr\u00edguez a la Comissi\u00f3 Informativa del Consell, a proposta del Grup Socialista, no ha resolt cap de les q\u00fcestions plantejades per la consellera Juana M. Adrover, tot i que si ha servit per demostrar un cop m\u00e9s la inacci\u00f3 del departament de Turisme, envoltat en una ret\u00f2rica buida de contingut del seu responsable, que defuig la rendici\u00f3 de comptes i la transpar\u00e8ncia en la gesti\u00f3, i que nom\u00e9s es capa\u00e7 de difondre dades equ\u00edvoques, com en el cas de la xifra de recaptaci\u00f3 total de les sancions d\u2019ordenaci\u00f3 tur\u00edstica de 2024.<\/p>\n\n\n[vc_row][vc_column][vc_column_text]\n<p>J. Marcial Rodr\u00edguez ha tornat a fer gala de la seva capacitat per evitar donar comptes de la seva t\u00e8rbola gesti\u00f3 al capdavant del departament de Turisme. Aquest cop ha estat en resposta a una interpel\u00b7laci\u00f3 del Grup Socialista, en la que es demanava de manera molt clara, dades sobre sancions, expedients, i recaptaci\u00f3 en ordenaci\u00f3 tur\u00edstica, en relaci\u00f3 a la suposada pol\u00edtica de persecuci\u00f3 contra l\u2019activitat il\u00b7legal a Mallorca que afirma liderar Galm\u00e9s des del Consell de Mallorca. La iniciativa de la consellera socialista Juana M. Adrover pretenia aportar llum sobre \u201csancions ha cobrat el Consell per lloguer tur\u00edstic il\u00b7legal a Mallorca; quants de pisos tur\u00edstics il\u00b7legals o establiments tur\u00edstics s\u2019han tancat per incompliments legals;  i quantes llic\u00e8ncies de lloguer vacacional han estat suspeses o retirades\u201d. <\/p>\n<p>En la seva resposta, sense argumentaci\u00f3 ni dades de la seva gesti\u00f3, i enfocada un cop m\u00e9s a la cr\u00edtica als anteriors responsables del departament, Rodr\u00edguez ha afirmat que la xifra de sancions executades i cobrades pel seu departament havien passat dels 2 milions de 2022, als 8 milions de 2024. Aquesta afirmaci\u00f3 \u00e9s falsa, segons les mateixes dades de liquidaci\u00f3 del pressupost de 2024 validades per la Intervenci\u00f3 del Consell de Mallorca. Aix\u00ed els 8 milions d\u2019euros serien la xifra de \u201cdrets reconeguts\u201d, es a dir, expedients de sancions en tr\u00e0mit, per\u00f2 que no s\u2019han tancat. En realitat la xifra de sancions realment cobrades pel departament de Turisme en 2024 seria de 2 milions d\u2019euros, una xifra molt similar a la de 2022, que precisament Rodr\u00edguez pretenia deixar en evid\u00e8ncia amb la seva comparativa. <\/p>\n<p>Adrover ha assenyalat un cop m\u00e9s la inefic\u00e0cia de la gesti\u00f3 de Rodr\u00edguez, exemplificada en el darrer acord anunciat amb bombo i platerets amb la plataforma comercialitzadora AirBnB. Un acord que inclou l\u2019anunci de la retirada de 130 anuncis de lloguers il\u00b7legals de les seves p\u00e0gines, i l\u2019obligaci\u00f3 de la inclusi\u00f3 del n\u00famero de llic\u00e8ncia per a cada unitat d\u2019allotjament. \u201cUn acord absolutament innecessari des del punt de vista normatiu, per qu\u00e8 la Llei ja obliga a totes les plataformes a mostrar el n\u00famero de registre tur\u00edstic a cada anunci. Vost\u00e8 el que ha de fer \u00e9s exigir-los que compleixin la llei, no signar acords de bona voluntat amb una d\u2019elles i blanquejar-les\u201d, ha afirmat Adrover. <\/p>\n<p>El silenci de Rodr\u00edguez a les demandes d\u2019informaci\u00f3 del Grup Socialista ha contrastat aquest dijous amb les afirmacions del batle de Palma. Jaime Mart\u00ednez, en pres\u00e8ncia de Galm\u00e9s i de Rodr\u00edguez va admetre la xifra de 15.000 allotjaments tur\u00edstics il\u00b7legals nom\u00e9s a Ciutat, que en la seva majoria es comercialitzen a trav\u00e9s de les plataformes com AirBnB. \u201cS\u2019ha de tenir molt d\u2019est\u00f3mac per vendre com un avan\u00e7 un acord amb una plataforma que afirma retirar 130 anuncis, quan nom\u00e9s a Palma ja saben que en tenen prop de 15.000 d\u2019il\u00b7legals\u201d, ha afirmat Adrover. Mai es poden celebrar com a bones not\u00edcies en la persecuci\u00f3 de l\u2019allotjament il\u00b7legal una iniciativa que en el millor dels casos actua sobre el 0,9% dels pisos que es lloguen a turistes, nom\u00e9s a Ciutat. <\/p>\n<p>Mentrestant, Adrover ha fet refer\u00e8ncia a un estiu \u201cde caos i ple de persones arrossegant maletes que pugen i baixen de pisos en edificis plurifamiliars, mentre que Marcial Rodr\u00edguez segueix enredat en una dial\u00e8ctica filos\u00f2fica que afecta a l\u2019organitzaci\u00f3 interna, per\u00f2 que no avan\u00e7a cap a l\u2019efic\u00e0cia de les actuacions, en una Mallorca de cam\u00ed cap al col\u00b7lapse i la massificaci\u00f3 en plena temporada alta. <\/p>\n[\/vc_column_text][\/vc_column][\/vc_row]\n\n\n\n<p><\/p>\n\n\n\n<figure class=\"wp-block-audio\"><audio controls src=\"https:\/\/www.psib-psoe.org\/mallorca\/wp-content\/uploads\/Juana-Adrover-xifres-sancions-turistiques.mp3\"><\/audio><\/figure>\n<\/div>","protected":false},"excerpt":{"rendered":"La compareixen\u00e7a de Marcial Rodr\u00edguez a la Comissi\u00f3 Informativa del Consell, a proposta del Grup Socialista, no ha resolt cap de les q\u00fcestions plantejades per la consellera Juana M. Adrover, tot i que si ha servit per demostrar un cop m\u00e9s la inacci\u00f3 del departament de Turisme, envoltat en una ret\u00f2rica buida de contingut del&hellip;","protected":false},"author":3,"featured_media":29821,"comment_status":"closed","ping_status":"closed","sticky":false,"template":"","format":"standard","meta":{"footnotes":""},"categories":[89,2,1,92],"tags":[218,343,362,105,83,77,483,504],"class_list":["post-30010","post","type-post","status-publish","format-standard","has-post-thumbnail","hentry","category-consell-de-mallorca","category-federacio-de-mallorca","category-federacio-de-mallorca-portada","category-portada","tag-amanda-fernandez","tag-andreu-serra","tag-ares-fernandez","tag-catalina-cladera","tag-consell-de-mallorca","tag-federacio-socialista-de-mallorca","tag-joan-ferrer","tag-juana-m-adrover"],"_links":{"self":[{"href":"https:\/\/www.psib-psoe.org\/mallorca\/wp-json\/wp\/v2\/posts\/30010"}],"collection":[{"href":"https:\/\/www.psib-psoe.org\/mallorca\/wp-json\/wp\/v2\/posts"}],"about":[{"href":"https:\/\/www.psib-psoe.org\/mallorca\/wp-json\/wp\/v2\/types\/post"}],"author":[{"embeddable":true,"href":"https:\/\/www.psib-psoe.org\/mallorca\/wp-json\/wp\/v2\/users\/3"}],"replies":[{"embeddable":true,"href":"https:\/\/www.psib-psoe.org\/mallorca\/wp-json\/wp\/v2\/comments?post=30010"}],"version-history":[{"count":1,"href":"https:\/\/www.psib-psoe.org\/mallorca\/wp-json\/wp\/v2\/posts\/30010\/revisions"}],"predecessor-version":[{"id":30012,"href":"https:\/\/www.psib-psoe.org\/mallorca\/wp-json\/wp\/v2\/posts\/30010\/revisions\/30012"}],"wp:featuredmedia":[{"embeddable":true,"href":"https:\/\/www.psib-psoe.org\/mallorca\/wp-json\/wp\/v2\/media\/29821"}],"wp:attachment":[{"href":"https:\/\/www.psib-psoe.org\/mallorca\/wp-json\/wp\/v2\/media?parent=30010"}],"wp:term":[{"taxonomy":"category","embeddable":true,"href":"https:\/\/www.psib-psoe.org\/mallorca\/wp-json\/wp\/v2\/categories?post=30010"},{"taxonomy":"post_tag","embeddable":true,"href":"https:\/\/www.psib-psoe.org\/mallorca\/wp-json\/wp\/v2\/tags?post=30010"}],"curies":[{"name":"wp","href":"https:\/\/api.w.org\/{rel}","templated":true}]}}