{"id":30018,"date":"2025-07-07T13:57:57","date_gmt":"2025-07-07T11:57:57","guid":{"rendered":"https:\/\/www.psib-psoe.org\/mallorca\/?p=30018"},"modified":"2025-07-07T13:58:08","modified_gmt":"2025-07-07T11:58:08","slug":"maria-antonia-font-assumeix-la-secretaria-general-de-lagrupacio-socialista-de-campos-amb-lobjectiu-dimpulsar-politiques-locals-justes-sostenibles-i-inclusives","status":"publish","type":"post","link":"https:\/\/www.psib-psoe.org\/mallorca\/maria-antonia-font-assumeix-la-secretaria-general-de-lagrupacio-socialista-de-campos-amb-lobjectiu-dimpulsar-politiques-locals-justes-sostenibles-i-inclusives\/","title":{"rendered":"Maria Ant\u00f2nia Font assumeix la secretaria general de l\u2019Agrupaci\u00f3 Socialista de Campos amb l\u2019objectiu \u201cd\u2019impulsar pol\u00edtiques locals justes, sostenibles i inclusives\u201d"},"content":{"rendered":"<figure class=\"wp-block-image size-large\"><img loading=\"lazy\" decoding=\"async\" class=\"alignnone wp-image-30019 size-full\" src=\"http:\/\/www.psib-psoe.org\/mallorca\/wp-content\/uploads\/070725_Foto-Grup-Campos.jpeg\" alt=\"\" width=\"2048\" height=\"1536\" srcset=\"https:\/\/www.psib-psoe.org\/mallorca\/wp-content\/uploads\/070725_Foto-Grup-Campos.jpeg 2048w, https:\/\/www.psib-psoe.org\/mallorca\/wp-content\/uploads\/070725_Foto-Grup-Campos-300x225.jpeg 300w, https:\/\/www.psib-psoe.org\/mallorca\/wp-content\/uploads\/070725_Foto-Grup-Campos-1024x768.jpeg 1024w, https:\/\/www.psib-psoe.org\/mallorca\/wp-content\/uploads\/070725_Foto-Grup-Campos-768x576.jpeg 768w, https:\/\/www.psib-psoe.org\/mallorca\/wp-content\/uploads\/070725_Foto-Grup-Campos-1536x1152.jpeg 1536w, https:\/\/www.psib-psoe.org\/mallorca\/wp-content\/uploads\/070725_Foto-Grup-Campos-150x113.jpeg 150w, https:\/\/www.psib-psoe.org\/mallorca\/wp-content\/uploads\/070725_Foto-Grup-Campos-600x450.jpeg 600w, https:\/\/www.psib-psoe.org\/mallorca\/wp-content\/uploads\/070725_Foto-Grup-Campos-900x675.jpeg 900w, https:\/\/www.psib-psoe.org\/mallorca\/wp-content\/uploads\/070725_Foto-Grup-Campos-20x16.jpeg 20w\" sizes=\"(max-width: 2048px) 100vw, 2048px\" \/><\/figure>\n<p><em><u><i><span lang=\"CA\">Els socialistes de Campos han celebrat l\u2019assemblea local per renovar la seva comissi\u00f3 executiva<\/span><\/i><\/u><\/em><\/p>\n<p>L\u2019Agrupaci\u00f3 Socialista de Campos ha celebrat la seva assemblea local per presentar els nous membres de la comissi\u00f3 executiva. Maria Ant\u00f2nia Font ha sortit elegida secret\u00e0ria general de l\u2019agrupaci\u00f3 amb l\u2019objectiu \u201cd\u2019impulsar pol\u00edtiques locals justes, sostenibles i inclusives\u201d.<\/p>\n<p>Font ha afegit que vol \u201crepresentar els valors del socialisme democr\u00e0tic al municipi i fomentar la participaci\u00f3 ciutadana i el debat pol\u00edtic progressista\u201d. Tamb\u00e9 ha destacat que \u201cvolem per Campos\u00a0 una veu socialista forta que defensi els serveis p\u00fablics (sanitat, educaci\u00f3 i serveis socials), promogui la igualtat d\u2019oportunitats i la just\u00edcia social i aposti per un desenvolupament econ\u00f2mic sostenible i respectu\u00f3s amb el territori\u201d.<\/p>\n<p>La nova comissi\u00f3 executiva dels Socialistes de Campos est\u00e0 composta per: Paco Blasco (president), Maria Ant\u00f2nia Font (secret\u00e0ria general), Gabriel A. Perell\u00f3 (secretari d\u2019organitzaci\u00f3), Margalida Burguera (secret\u00e0ria de pol\u00edtica municipal), Margalida Ballester (secretaria de pol\u00edtica social i serveis p\u00fablics), Buenaventura Manresa (secret\u00e0ria d\u2019igualtat) i Estela Garcia (secret\u00e0ria de comunicaci\u00f3 i xarxes socials).<\/p>\n<p>La nova secret\u00e0ria general de l\u2019Agrupaci\u00f3 Socialista de Campos ha declarat que \u201cels eixos prioritaris de la nova comissi\u00f3 executiva s\u00f3n l\u2019habitatge digne i assequible, la millora dels serveis sanitaris i socials, la transici\u00f3 ecol\u00f2gica i energies renovables i la participaci\u00f3 ciutadana i transpar\u00e8ncia. Com a nova executiva convidem a totes les persones progressistes de Campos a sumar-se a aquest projecte col\u00b7lectiu per construir un futur millor per al nostre poble\u201d.<\/p>\n<p>Font ha concl\u00f2s que \u201cvull acabar donant les gr\u00e0cies a tots els homes i dones que han format part de la comissi\u00f3 executiva sortint per la feina feta. Tamb\u00e9, un agra\u00efment a tots els que heu acceptat formar part de la nova comissi\u00f3 executiva dels Socialistes de Campos\u201d.<\/p>\n\n\n<p><\/p>\n","protected":false},"excerpt":{"rendered":"<p>Els socialistes de Campos han celebrat l\u2019assemblea local per renovar la seva comissi\u00f3 executiva L\u2019Agrupaci\u00f3 Socialista de Campos ha celebrat la seva assemblea local per presentar els nous membres de la comissi\u00f3 executiva. Maria Ant\u00f2nia Font ha sortit elegida secret\u00e0ria general de l\u2019agrupaci\u00f3 amb l\u2019objectiu \u201cd\u2019impulsar pol\u00edtiques locals justes, sostenibles i inclusives\u201d. Font ha afegit&hellip;<\/p>\n","protected":false},"author":4,"featured_media":30019,"comment_status":"false","ping_status":"closed","sticky":false,"template":"","format":"standard","meta":{"footnotes":""},"categories":[2,1,90,92],"tags":[632,280,77,631,84],"class_list":["post-30018","post","type-post","status-publish","format-standard","has-post-thumbnail","hentry","category-federacio-de-mallorca","category-federacio-de-mallorca-portada","category-municipis","category-portada","tag-agrupacio-socialista-de-campos","tag-campos","tag-federacio-socialista-de-mallorca","tag-maria-antonia-font","tag-psib-psoe"],"_links":{"self":[{"href":"https:\/\/www.psib-psoe.org\/mallorca\/wp-json\/wp\/v2\/posts\/30018"}],"collection":[{"href":"https:\/\/www.psib-psoe.org\/mallorca\/wp-json\/wp\/v2\/posts"}],"about":[{"href":"https:\/\/www.psib-psoe.org\/mallorca\/wp-json\/wp\/v2\/types\/post"}],"author":[{"embeddable":true,"href":"https:\/\/www.psib-psoe.org\/mallorca\/wp-json\/wp\/v2\/users\/4"}],"replies":[{"embeddable":true,"href":"https:\/\/www.psib-psoe.org\/mallorca\/wp-json\/wp\/v2\/comments?post=30018"}],"version-history":[{"count":1,"href":"https:\/\/www.psib-psoe.org\/mallorca\/wp-json\/wp\/v2\/posts\/30018\/revisions"}],"predecessor-version":[{"id":30020,"href":"https:\/\/www.psib-psoe.org\/mallorca\/wp-json\/wp\/v2\/posts\/30018\/revisions\/30020"}],"wp:featuredmedia":[{"embeddable":true,"href":"https:\/\/www.psib-psoe.org\/mallorca\/wp-json\/wp\/v2\/media\/30019"}],"wp:attachment":[{"href":"https:\/\/www.psib-psoe.org\/mallorca\/wp-json\/wp\/v2\/media?parent=30018"}],"wp:term":[{"taxonomy":"category","embeddable":true,"href":"https:\/\/www.psib-psoe.org\/mallorca\/wp-json\/wp\/v2\/categories?post=30018"},{"taxonomy":"post_tag","embeddable":true,"href":"https:\/\/www.psib-psoe.org\/mallorca\/wp-json\/wp\/v2\/tags?post=30018"}],"curies":[{"name":"wp","href":"https:\/\/api.w.org\/{rel}","templated":true}]}}