{"id":30022,"date":"2025-07-09T14:51:50","date_gmt":"2025-07-09T12:51:50","guid":{"rendered":"https:\/\/www.psib-psoe.org\/mallorca\/?p=30022"},"modified":"2025-07-09T14:52:02","modified_gmt":"2025-07-09T12:52:02","slug":"els-socialistes-eleven-al-ple-del-consell-el-debat-contra-la-destruccio-del-territori-i-la-massificacio-turistica-que-fomenta-ppvox","status":"publish","type":"post","link":"https:\/\/www.psib-psoe.org\/mallorca\/els-socialistes-eleven-al-ple-del-consell-el-debat-contra-la-destruccio-del-territori-i-la-massificacio-turistica-que-fomenta-ppvox\/","title":{"rendered":"Els Socialistes eleven al ple del Consell el debat contra la destrucci\u00f3 del territori i la massificaci\u00f3 tur\u00edstica que fomenta PPVox."},"content":{"rendered":"<div class=\"wpb-content-wrapper\">\n<p><\/p>\n\n\n<div class=\"wp-block-image\">\n<figure class=\"aligncenter size-full\"><img loading=\"lazy\" decoding=\"async\" width=\"2560\" height=\"1881\" src=\"https:\/\/www.psib-psoe.org\/mallorca\/wp-content\/uploads\/Catalina-rdp-090725.jpeg\" alt=\"\" class=\"wp-image-30023\" srcset=\"https:\/\/www.psib-psoe.org\/mallorca\/wp-content\/uploads\/Catalina-rdp-090725.jpeg 2560w, https:\/\/www.psib-psoe.org\/mallorca\/wp-content\/uploads\/Catalina-rdp-090725-300x220.jpeg 300w, https:\/\/www.psib-psoe.org\/mallorca\/wp-content\/uploads\/Catalina-rdp-090725-1024x752.jpeg 1024w, https:\/\/www.psib-psoe.org\/mallorca\/wp-content\/uploads\/Catalina-rdp-090725-768x564.jpeg 768w, https:\/\/www.psib-psoe.org\/mallorca\/wp-content\/uploads\/Catalina-rdp-090725-1536x1129.jpeg 1536w, https:\/\/www.psib-psoe.org\/mallorca\/wp-content\/uploads\/Catalina-rdp-090725-2048x1505.jpeg 2048w, https:\/\/www.psib-psoe.org\/mallorca\/wp-content\/uploads\/Catalina-rdp-090725-150x110.jpeg 150w, https:\/\/www.psib-psoe.org\/mallorca\/wp-content\/uploads\/Catalina-rdp-090725-600x441.jpeg 600w, https:\/\/www.psib-psoe.org\/mallorca\/wp-content\/uploads\/Catalina-rdp-090725-900x661.jpeg 900w, https:\/\/www.psib-psoe.org\/mallorca\/wp-content\/uploads\/Catalina-rdp-090725-20x16.jpeg 20w\" sizes=\"(max-width: 2560px) 100vw, 2560px\" \/><\/figure><\/div>\n\n<p>Davant l&#8217;aprovaci\u00f3 de diverses iniciatives legislatives que amenacen el model territorial, la sostenibilitat i la conviv\u00e8ncia a Mallorca, el Grup Socialista al Consell de Mallorca expressa el seu rebuig frontal, en sengles iniciatives al ple de dem\u00e0, pel \u201cretroc\u00e9s hist\u00f2ric en mat\u00e8ria de protecci\u00f3 del territori i just\u00edcia social que ens torna a les \u00e8poques de ple descontrol urban\u00edstic i territorial dels anys 80 i 90\u201d, en paraules de la portaveu del Grup Socialista, Catalina Cladera.<\/p>\n\n\n[vc_row][vc_column][vc_column_text]\n<p>L\u2019aprovaci\u00f3 dilluns al Parlament, de la nova Llei que permetr\u00e0 urbanitzar el r\u00fastic dels municipis de m\u00e9s de 10\/20.000 habitants, sense esgotar el s\u00f2l urbanitzable actual \u00e9s un atac directe ad totes les pol\u00edtiques de sostenibilitat territorial que s\u2019han fet a Mallorca El Grup Socialista denuncien la recent aprovaci\u00f3 al Parlament, amb majoria PPVox, de la llei que permet urbanitzar s\u00f2l r\u00fastic en municipis de m\u00e9s de 10.000 habitants, sense haver esgotat les reserves de s\u00f2l urbanitzable. Catalina Cladera creu que \u201cestam davant d\u2019un retorn a les pol\u00edtiques especulatives dels anys 80 i 90 i una amena\u00e7a directa a la Mallorca del futur\u201d. <\/p>\n<p>Cladera creu que aquesta iniciativa no dona cap soluci\u00f3 a la situaci\u00f3 d\u2019emerg\u00e8ncia habitacional que vivim, i que priva a una part creixent de la societat de Mallorca de la possibilitat de trobar un habitatge digne, de lloguer o de compra, a un preu d\u2019acord amb les condicions econ\u00f2miques i salarials mitjanes dels treballadors de l\u2019illa. Al contrari, es tracta d\u2019una excusa emprada pel PP simplement per afavorir l\u2019especulaci\u00f3, la urbanitzaci\u00f3 de zones fins ara declarades com a r\u00fastiques, per edificar habitatges que estaran nom\u00e9s a l\u2019abast d\u2019uns pocs i de capital estranger. <\/p>\n<p>La portaveu socialista ha anunciat que \u201ctant aviat tornem al Govern revertirem totes aquestes iniciatives pol\u00edtiques que ataquen el m\u00e9s sagrat que tenim a Mallorca, el nostre territori, i molt en especial, la Serra de Tramuntana. Cladera ha censurat \u201cel silenci de Galm\u00e9s\u201d davant la prevista legalitzaci\u00f3 d\u2019edificacions il\u00b7legals, que posa en risc el car\u00e0cter excepcional de la Serra, reconeguda per la UNESCO com a Patrimoni Mundial, amb una llei que podria convertir-se en una eina de blanqueig urban\u00edstic. Una llei de la Serra preparada de portes endins del Consell, sense comptar en cap cas amb l\u2019oposici\u00f3. <\/p>\n<p>El Grup Socialista presenta una pregunta i una moci\u00f3 al plenari, en primer terme, per saber de quina manera afecta l\u2019amnistia urban\u00edstica decretada per Prohens en el projecte de llei que prepara el Consell de Mallorca. Un projecte que queda en entredit, donada la finalitat especulativa de l\u2019acci\u00f3 legalitzadora del Govern a la Serra, amb usos i edificis que quedaran en condicions de revaloritzar-se i tornar al mercat, per beneficiar uns interessos minoritaris molt determinats. La moci\u00f3 socialista que es debat dem\u00e0 proposa instar el Govern de les Illes Balears a no rebaixar en el nivell de protecci\u00f3 de la Serra de Tramuntana. Exigir que qualsevol iniciativa legislativa que afecti la Serra de Tramuntana sigui objecte de debat p\u00fablic i consulta amb agents afectats i ajuntaments. Manifestar el rebuig frontal a qualsevol intent de legalitzar edificacions amb usos prohibits a la Serra que comprometin els valors que varen motivar la seva declaraci\u00f3 com a Patrimoni Mundial. I donar trasllat del proc\u00e9s a les entitats promotores de la declaraci\u00f3 de Patrimoni de la Humanitat, ICOMOS i UNESCO.<\/p>\n<p>La \u201cdestrucci\u00f3 programada del territori\u201d que propicia PPVox amb els seus acords te el seu correlat amb les iniciatives que impulsen a nivell tur\u00edstic. El Decret llei 4\/2025 torna a posar al mercat fins a 90.000 places tur\u00edstiques que estaven previstes per ser amortitzades, nom\u00e9s a Mallorca. A m\u00e9s, es permeten 500 noves concessions de places tur\u00edstiques en edificis BIC sense cap estudi de c\u00e0rrega. Cladera ha reclamat un estudi rigor\u00f3s sobre la capacitat de c\u00e0rrega de l\u2019illa i un refor\u00e7 efectiu de l\u2019activitat sancionadora davant les il\u00b7legalitats tur\u00edstiques, a banda de la retirada de les dues bosses de places tur\u00edstiques que ha obert el Consell de Mallorca, i que permeten precisament la comercialitzaci\u00f3 de les mateixes, en una nova iniciativa que el Grup Socialista porta dem\u00e0 a ple. <\/p>\n<p>Cladera tamb\u00e9 ha negat taxativament que la Llei de restricci\u00f3 d\u2019entrada de vehicles a l\u2019illa que prepara el Consell compti amb l\u2019aval del grup Socialista. \u201cA nosaltres ens la varen presentar, fa un mes, per\u00f2 en cap cas ens l\u2019han consensuada\u201d, ha dit la socialista, negant les mateixes afirmacions de Galm\u00e9s. \u201cEls Socialistes som molt conscients que estem en un moment pol\u00edtic molt delicat, per que les propostes legislatives de PPVox posen en risc el nostre futur com a poble\u201d.<\/p>\n[\/vc_column_text][\/vc_column][\/vc_row]\n\n\n\n<p><\/p>\n\n\n\n<figure class=\"wp-block-audio\"><audio controls src=\"https:\/\/www.psib-psoe.org\/mallorca\/wp-content\/uploads\/090725_Catalina-Cladera-RDP-previa-Ple-CIM.mp3\"><\/audio><\/figure>\n<\/div>","protected":false},"excerpt":{"rendered":"Davant l'aprovaci\u00f3 de diverses iniciatives legislatives que amenacen el model territorial, la sostenibilitat i la conviv\u00e8ncia a Mallorca, el Grup Socialista al Consell de Mallorca expressa el seu rebuig frontal, en sengles iniciatives al ple de dem\u00e0, pel \u201cretroc\u00e9s hist\u00f2ric en mat\u00e8ria de protecci\u00f3 del territori i just\u00edcia social que ens torna a les \u00e8poques&hellip;","protected":false},"author":3,"featured_media":30023,"comment_status":"closed","ping_status":"closed","sticky":false,"template":"","format":"standard","meta":{"footnotes":""},"categories":[89,2,1,92],"tags":[218,343,362,447,546,105,83,77,226,483,504,296],"class_list":["post-30022","post","type-post","status-publish","format-standard","has-post-thumbnail","hentry","category-consell-de-mallorca","category-federacio-de-mallorca","category-federacio-de-mallorca-portada","category-portada","tag-amanda-fernandez","tag-andreu-serra","tag-ares-fernandez","tag-bea-gamundi","tag-biel-alomar","tag-catalina-cladera","tag-consell-de-mallorca","tag-federacio-socialista-de-mallorca","tag-javier-de-juan","tag-joan-ferrer","tag-juana-m-adrover","tag-sofia-alonso"],"_links":{"self":[{"href":"https:\/\/www.psib-psoe.org\/mallorca\/wp-json\/wp\/v2\/posts\/30022"}],"collection":[{"href":"https:\/\/www.psib-psoe.org\/mallorca\/wp-json\/wp\/v2\/posts"}],"about":[{"href":"https:\/\/www.psib-psoe.org\/mallorca\/wp-json\/wp\/v2\/types\/post"}],"author":[{"embeddable":true,"href":"https:\/\/www.psib-psoe.org\/mallorca\/wp-json\/wp\/v2\/users\/3"}],"replies":[{"embeddable":true,"href":"https:\/\/www.psib-psoe.org\/mallorca\/wp-json\/wp\/v2\/comments?post=30022"}],"version-history":[{"count":1,"href":"https:\/\/www.psib-psoe.org\/mallorca\/wp-json\/wp\/v2\/posts\/30022\/revisions"}],"predecessor-version":[{"id":30025,"href":"https:\/\/www.psib-psoe.org\/mallorca\/wp-json\/wp\/v2\/posts\/30022\/revisions\/30025"}],"wp:featuredmedia":[{"embeddable":true,"href":"https:\/\/www.psib-psoe.org\/mallorca\/wp-json\/wp\/v2\/media\/30023"}],"wp:attachment":[{"href":"https:\/\/www.psib-psoe.org\/mallorca\/wp-json\/wp\/v2\/media?parent=30022"}],"wp:term":[{"taxonomy":"category","embeddable":true,"href":"https:\/\/www.psib-psoe.org\/mallorca\/wp-json\/wp\/v2\/categories?post=30022"},{"taxonomy":"post_tag","embeddable":true,"href":"https:\/\/www.psib-psoe.org\/mallorca\/wp-json\/wp\/v2\/tags?post=30022"}],"curies":[{"name":"wp","href":"https:\/\/api.w.org\/{rel}","templated":true}]}}