{"id":30026,"date":"2025-07-10T13:19:36","date_gmt":"2025-07-10T11:19:36","guid":{"rendered":"https:\/\/www.psib-psoe.org\/mallorca\/?p=30026"},"modified":"2025-07-10T13:19:47","modified_gmt":"2025-07-10T11:19:47","slug":"joan-gaspar-vallori-revalida-la-secretaria-general-de-lagrupacio-socialista-dalcudia","status":"publish","type":"post","link":"https:\/\/www.psib-psoe.org\/mallorca\/joan-gaspar-vallori-revalida-la-secretaria-general-de-lagrupacio-socialista-dalcudia\/","title":{"rendered":"Joan Gaspar Vallori revalida la secretaria general de l\u2019Agrupaci\u00f3 Socialista d\u2019Alc\u00fadia."},"content":{"rendered":"<div class=\"wpb-content-wrapper\">\n<figure class=\"wp-block-image size-full\"><img loading=\"lazy\" decoding=\"async\" width=\"2048\" height=\"1536\" src=\"https:\/\/www.psib-psoe.org\/mallorca\/wp-content\/uploads\/Executiva-Alcudia-2-1.jpeg\" alt=\"\" class=\"wp-image-30029\" srcset=\"https:\/\/www.psib-psoe.org\/mallorca\/wp-content\/uploads\/Executiva-Alcudia-2-1.jpeg 2048w, https:\/\/www.psib-psoe.org\/mallorca\/wp-content\/uploads\/Executiva-Alcudia-2-1-300x225.jpeg 300w, https:\/\/www.psib-psoe.org\/mallorca\/wp-content\/uploads\/Executiva-Alcudia-2-1-1024x768.jpeg 1024w, https:\/\/www.psib-psoe.org\/mallorca\/wp-content\/uploads\/Executiva-Alcudia-2-1-768x576.jpeg 768w, https:\/\/www.psib-psoe.org\/mallorca\/wp-content\/uploads\/Executiva-Alcudia-2-1-1536x1152.jpeg 1536w, https:\/\/www.psib-psoe.org\/mallorca\/wp-content\/uploads\/Executiva-Alcudia-2-1-150x113.jpeg 150w, https:\/\/www.psib-psoe.org\/mallorca\/wp-content\/uploads\/Executiva-Alcudia-2-1-600x450.jpeg 600w, https:\/\/www.psib-psoe.org\/mallorca\/wp-content\/uploads\/Executiva-Alcudia-2-1-900x675.jpeg 900w, https:\/\/www.psib-psoe.org\/mallorca\/wp-content\/uploads\/Executiva-Alcudia-2-1-20x16.jpeg 20w\" sizes=\"(max-width: 2048px) 100vw, 2048px\" \/><\/figure>\n\n\n<p>L\u2019Assemblea de l\u2019Agrupaci\u00f3 Socialista d\u2019Alc\u00fadia ha reelegit Joan Gaspar Vallori com a secretari general. Vallori seguir\u00e0 liderant l\u2019Agrupaci\u00f3, per seguir amb una feina rigorosa de fiscalitzaci\u00f3 de l\u2019equip de govern municipal des de l\u2019oposici\u00f3. <\/p>\n\n\n[vc_row][vc_column][vc_column_text]\n<p>Joan Gaspar Vallori revalida el mandat de l\u2019Assemblea de l\u2019Agrupaci\u00f3 Socialista d\u2019Alc\u00fadia per ser el secretari general pels pr\u00f2xims 4 anys. Vallori ha remarcat la import\u00e0ncia de la feina d\u2019oposici\u00f3 que est\u00e0 fent el Grup Municipal, per destapar \u201cels excessos i les mancances de gesti\u00f3 d\u2019una coalici\u00f3 de govern que s\u2019ha demostrat molt feble, i contr\u00e0ria als interessos dels alcudiencs i alcudienques\u201d. El secretari general ha agra\u00eft el suport de tota la milit\u00e0ncia, i ha compartit les \u201cganes de seguir fent feina pel poble\u201d. <\/p>\n<p>Vallori engega el mandat amb la mirada posada en les eleccions de 2027, un fet pel qual val la pena \u201cpensar en l\u2019Alc\u00fadia que volem\u201d, a trav\u00e9s del contacte permanent amb entitats i ciutadania. \u201c\u00c9s el moment de deixar enrere el govern de pa i circ del PP i els seus socis, i de fer una passa endavant per un nou govern que es preocupi per les necessitats dels alcudiencs\u201d. <\/p>\n<p>A la nova executiva socialista d\u2019Alc\u00fadia s\u2019hi compten Bego\u00f1a Hern\u00e1ndez com a presidenta, Ag\u00fci Lobo a la vicesecretaria general, Joaquim Buendia a l\u2019Organitzaci\u00f3, Xisco Bibiloni a Pol\u00edtica Municipal, Flor Assof a Treball, B\u00e0rbara Rebassa a Mem\u00f2ria Democr\u00e0tica, Isabel Fern\u00e1ndez a Gent Gran, mentre que les vocalies s\u00f3n per a Mar\u00eda Jes\u00fas Gonz\u00e1lez Mesa, Mart\u00ed Garcias, Margalida Cifre i Rub\u00e9n Castro. Pere Malondra \u00e9s el representant de l\u2019Agrupaci\u00f3 dins del Consell Pol\u00edtic dels Socialistes de Mallorca.   <\/p>\n<p>El vice secretari general de la FSM, Miquel Cabot, i el president de la formaci\u00f3 Tolo Aguilar, han assistit a la reuni\u00f3 de l\u2019executiva, a la qual tamb\u00e9 hi ha participat Beatriu Gamund\u00ed, Javier de Juan i Xisca Mir, i els secretaris generals de les Joventuts Socialistes de Balears, Ana Mar\u00eda Muela, i de Mallorca, Joan M\u00e9ndez. <\/p>\n[\/vc_column_text][\/vc_column][\/vc_row]\n\n\n\n<p><\/p>\n<\/div>","protected":false},"excerpt":{"rendered":"L\u2019Assemblea de l\u2019Agrupaci\u00f3 Socialista d\u2019Alc\u00fadia ha reelegit Joan Gaspar Vallori com a secretari general. Vallori seguir\u00e0 liderant l\u2019Agrupaci\u00f3, per seguir amb una feina rigorosa de fiscalitzaci\u00f3 de l\u2019equip de govern municipal des de l\u2019oposici\u00f3. [vc_row][vc_column][vc_column_text] Joan Gaspar Vallori revalida el mandat de l\u2019Assemblea de l\u2019Agrupaci\u00f3 Socialista d\u2019Alc\u00fadia per ser el secretari general pels pr\u00f2xims 4&hellip;","protected":false},"author":3,"featured_media":30027,"comment_status":"closed","ping_status":"closed","sticky":false,"template":"","format":"standard","meta":{"footnotes":""},"categories":[2,1,90,92],"tags":[348,218,505,349,105,77,304,360,100,351],"class_list":["post-30026","post","type-post","status-publish","format-standard","has-post-thumbnail","hentry","category-federacio-de-mallorca","category-federacio-de-mallorca-portada","category-municipis","category-portada","tag-agrupacio-socialista-dalcudia","tag-amanda-fernandez","tag-ana-maria-muela","tag-barbara-rebassa","tag-catalina-cladera","tag-federacio-socialista-de-mallorca","tag-joan-gaspar-vallori","tag-joan-mendez","tag-miquel-cabot","tag-tolo-aguilar"],"_links":{"self":[{"href":"https:\/\/www.psib-psoe.org\/mallorca\/wp-json\/wp\/v2\/posts\/30026"}],"collection":[{"href":"https:\/\/www.psib-psoe.org\/mallorca\/wp-json\/wp\/v2\/posts"}],"about":[{"href":"https:\/\/www.psib-psoe.org\/mallorca\/wp-json\/wp\/v2\/types\/post"}],"author":[{"embeddable":true,"href":"https:\/\/www.psib-psoe.org\/mallorca\/wp-json\/wp\/v2\/users\/3"}],"replies":[{"embeddable":true,"href":"https:\/\/www.psib-psoe.org\/mallorca\/wp-json\/wp\/v2\/comments?post=30026"}],"version-history":[{"count":2,"href":"https:\/\/www.psib-psoe.org\/mallorca\/wp-json\/wp\/v2\/posts\/30026\/revisions"}],"predecessor-version":[{"id":30030,"href":"https:\/\/www.psib-psoe.org\/mallorca\/wp-json\/wp\/v2\/posts\/30026\/revisions\/30030"}],"wp:featuredmedia":[{"embeddable":true,"href":"https:\/\/www.psib-psoe.org\/mallorca\/wp-json\/wp\/v2\/media\/30027"}],"wp:attachment":[{"href":"https:\/\/www.psib-psoe.org\/mallorca\/wp-json\/wp\/v2\/media?parent=30026"}],"wp:term":[{"taxonomy":"category","embeddable":true,"href":"https:\/\/www.psib-psoe.org\/mallorca\/wp-json\/wp\/v2\/categories?post=30026"},{"taxonomy":"post_tag","embeddable":true,"href":"https:\/\/www.psib-psoe.org\/mallorca\/wp-json\/wp\/v2\/tags?post=30026"}],"curies":[{"name":"wp","href":"https:\/\/api.w.org\/{rel}","templated":true}]}}