{"id":30031,"date":"2025-07-10T15:31:12","date_gmt":"2025-07-10T13:31:12","guid":{"rendered":"https:\/\/www.psib-psoe.org\/mallorca\/?p=30031"},"modified":"2025-07-10T15:31:24","modified_gmt":"2025-07-10T13:31:24","slug":"el-consell-de-mallorca-es-compromet-a-minimitzar-la-discriminacio-digital-de-les-persones-majors-a-proposta-del-grup-socialista","status":"publish","type":"post","link":"https:\/\/www.psib-psoe.org\/mallorca\/el-consell-de-mallorca-es-compromet-a-minimitzar-la-discriminacio-digital-de-les-persones-majors-a-proposta-del-grup-socialista\/","title":{"rendered":"El Consell de Mallorca es compromet a minimitzar la discriminaci\u00f3 digital de les persones majors, a proposta del Grup Socialista."},"content":{"rendered":"<div class=\"wpb-content-wrapper\">\n<p><\/p>\n\n\n<div class=\"wp-block-image\">\n<figure class=\"aligncenter size-full\"><img loading=\"lazy\" decoding=\"async\" width=\"2560\" height=\"1886\" src=\"https:\/\/www.psib-psoe.org\/mallorca\/wp-content\/uploads\/CCOO-bretxa-digital-ple-100725-scaled.jpeg\" alt=\"\" class=\"wp-image-30032\" srcset=\"https:\/\/www.psib-psoe.org\/mallorca\/wp-content\/uploads\/CCOO-bretxa-digital-ple-100725-scaled.jpeg 2560w, https:\/\/www.psib-psoe.org\/mallorca\/wp-content\/uploads\/CCOO-bretxa-digital-ple-100725-300x221.jpeg 300w, https:\/\/www.psib-psoe.org\/mallorca\/wp-content\/uploads\/CCOO-bretxa-digital-ple-100725-1024x754.jpeg 1024w, https:\/\/www.psib-psoe.org\/mallorca\/wp-content\/uploads\/CCOO-bretxa-digital-ple-100725-768x566.jpeg 768w, https:\/\/www.psib-psoe.org\/mallorca\/wp-content\/uploads\/CCOO-bretxa-digital-ple-100725-1536x1132.jpeg 1536w, https:\/\/www.psib-psoe.org\/mallorca\/wp-content\/uploads\/CCOO-bretxa-digital-ple-100725-2048x1509.jpeg 2048w, https:\/\/www.psib-psoe.org\/mallorca\/wp-content\/uploads\/CCOO-bretxa-digital-ple-100725-150x111.jpeg 150w, https:\/\/www.psib-psoe.org\/mallorca\/wp-content\/uploads\/CCOO-bretxa-digital-ple-100725-600x442.jpeg 600w, https:\/\/www.psib-psoe.org\/mallorca\/wp-content\/uploads\/CCOO-bretxa-digital-ple-100725-900x663.jpeg 900w, https:\/\/www.psib-psoe.org\/mallorca\/wp-content\/uploads\/CCOO-bretxa-digital-ple-100725-20x16.jpeg 20w\" sizes=\"(max-width: 2560px) 100vw, 2560px\" \/><\/figure><\/div>\n\n<p>Una moci\u00f3 defensada per la consellera socialista, Beatriu Gamund\u00ed, compromet al Consell en promoure mecanisme d\u2019acc\u00e9s al serveis administratius i comercials a les persones grans que no ho poden fer a trav\u00e9s de mitjans digitals, i reduir d\u2019aquesta manera la bretxa digital que actualment es provoca, per l\u2019exclusi\u00f3 d\u2019aquest col\u00b7lectiu. La Federaci\u00f3 de Jubilats de CCOO ha intervingut en el ple per fer suport a la demanda. Tamb\u00e9 a col\u00b7laci\u00f3 de la iniciativa socialista, el Consell de Mallorca ha accedit a convocar el Consell de la Gent Gran de Mallorca per primer cop en aquesta legislatura, despr\u00e9s de m\u00e9s de dos anys de la darrera sessi\u00f3 d\u2019aquest ens. <\/p>\n\n\n[vc_row][vc_column][vc_column_text]\n<p>El Consell de Mallorca s\u2019ha comprom\u00e8s avui a promoure mesures per garantir l\u2019acc\u00e9s universal i igualitari als serveis essencials per a les persones majors, mantenint canals d\u2019atenci\u00f3 presencial i promovent una administraci\u00f3 accessible, clara i adaptada a les seves necessitats. Aix\u00ed ho ha defensat una moci\u00f3 del grup socialista promoguda per la consellera Beatriu Gamund\u00ed, i que ha estat aprovada per unanimitat en el ple d\u2019aquest dijous. <\/p>\n<p>\u201cUna societat democr\u00e0tica i justa no pot ignorar les barreres que la digitalitzaci\u00f3 no adaptada suposa per a milers de persones que no disposen de les compet\u00e8ncies digitals necess\u00e0ries per accedir als serveis essencials\u201d, ha defensat Gamund\u00ed . La socialista s\u2019ha referit a la situaci\u00f3 de moltes persones majors, que sovint es veuen excloses de serveis bancaris, administratius i b\u00e0sics com la llum, l\u2019aigua o les telecomunicacions, davant la desaparici\u00f3 progressiva dels canals presencials i l\u2019exig\u00e8ncia creixent de fer tr\u00e0mits \u00fanicament en l\u00ednia o mitjan\u00e7ant cita pr\u00e8via digital. Aquesta realitat genera situacions d\u2019indefensi\u00f3, depend\u00e8ncia, a\u00efllament i p\u00e8rdua d\u2019autonomia, que la moci\u00f3 socialista aprovada avui pret\u00e9n combatre. <\/p>\n<p>Aquestes mesures es sintetitzaran en un nou Pla de Garantia d\u2019Acc\u00e9s Universal als Serveis B\u00e0sics per a les persones majors, que garanteixi com a m\u00ednim: l\u2019atenci\u00f3 presencial sense necessitat de cita pr\u00e8via digital almenys dos dies a la setmana; potenciar la creaci\u00f3 l\u00ednies telef\u00f2niques gratu\u00eftes amb atenci\u00f3 humana directa per a la realitzaci\u00f3 de gestions b\u00e0siques; treballar per l\u2019exempci\u00f3 de comissions banc\u00e0ries per a les persones jubilades i pensionistes en el compte on es domicilia la pensi\u00f3; i demanar la simplificaci\u00f3 dels tr\u00e0mits i de la informaci\u00f3, mitjan\u00e7ant l\u2019\u00fas d\u2019un llenguatge clar, comprensible i adaptat. Gamund\u00ed ha instat donar \u201cuna resposta institucional que combini modernitzaci\u00f3 amb just\u00edcia social, i que posi al centre la dignitat, l\u2019autonomia i la igualtat d\u2019oportunitats de totes les persones\u201d, per superar la bretxa digital. <\/p>\n<p>La consellera socialista tamb\u00e9 ha al\u00b7ludit a la necessitat de que el Consell de Mallorca desbloquegi la convocat\u00f2ria del Consell de Gent Gran de Mallorca, un ens creat durant la passada legislatura, per\u00f2 que porta dos anys sense reunir-se. <\/p>\n<p>Aquest Consell de la Gent Gran ha de ser el f\u00f2rum de debat i posada en com\u00fa de problemes com el que causa la bretxa digital a les persones majors, i un element de reflexi\u00f3 precisament per posar veu a les necessitats d\u2019aquest col\u00b7lectiu. La demanda de Gamund\u00ed ha quedat atesa pel conseller de Presid\u00e8ncia del Consell de Mallorca que s\u2019ha comprom\u00e8s a fer la primera convocat\u00f2ria del Consell de Gent Gran de Mallorca de la legislatura pel pr\u00f2xim mes de setembre. <\/p>\n[\/vc_column_text][\/vc_column][\/vc_row]\n\n\n\n<p><\/p>\n<\/div>","protected":false},"excerpt":{"rendered":"Una moci\u00f3 defensada per la consellera socialista, Beatriu Gamund\u00ed, compromet al Consell en promoure mecanisme d\u2019acc\u00e9s al serveis administratius i comercials a les persones grans que no ho poden fer a trav\u00e9s de mitjans digitals, i reduir d\u2019aquesta manera la bretxa digital que actualment es provoca, per l\u2019exclusi\u00f3 d\u2019aquest col\u00b7lectiu. La Federaci\u00f3 de Jubilats de&hellip;","protected":false},"author":3,"featured_media":30032,"comment_status":"closed","ping_status":"closed","sticky":false,"template":"","format":"standard","meta":{"footnotes":""},"categories":[89,2,1,92],"tags":[218,343,362,447,546,105,83,77,226,483,504,296],"class_list":["post-30031","post","type-post","status-publish","format-standard","has-post-thumbnail","hentry","category-consell-de-mallorca","category-federacio-de-mallorca","category-federacio-de-mallorca-portada","category-portada","tag-amanda-fernandez","tag-andreu-serra","tag-ares-fernandez","tag-bea-gamundi","tag-biel-alomar","tag-catalina-cladera","tag-consell-de-mallorca","tag-federacio-socialista-de-mallorca","tag-javier-de-juan","tag-joan-ferrer","tag-juana-m-adrover","tag-sofia-alonso"],"_links":{"self":[{"href":"https:\/\/www.psib-psoe.org\/mallorca\/wp-json\/wp\/v2\/posts\/30031"}],"collection":[{"href":"https:\/\/www.psib-psoe.org\/mallorca\/wp-json\/wp\/v2\/posts"}],"about":[{"href":"https:\/\/www.psib-psoe.org\/mallorca\/wp-json\/wp\/v2\/types\/post"}],"author":[{"embeddable":true,"href":"https:\/\/www.psib-psoe.org\/mallorca\/wp-json\/wp\/v2\/users\/3"}],"replies":[{"embeddable":true,"href":"https:\/\/www.psib-psoe.org\/mallorca\/wp-json\/wp\/v2\/comments?post=30031"}],"version-history":[{"count":1,"href":"https:\/\/www.psib-psoe.org\/mallorca\/wp-json\/wp\/v2\/posts\/30031\/revisions"}],"predecessor-version":[{"id":30033,"href":"https:\/\/www.psib-psoe.org\/mallorca\/wp-json\/wp\/v2\/posts\/30031\/revisions\/30033"}],"wp:featuredmedia":[{"embeddable":true,"href":"https:\/\/www.psib-psoe.org\/mallorca\/wp-json\/wp\/v2\/media\/30032"}],"wp:attachment":[{"href":"https:\/\/www.psib-psoe.org\/mallorca\/wp-json\/wp\/v2\/media?parent=30031"}],"wp:term":[{"taxonomy":"category","embeddable":true,"href":"https:\/\/www.psib-psoe.org\/mallorca\/wp-json\/wp\/v2\/categories?post=30031"},{"taxonomy":"post_tag","embeddable":true,"href":"https:\/\/www.psib-psoe.org\/mallorca\/wp-json\/wp\/v2\/tags?post=30031"}],"curies":[{"name":"wp","href":"https:\/\/api.w.org\/{rel}","templated":true}]}}