{"id":30034,"date":"2025-07-10T17:55:25","date_gmt":"2025-07-10T15:55:25","guid":{"rendered":"https:\/\/www.psib-psoe.org\/mallorca\/?p=30034"},"modified":"2025-07-10T17:57:49","modified_gmt":"2025-07-10T15:57:49","slug":"ppvox-fa-de-menys-les-competencies-del-consell-de-mallorca-i-condemna-la-serra-de-tramuntana-a-lespeculacio-la-massificacio-turistica-i-lurbanisme-desbocat","status":"publish","type":"post","link":"https:\/\/www.psib-psoe.org\/mallorca\/ppvox-fa-de-menys-les-competencies-del-consell-de-mallorca-i-condemna-la-serra-de-tramuntana-a-lespeculacio-la-massificacio-turistica-i-lurbanisme-desbocat\/","title":{"rendered":"PPVox fa de menys les compet\u00e8ncies del Consell de Mallorca i condemna la Serra de Tramuntana a l\u2019especulaci\u00f3, la massificaci\u00f3 tur\u00edstica i l\u2019urbanisme desbocat."},"content":{"rendered":"<div class=\"wpb-content-wrapper\">\n<p><\/p>\n\n\n<div class=\"wp-block-image\">\n<figure class=\"aligncenter size-full\"><img loading=\"lazy\" decoding=\"async\" width=\"1328\" height=\"614\" src=\"https:\/\/www.psib-psoe.org\/mallorca\/wp-content\/uploads\/Grup-DPG-2025-2-1.jpg\" alt=\"\" class=\"wp-image-30035\" srcset=\"https:\/\/www.psib-psoe.org\/mallorca\/wp-content\/uploads\/Grup-DPG-2025-2-1.jpg 1328w, https:\/\/www.psib-psoe.org\/mallorca\/wp-content\/uploads\/Grup-DPG-2025-2-1-300x139.jpg 300w, https:\/\/www.psib-psoe.org\/mallorca\/wp-content\/uploads\/Grup-DPG-2025-2-1-1024x473.jpg 1024w, https:\/\/www.psib-psoe.org\/mallorca\/wp-content\/uploads\/Grup-DPG-2025-2-1-768x355.jpg 768w, https:\/\/www.psib-psoe.org\/mallorca\/wp-content\/uploads\/Grup-DPG-2025-2-1-760x350.jpg 760w, https:\/\/www.psib-psoe.org\/mallorca\/wp-content\/uploads\/Grup-DPG-2025-2-1-20x9.jpg 20w, https:\/\/www.psib-psoe.org\/mallorca\/wp-content\/uploads\/Grup-DPG-2025-2-1-150x69.jpg 150w, https:\/\/www.psib-psoe.org\/mallorca\/wp-content\/uploads\/Grup-DPG-2025-2-1-600x277.jpg 600w, https:\/\/www.psib-psoe.org\/mallorca\/wp-content\/uploads\/Grup-DPG-2025-2-1-900x416.jpg 900w\" sizes=\"(max-width: 1328px) 100vw, 1328px\" \/><\/figure><\/div>\n\n<p>PPVox s\u2019ha posat de perfil davant de la voracitat constructiva i urbanitzadora que imposa el govern del Prohens a Mallorca i especialment a la Serra de Tramuntana, amb els acords en mat\u00e8ria de territori que han estat servit per a l\u2019aprovaci\u00f3 del pressupost de la CAIB. La majoria ultra ha desestimat avui al ple dues mocions, dues iniciatives del grup Socialista per revertir l\u2019amnistia urban\u00edstica a la Serra de Tramuntana i per eliminar les noves bosses de places tur\u00edstiques que permeten de fet tornar a comercialitzar unes 90.000 places tur\u00edstiques a Mallorca que estaven destinades a ser amortitzades. La majoria ultradretana que fa suport l\u2019equip de Govern de Galm\u00e9s s\u2019ha oposat a les mocions socialistes. La portaveu socialista, Catalina Cladera, ha lamentat que la decisi\u00f3 de PPVox \u201cacaba amb la feina de molts d\u2019anys de sensibilitzaci\u00f3 per conservar la Serra de Tramuntana\u201d.  <\/p>\n\n\n[vc_row][vc_column][vc_column_text]\n<p>El Consell de Mallorca ha renunciat a dir la seva en mat\u00e8ria de territori sobre les aberracions legislatives aprovades pel Govern amb la disposici\u00f3 que obre la porta a la legalitzaci\u00f3 d\u2019edificis, usos i instal\u00b7lacions il\u00b7legals a la Serra de Tramuntana, i a fer edificacions a s\u00f2l r\u00fastic dels municipis de m\u00e9s de 10.000 habitants abans que s\u2019hagi esgotat el sol urbanitzable disponible. <\/p>\n<p>Com a instituci\u00f3 competent, dues iniciatives del Grup Socialista en el ple d\u2019avui instaven a que ple del Consell elev\u00e9s la seva negativa al Govern per aquestes disposicions. I tamb\u00e9 s\u2019ha demanat per a deixar sense efecte la creaci\u00f3 de 500 noves places tur\u00edstiques a edificis protegits i pel tancament de les dues bosses de places tur\u00edstiques que permetran la comercialitzaci\u00f3 lliure de 90.000 places tur\u00edstiques que estaven predestinades a la seva desaparici\u00f3. Les dues iniciatives han quedat desactivades amb el vot de PPVox, deixant el Consell de Mallorca com a simple espectador de les decisions que pren Prohens i que afecten Mallorca i les compet\u00e8ncies de la instituci\u00f3 insular. <\/p>\n<p>Cladera ha lamentat l\u2019actitud del PP, que s\u2019explica per les cessions fetes a canvi de l\u2019aprovaci\u00f3 del pressupost de 2025 per la comunitat aut\u00f2noma: \u201csi no hagu\u00e9ssiu cedit a Vox ara no estar\u00edem parlant d\u2019amnistia urban\u00edstica a la Serra, per que no ho duieu al programa electoral\u201d, ha dit. Cladera tamb\u00e9 ha criticat el silenci de Galm\u00e9s en aquest tema, que incl\u00fas s\u2019ha absentat del ple en el moment del debat de la moci\u00f3: \u201cs\u2019amaga, est\u00e0 empegue\u00eft, una vergonya\u201d. <\/p>\n<p>Per la portaveu socialista, l\u2019amnistia a la Serra suposa barra lliure a la construcci\u00f3 il\u00b7legal, \u201cper que despr\u00e9s ja vindr\u00e0 el PP i ho legalitzar\u00e0; molts d\u2019anys per a construir una sensibilitzaci\u00f3 sobre la conservaci\u00f3 de la Serra que ara us la carregueu de cop i volta\u201d, en refer\u00e8ncia a l\u2019actitud de PPVox. <\/p>\n<p>La moci\u00f3 socialista proposava instar el Govern de les Illes Balears a no rebaixar en el nivell de protecci\u00f3 de la Serra de Tramuntana. Exigir que qualsevol iniciativa legislativa que afecti la Serra de Tramuntana sigui objecte de debat p\u00fablic i consulta amb agents afectats i ajuntaments. Manifestar el rebuig frontal a qualsevol intent de legalitzar edificacions amb usos prohibits a la Serra que comprometin els valors que varen motivar la seva declaraci\u00f3 com a Patrimoni Mundial. I donar trasllat del proc\u00e9s a les entitats promotores de la declaraci\u00f3 de Patrimoni de la Humanitat, ICOMOS i UNESCO.<\/p>\n<p>El ple del Consell tamb\u00e9 ha rebutjat una segona moci\u00f3 en que el Grup Socialista reclamava la reversi\u00f3 de 500 noves concessions de places tur\u00edstiques en edificis protegits sense cap estudi de c\u00e0rrega, l\u2019enc\u00e0rrec d\u2019un estudi rigor\u00f3s sobre la capacitat de c\u00e0rrega de l\u2019illa i un refor\u00e7 efectiu de l\u2019activitat sancionadora davant les il\u00b7legalitats tur\u00edstiques, a banda de la retirada de les dues bosses de places tur\u00edstiques que ha obert el Consell de Mallorca, i que permeten precisament la comercialitzaci\u00f3 de les mateixes. La consellera Juana M. Adrover ha assenyalat la duplicitat de missatge del PP de Galm\u00e9s i el conseller de Turisme, J. Marcial Rodr\u00edguez, quan \u201cpromouen mesures que incrementen la pressi\u00f3 tur\u00edstica en comptes de minvar-la, tal com \u00e9s el missatge que s\u2019intenta donar a trav\u00e9s de campanyes i rodes de premsa propagand\u00edstiques; diuen una cosa i fan la contr\u00e0ria\u201d. <\/p>\n<p>Ad\u00e9u del portaveu de Mes per Mallorca al Consell, Jaume Alzamora. <\/p>\n<p>La sessi\u00f3 del ple del Consell d\u2019aquest dijous ha estat la darrera per al portaveu de la formaci\u00f3 ecosobiranista, Jaume Alzamora. El conseller s\u2019ha acomiadat en el darrer punt de l\u2019ordre del dia amb un emotiu discurs en el qual ha recordat els 15 anys de gesti\u00f3 pol\u00edtica que l\u2019ha fet passar per diferents c\u00e0rrecs a l\u2019Ajuntament d\u2019Art\u00e0, com a batle, al Govern de les Illes Balears i al Consell de Mallorca, a on fou conseller de Promoci\u00f3 Econ\u00f2mica i Desenvolupament Local entre 2019 i 2023. <\/p>\n<p>La portaveu socialista, Catalina Cladera, s\u2019ha mostrat \u201cemocionada\u201d per les paraules d\u2019Alzamora, de qui ha destacat la \u201cproximitat\u201d, i ha recordat totes les discussions mantingudes amb \u201cl\u2019objectiu de fer gran aquesta nostra terra\u201d.  \u201cEt trobarem a faltar, per que has estat un puntal en la tasca d\u2019oposici\u00f3\u201d, ha acabat la portaveu socialista. <\/p>\n[\/vc_column_text][\/vc_column][\/vc_row]\n\n\n\n<p><\/p>\n<\/div>","protected":false},"excerpt":{"rendered":"PPVox s\u2019ha posat de perfil davant de la voracitat constructiva i urbanitzadora que imposa el govern del Prohens a Mallorca i especialment a la Serra de Tramuntana, amb els acords en mat\u00e8ria de territori que han estat servit per a l\u2019aprovaci\u00f3 del pressupost de la CAIB. La majoria ultra ha desestimat avui al ple dues&hellip;","protected":false},"author":3,"featured_media":29821,"comment_status":"closed","ping_status":"closed","sticky":false,"template":"","format":"standard","meta":{"footnotes":""},"categories":[89,2,1,92],"tags":[218,343,362,447,546,105,83,77,226,483,504,296],"class_list":["post-30034","post","type-post","status-publish","format-standard","has-post-thumbnail","hentry","category-consell-de-mallorca","category-federacio-de-mallorca","category-federacio-de-mallorca-portada","category-portada","tag-amanda-fernandez","tag-andreu-serra","tag-ares-fernandez","tag-bea-gamundi","tag-biel-alomar","tag-catalina-cladera","tag-consell-de-mallorca","tag-federacio-socialista-de-mallorca","tag-javier-de-juan","tag-joan-ferrer","tag-juana-m-adrover","tag-sofia-alonso"],"_links":{"self":[{"href":"https:\/\/www.psib-psoe.org\/mallorca\/wp-json\/wp\/v2\/posts\/30034"}],"collection":[{"href":"https:\/\/www.psib-psoe.org\/mallorca\/wp-json\/wp\/v2\/posts"}],"about":[{"href":"https:\/\/www.psib-psoe.org\/mallorca\/wp-json\/wp\/v2\/types\/post"}],"author":[{"embeddable":true,"href":"https:\/\/www.psib-psoe.org\/mallorca\/wp-json\/wp\/v2\/users\/3"}],"replies":[{"embeddable":true,"href":"https:\/\/www.psib-psoe.org\/mallorca\/wp-json\/wp\/v2\/comments?post=30034"}],"version-history":[{"count":2,"href":"https:\/\/www.psib-psoe.org\/mallorca\/wp-json\/wp\/v2\/posts\/30034\/revisions"}],"predecessor-version":[{"id":30038,"href":"https:\/\/www.psib-psoe.org\/mallorca\/wp-json\/wp\/v2\/posts\/30034\/revisions\/30038"}],"wp:featuredmedia":[{"embeddable":true,"href":"https:\/\/www.psib-psoe.org\/mallorca\/wp-json\/wp\/v2\/media\/29821"}],"wp:attachment":[{"href":"https:\/\/www.psib-psoe.org\/mallorca\/wp-json\/wp\/v2\/media?parent=30034"}],"wp:term":[{"taxonomy":"category","embeddable":true,"href":"https:\/\/www.psib-psoe.org\/mallorca\/wp-json\/wp\/v2\/categories?post=30034"},{"taxonomy":"post_tag","embeddable":true,"href":"https:\/\/www.psib-psoe.org\/mallorca\/wp-json\/wp\/v2\/tags?post=30034"}],"curies":[{"name":"wp","href":"https:\/\/api.w.org\/{rel}","templated":true}]}}