{"id":30075,"date":"2025-07-18T09:47:17","date_gmt":"2025-07-18T07:47:17","guid":{"rendered":"https:\/\/www.psib-psoe.org\/mallorca\/?p=30075"},"modified":"2025-07-18T09:47:29","modified_gmt":"2025-07-18T07:47:29","slug":"lagrupacio-socialista-de-valldemossa-escull-jaume-x-rossello-com-a-secretari-general","status":"publish","type":"post","link":"https:\/\/www.psib-psoe.org\/mallorca\/lagrupacio-socialista-de-valldemossa-escull-jaume-x-rossello-com-a-secretari-general\/","title":{"rendered":"L\u2019Agrupaci\u00f3 Socialista de Valldemossa escull Jaume X. Rossell\u00f3 com a secretari general."},"content":{"rendered":"<div class=\"wpb-content-wrapper\">\n<figure class=\"wp-block-image size-full is-resized is-style-default\"><img loading=\"lazy\" decoding=\"async\" width=\"1200\" height=\"1600\" src=\"https:\/\/www.psib-psoe.org\/mallorca\/wp-content\/uploads\/FX-Rossello.jpeg\" alt=\"\" class=\"wp-image-30077\" style=\"width:788px;height:auto\" srcset=\"https:\/\/www.psib-psoe.org\/mallorca\/wp-content\/uploads\/FX-Rossello.jpeg 1200w, https:\/\/www.psib-psoe.org\/mallorca\/wp-content\/uploads\/FX-Rossello-225x300.jpeg 225w, https:\/\/www.psib-psoe.org\/mallorca\/wp-content\/uploads\/FX-Rossello-768x1024.jpeg 768w, https:\/\/www.psib-psoe.org\/mallorca\/wp-content\/uploads\/FX-Rossello-1152x1536.jpeg 1152w, https:\/\/www.psib-psoe.org\/mallorca\/wp-content\/uploads\/FX-Rossello-300x400.jpeg 300w, https:\/\/www.psib-psoe.org\/mallorca\/wp-content\/uploads\/FX-Rossello-150x200.jpeg 150w, https:\/\/www.psib-psoe.org\/mallorca\/wp-content\/uploads\/FX-Rossello-600x800.jpeg 600w, https:\/\/www.psib-psoe.org\/mallorca\/wp-content\/uploads\/FX-Rossello-900x1200.jpeg 900w, https:\/\/www.psib-psoe.org\/mallorca\/wp-content\/uploads\/FX-Rossello-20x27.jpeg 20w\" sizes=\"(max-width: 1200px) 100vw, 1200px\" \/><\/figure>\n\n\n[vc_row][vc_column][vc_column_text]\n<p><em><u> Els Socialistes de Valldemossa refermen Jaume X. Rossell\u00f3 com a secretari general de l\u2019Agrupaci\u00f3 local i renoven d\u2019aquesta manera la confian\u00e7a dipositada des del passat mes de novembre en que Rossell\u00f3 va assumir el c\u00e0rrec. <\/p>\n[\/vc_column_text][\/vc_column][\/vc_row]\n\n\n[vc_row][vc_column][vc_column_text]\n<p>Jaume Xavier Rossell\u00f3 renova el comprom\u00eds de liderar els Socialistes de Valldemossa fins 2029, en ser reelegit secretari general de l\u2019Agrupaci\u00f3 Socialista de Valldemossa en la sessi\u00f3 de l\u2019Assemblea celebrada aquest dimecres. Rossell\u00f3 s\u2019ha fixat com a objectiu \u201cseguir eixamplant la pres\u00e8ncia socialista al municipi i incidir de manera positiva amb iniciatives i propostes des de l\u2019oposici\u00f3, amb l\u2019objectiu de poder conformar equip de govern a les eleccions de 2027\u201d. <\/p>\n<p>Acompanyant Rossell\u00f3, la nova executiva de l\u2019Agrupaci\u00f3 de Valldemossa la integren Gl\u00f2ria Escudero a la secretaria d\u2019Organitzaci\u00f3, Teresa Su\u00e1rez a Pol\u00edtica Municipal i Jaume Vila com a secretari d\u2019Acci\u00f3 Electoral i Administraci\u00f3. \u201cTots junts ajudem a fer gran el projecte socialista a Valldemossa\u201d<\/p>\n<p>El president de la Federaci\u00f3 Socialista de Mallorca, Tolo Aguilar, s\u2019ha sumat a la sessi\u00f3 de l\u2019Assemblea, i ha manifestat el seu orgull per l\u2019esfor\u00e7 fet en els darrers temps per articular una proposta socialista amb veu pr\u00f2pia a Valldemossa\u201d. Javier de Juan, membre de l\u2019executiva de la FSM, tamb\u00e9 ha estat present a l\u2019acte.<\/p>\n[\/vc_column_text][\/vc_column][\/vc_row]\n\n\n\n<p><\/p>\n<\/div>","protected":false},"excerpt":{"rendered":"[vc_row][vc_column][vc_column_text] Els Socialistes de Valldemossa refermen Jaume X. Rossell\u00f3 com a secretari general de l\u2019Agrupaci\u00f3 local i renoven d\u2019aquesta manera la confian\u00e7a dipositada des del passat mes de novembre en que Rossell\u00f3 va assumir el c\u00e0rrec. [\/vc_column_text][\/vc_column][\/vc_row] [vc_row][vc_column][vc_column_text] Jaume Xavier Rossell\u00f3 renova el comprom\u00eds de liderar els Socialistes de Valldemossa fins 2029, en ser reelegit&hellip;","protected":false},"author":3,"featured_media":30077,"comment_status":"closed","ping_status":"closed","sticky":false,"template":"","format":"standard","meta":{"footnotes":""},"categories":[2,1,90,92],"tags":[589,218,362,105,590,226,84,460,351,581],"class_list":["post-30075","post","type-post","status-publish","format-standard","has-post-thumbnail","hentry","category-federacio-de-mallorca","category-federacio-de-mallorca-portada","category-municipis","category-portada","tag-agrupacio-socialista-de-valldemossa","tag-amanda-fernandez","tag-ares-fernandez","tag-catalina-cladera","tag-jaume-x-rossello","tag-javier-de-juan","tag-psib-psoe","tag-teresa-suarez","tag-tolo-aguilar","tag-xisco-dalmau"],"_links":{"self":[{"href":"https:\/\/www.psib-psoe.org\/mallorca\/wp-json\/wp\/v2\/posts\/30075"}],"collection":[{"href":"https:\/\/www.psib-psoe.org\/mallorca\/wp-json\/wp\/v2\/posts"}],"about":[{"href":"https:\/\/www.psib-psoe.org\/mallorca\/wp-json\/wp\/v2\/types\/post"}],"author":[{"embeddable":true,"href":"https:\/\/www.psib-psoe.org\/mallorca\/wp-json\/wp\/v2\/users\/3"}],"replies":[{"embeddable":true,"href":"https:\/\/www.psib-psoe.org\/mallorca\/wp-json\/wp\/v2\/comments?post=30075"}],"version-history":[{"count":1,"href":"https:\/\/www.psib-psoe.org\/mallorca\/wp-json\/wp\/v2\/posts\/30075\/revisions"}],"predecessor-version":[{"id":30078,"href":"https:\/\/www.psib-psoe.org\/mallorca\/wp-json\/wp\/v2\/posts\/30075\/revisions\/30078"}],"wp:featuredmedia":[{"embeddable":true,"href":"https:\/\/www.psib-psoe.org\/mallorca\/wp-json\/wp\/v2\/media\/30077"}],"wp:attachment":[{"href":"https:\/\/www.psib-psoe.org\/mallorca\/wp-json\/wp\/v2\/media?parent=30075"}],"wp:term":[{"taxonomy":"category","embeddable":true,"href":"https:\/\/www.psib-psoe.org\/mallorca\/wp-json\/wp\/v2\/categories?post=30075"},{"taxonomy":"post_tag","embeddable":true,"href":"https:\/\/www.psib-psoe.org\/mallorca\/wp-json\/wp\/v2\/tags?post=30075"}],"curies":[{"name":"wp","href":"https:\/\/api.w.org\/{rel}","templated":true}]}}