{"id":30180,"date":"2025-08-04T11:40:57","date_gmt":"2025-08-04T09:40:57","guid":{"rendered":"https:\/\/www.psib-psoe.org\/mallorca\/?p=30180"},"modified":"2025-08-04T12:27:01","modified_gmt":"2025-08-04T10:27:01","slug":"el-grup-socialista-lamenta-la-degradacio-absoluta-del-servei-datencio-a-la-igualtat-del-consell-ppvox-i-adverteix-que-els-drets-de-les-dones-no-son-moneda-de-canvi","status":"publish","type":"post","link":"https:\/\/www.psib-psoe.org\/mallorca\/el-grup-socialista-lamenta-la-degradacio-absoluta-del-servei-datencio-a-la-igualtat-del-consell-ppvox-i-adverteix-que-els-drets-de-les-dones-no-son-moneda-de-canvi\/","title":{"rendered":"El Grup Socialista lamenta la \u201cdegradaci\u00f3 absoluta&#8221; del servei d\u2019atenci\u00f3 a la Igualtat del Consell PPVox i adverteix que &#8220;els drets de les dones no s\u00f3n moneda de canvi&#8221;."},"content":{"rendered":"<div class=\"wpb-content-wrapper\"><div class=\"wp-block-image\">\n<figure class=\"aligncenter size-full\"><img loading=\"lazy\" decoding=\"async\" width=\"1328\" height=\"614\" src=\"http:\/\/www.psib-psoe.org\/mallorca\/wp-content\/uploads\/Grup-DPG-2025-2-3.jpg\" alt=\"\" class=\"wp-image-30127\" srcset=\"https:\/\/www.psib-psoe.org\/mallorca\/wp-content\/uploads\/Grup-DPG-2025-2-3.jpg 1328w, https:\/\/www.psib-psoe.org\/mallorca\/wp-content\/uploads\/Grup-DPG-2025-2-3-300x139.jpg 300w, https:\/\/www.psib-psoe.org\/mallorca\/wp-content\/uploads\/Grup-DPG-2025-2-3-1024x473.jpg 1024w, https:\/\/www.psib-psoe.org\/mallorca\/wp-content\/uploads\/Grup-DPG-2025-2-3-768x355.jpg 768w, https:\/\/www.psib-psoe.org\/mallorca\/wp-content\/uploads\/Grup-DPG-2025-2-3-760x350.jpg 760w, https:\/\/www.psib-psoe.org\/mallorca\/wp-content\/uploads\/Grup-DPG-2025-2-3-20x9.jpg 20w, https:\/\/www.psib-psoe.org\/mallorca\/wp-content\/uploads\/Grup-DPG-2025-2-3-150x69.jpg 150w, https:\/\/www.psib-psoe.org\/mallorca\/wp-content\/uploads\/Grup-DPG-2025-2-3-600x277.jpg 600w, https:\/\/www.psib-psoe.org\/mallorca\/wp-content\/uploads\/Grup-DPG-2025-2-3-900x416.jpg 900w\" sizes=\"(max-width: 1328px) 100vw, 1328px\" \/><\/figure><\/div>\n\n<p>El Grup Socialista al Consell de Mallorca s\u2019exclama davant la degradaci\u00f3 absoluta de la situaci\u00f3 laboral al Centre d&#8217;Informaci\u00f3 de Drets (CID) que afecta al servei que presta a les dones en situaci\u00f3 de risc per viol\u00e8ncia de g\u00e8nere a Mallorca, uns 300 casos que haurien quedat sense seguiment, tal com recullen les informacions publicades. La consellera socialista Bea Gamund\u00ed ha assenyalat que aquesta situaci\u00f3 &#8220;evidencia una gesti\u00f3 negligent i irresponsable per part del govern de PP i Vox, que ha fet cas om\u00eds als advertiments reiterats&#8221; i exigeix el restabliment immediat de tot el servei de seguiment a totes les usu\u00e0ries. El Grup Socialista trasllada tot el seu suport als integrants del CID, \u201cpersonal que a diari ha de fer-se c\u00e0rrec de situacions que requereixen gran sensibilitat, i que fins ara han estat sotmesos a una pressi\u00f3 de feina intolerable davant la manca de capacitat de gesti\u00f3 del Consell de Mallorca, que ha provocat nombroses baixes laborals\u201d.<\/p>\n\n\n[vc_row][vc_column][vc_column_text]\n<p>El caos organitzatiu del Centre d\u2019Informaci\u00f3 de Drets a les Dones que s\u2019ha conegut aquest cap de setmana resulta un \u201cinsult a les dones m\u00e9s vulnerables, aquelles que acudeixen a un servei d\u2019informaci\u00f3 davant de situacions que posen en risc la seva integritat i la del seu entorn\u201d. La consellera socialista Bea Gamund\u00ed ha recordat que el govern del Consell ja era coneixedor de la situaci\u00f3 des del maig de 2024, gr\u00e0cies a comunicats formals dels sindicats que el Grup Socialista va traslladar al ple del Consell de Mallorca en forma de pregunta al conseller de Presid\u00e8ncia, Antoni Fuster, responsable pol\u00edtic del servei. En aquella sessi\u00f3, davant les alarmes que les v\u00edctimes de viol\u00e8ncia masclista podrien quedar sense seguiment ni un t\u00e8cnic de refer\u00e8ncia, el conseller Fuster del PP va prometre que cap de les usu\u00e0ries del CID deixaria de ser atesa&#8221; i que es treballaria per revertir la situaci\u00f3. <\/p>\n<p>&#8220;A dia d&#8217;avui, la realitat \u00e9s que les promeses del conseller Fuster han quedat en paper banyat. La situaci\u00f3 no nom\u00e9s no s&#8217;ha revertit, sin\u00f3 que ha empitjorat, amb la grav\u00edssima conseq\u00fc\u00e8ncia de deixar dones vulnerables i els seus fills desprotegits&#8221;, ha afirmat la consellera. Aquest fet, segons Gamund\u00ed, t\u00e9 una relaci\u00f3 directa amb la decisi\u00f3 pol\u00edtica &#8220;d&#8217;eliminar la direcci\u00f3 insular de viol\u00e8ncies masclistes per satisfer les exig\u00e8ncies dels seus socis de Vox. Els drets de les dones no poden ser, ni seran, moneda de canvi per mantenir un pacte de govern&#8221;. La consellera ha volgut recalcar que aquesta gesti\u00f3 &#8220;no \u00e9s una simple q\u00fcesti\u00f3 administrativa, sin\u00f3 que es tracta d&#8217;una falta de previsi\u00f3 i un desinter\u00e8s absolut per la seguretat i el benestar de les dones&#8221;.<\/p>\n<p>Aquesta &#8220;deixadesa de funcions&#8221; es produeix, a m\u00e9s, en un context de refor\u00e7 dels recursos per part del govern de l&#8217;Estat. &#8220;Ens resulta del tot incomprensible que, mentre el Govern d&#8217;Espanya envia m\u00e9s fons a les Balears \u20147,2 milions d&#8217;euros en el marc del pacte d&#8217;estat contra la viol\u00e8ncia masclista\u2014 i el nou acord inclou 461 mesures, amb noves formes de viol\u00e8ncia com la vic\u00e0ria, l&#8217;econ\u00f2mica i la digital, el Consell de Mallorca, sota la presid\u00e8ncia de Lloren\u00e7 Galm\u00e9s, decideixi desmantellar serveis essencials. Per primera vegada, aquest acord contempla finan\u00e7ament espec\u00edfic per als consells insulars per a desenvolupar les seves compet\u00e8ncies en mat\u00e8ria d&#8217;igualtat, i el govern de Galm\u00e9s opta per la via contr\u00e0ria&#8221;, ha denunciat Gamund\u00ed.<\/p>\n<p>&#8220;\u00c9s evident que aix\u00f2 tindr\u00e0 una repercussi\u00f3 directa: la manca de confian\u00e7a en les institucions pot traduir-se en un descens de les den\u00fancies, deixant encara m\u00e9s dones en situacions de perill&#8221;, ha advertit la consellera socialista. Finalment, Gamund\u00ed ha mostrat la seva preocupaci\u00f3 pel fet que aquesta situaci\u00f3 es produeixi a l&#8217;estiu, &#8220;una \u00e8poca especialment dura, en qu\u00e8 moltes dones passen m\u00e9s temps amb els seus agressors&#8221;. &#8220;No podem entendre com el govern de Lloren\u00e7 Galm\u00e9s, tot i ser plenament conscient de la gravetat del problema des de fa m\u00e9s d&#8217;un any, ha estat incapa\u00e7 de donar una resposta efectiva i ha perm\u00e8s que s&#8217;arribi a aquest punt. \u00c9s una absoluta irresponsabilitat en detriment de la vida de les dones i els seus fills&#8221;, ha concl\u00f2s. &#8220;Des de l&#8217;oposici\u00f3, continuarem demanant explicacions al conseller Fuster, amb diferents iniciatives de control i exigint que es garanteixi la protecci\u00f3 i l&#8217;atenci\u00f3 digna que es mereixen totes les v\u00edctimes de viol\u00e8ncia masclista&#8221;.<\/p>\n[\/vc_column_text][\/vc_column][\/vc_row]\n\n\n\n<figure class=\"wp-block-audio\"><audio controls src=\"https:\/\/www.psib-psoe.org\/mallorca\/wp-content\/uploads\/Bea-Gamundi-servei-atencio-violencia-masclista.mp3\"><\/audio><\/figure>\n<\/div>","protected":false},"excerpt":{"rendered":"El Grup Socialista al Consell de Mallorca s\u2019exclama davant la degradaci\u00f3 absoluta de la situaci\u00f3 laboral al Centre d'Informaci\u00f3 de Drets (CID) que afecta al servei que presta a les dones en situaci\u00f3 de risc per viol\u00e8ncia de g\u00e8nere a Mallorca, uns 300 casos que haurien quedat sense seguiment, tal com recullen les informacions publicades.&hellip;","protected":false},"author":3,"featured_media":30127,"comment_status":"closed","ping_status":"closed","sticky":false,"template":"","format":"standard","meta":{"footnotes":""},"categories":[89,2,1,92],"tags":[218,343,362,447,546,105,83,77,186,226,483,504,296],"class_list":["post-30180","post","type-post","status-publish","format-standard","has-post-thumbnail","hentry","category-consell-de-mallorca","category-federacio-de-mallorca","category-federacio-de-mallorca-portada","category-portada","tag-amanda-fernandez","tag-andreu-serra","tag-ares-fernandez","tag-bea-gamundi","tag-biel-alomar","tag-catalina-cladera","tag-consell-de-mallorca","tag-federacio-socialista-de-mallorca","tag-jaume-mateu","tag-javier-de-juan","tag-joan-ferrer","tag-juana-m-adrover","tag-sofia-alonso"],"_links":{"self":[{"href":"https:\/\/www.psib-psoe.org\/mallorca\/wp-json\/wp\/v2\/posts\/30180"}],"collection":[{"href":"https:\/\/www.psib-psoe.org\/mallorca\/wp-json\/wp\/v2\/posts"}],"about":[{"href":"https:\/\/www.psib-psoe.org\/mallorca\/wp-json\/wp\/v2\/types\/post"}],"author":[{"embeddable":true,"href":"https:\/\/www.psib-psoe.org\/mallorca\/wp-json\/wp\/v2\/users\/3"}],"replies":[{"embeddable":true,"href":"https:\/\/www.psib-psoe.org\/mallorca\/wp-json\/wp\/v2\/comments?post=30180"}],"version-history":[{"count":2,"href":"https:\/\/www.psib-psoe.org\/mallorca\/wp-json\/wp\/v2\/posts\/30180\/revisions"}],"predecessor-version":[{"id":30183,"href":"https:\/\/www.psib-psoe.org\/mallorca\/wp-json\/wp\/v2\/posts\/30180\/revisions\/30183"}],"wp:featuredmedia":[{"embeddable":true,"href":"https:\/\/www.psib-psoe.org\/mallorca\/wp-json\/wp\/v2\/media\/30127"}],"wp:attachment":[{"href":"https:\/\/www.psib-psoe.org\/mallorca\/wp-json\/wp\/v2\/media?parent=30180"}],"wp:term":[{"taxonomy":"category","embeddable":true,"href":"https:\/\/www.psib-psoe.org\/mallorca\/wp-json\/wp\/v2\/categories?post=30180"},{"taxonomy":"post_tag","embeddable":true,"href":"https:\/\/www.psib-psoe.org\/mallorca\/wp-json\/wp\/v2\/tags?post=30180"}],"curies":[{"name":"wp","href":"https:\/\/api.w.org\/{rel}","templated":true}]}}