{"id":30184,"date":"2025-08-06T11:29:43","date_gmt":"2025-08-06T09:29:43","guid":{"rendered":"https:\/\/www.psib-psoe.org\/mallorca\/?p=30184"},"modified":"2025-08-06T11:29:55","modified_gmt":"2025-08-06T09:29:55","slug":"un-informe-de-la-intervencio-del-consell-de-mallorca-revela-irregularitats-greus-en-els-contractes-de-linstitut-de-lesport-hipic-de-mallorca","status":"publish","type":"post","link":"https:\/\/www.psib-psoe.org\/mallorca\/un-informe-de-la-intervencio-del-consell-de-mallorca-revela-irregularitats-greus-en-els-contractes-de-linstitut-de-lesport-hipic-de-mallorca\/","title":{"rendered":"Un informe de la Intervenci\u00f3 del Consell de Mallorca revela irregularitats greus en els contractes de l\u2019Institut de l\u2019Esport H\u00edpic de Mallorca."},"content":{"rendered":"<div class=\"wpb-content-wrapper\"><div class=\"wp-block-image\">\n<figure class=\"aligncenter size-full\"><img decoding=\"async\" src=\"https:\/\/www.psib-psoe.org\/mallorca\/wp-content\/uploads\/Andreu-trot-scaled.jpeg\" alt=\"\" class=\"wp-image-30185\"\/><\/figure><\/div>\n\n<p>Manca d\u2019informe preceptiu de fiscalitzaci\u00f3 pr\u00e8via, fraccionament il\u00b7l\u00edcit per la prestaci\u00f3 d\u2019un servei i contractaci\u00f3 verbal no permesa dins de la tramitaci\u00f3 p\u00fablica. Aquestes s\u00f3n algunes de les irregularitats detectades en  la facturaci\u00f3 d\u2019alguns dels serveis de conservaci\u00f3 i manteniment que ha fet l\u2019Institut de l\u2019Esport H\u00edpic de Mallorca durant la present legislatura. El conseller del Grup Socialista, Andreu Serra, ha xifrat en \u201cm\u00e9s de 500.000 euros en cost de les factures irregulars que s\u2019han tramitat en el darrer any sota la f\u00f3rmula d\u2019omissi\u00f3 d\u2019intervenci\u00f3, que autoritza el Consell Executiu que presideix Galm\u00e9s. <\/p>\n\n\n[vc_row][vc_column][vc_column_text]\n<p>El Grup Socialista al Consell de Mallorca denuncia la gesti\u00f3 opaca i irregular de l\u2019Institut de l\u2019Esport H\u00edpic de Mallorca (IEHM), sota la responsabilitat del conseller Pedro Bestard i del president de l\u2019IEHM, Gaspar Oliver. Aquesta den\u00fancia es fonamenta en un informe de la Intervenci\u00f3 General del Consell, que revela greus incompliments legals en la tramitaci\u00f3 de despeses p\u00fabliques corresponents a l\u2019any 2024, i que es pretenen incorporar a 2025.<\/p>\n<p>Segons aquest informe, s\u2019han detectat contractacions verbals prohibides per la normativa vigent, fraccionament il\u00b7l\u00edcit de serveis, despeses tramitades sense seguir el procediment reglamentari i pagaments irregulars mitjan\u00e7ant reconeixement extrajudicial de cr\u00e8dit. Les actuacions descrites s\u00f3n considerades nul\u00b7les de ple dret i podrien comportar responsabilitats administratives i legals. Malgrat la gravetat dels fets, el Consell Executiu presidit per Lloren\u00e7 Galm\u00e9s ha aprovat les despeses per via d\u2019omissi\u00f3 de fiscalitzaci\u00f3, convertint-se, segons Andreu Serra, \u201cen c\u00f2mplice d\u2019un enorme desgavell organitzatiu del trot al Consell\u201d. El muntant de les factures irregulars que s\u2019ha tramitat amb aquesta f\u00f3rmula administrativa superen els 500.000 \u20ac nom\u00e9s en el darrer any de legislatura, moltes d\u2019elles sense contracte formal i basades en acords verbals, vulnerant aix\u00ed els principis de transpar\u00e8ncia, legalitat i control de la despesa p\u00fablica.<\/p>\n<p>El conseller del Grup Socialista, ha afirmat que \u201cla gesti\u00f3 de Bestard i Oliver a l\u2019IEHM \u00e9s calamitosa. I Galm\u00e9s tapa les irregularitats des del Consell Executiu. \u00c9s un esc\u00e0ndol de gesti\u00f3 que exigeix una reacci\u00f3 immediata.\u201d Serra ha remarcat que demanar\u00e0 totes les explicacions pertinents en la Junta Rectora de l\u2019IEHM que se celebra aquest dijous i a on Oliver i Bestard hauran de donar comptes de tot aquest tramat que posa en entredit la gesti\u00f3 del trot mallorqu\u00ed per un govern insular PPVox \u201cque havia vingut a ser la \u2018panacea\u2019 i que no fa m\u00e9s que enfangar la gesti\u00f3 de l\u2019esport h\u00edpic\u201d.<\/p>\n<p>El Grup Socialista denuncia que aquesta gesti\u00f3 irregular no \u00e9s un fet a\u00efllat, sin\u00f3 que forma part d\u2019un patr\u00f3 continuat. \u201cLes peticions d\u2019informaci\u00f3 oficial sobre la llic\u00e8ncia d\u2019activitats de l\u2019Hip\u00f2drom de Son Pardo han estat sistem\u00e0ticament ignorades per Galm\u00e9s i Bestard, generant sospites sobre la legalitat del funcionament de les instal\u00b7lacions p\u00fabliques\u201d, ha dit Serra. A m\u00e9s, les obres de millora a l\u2019Hip\u00f2drom de Son Pardo acumulen \u201cendarreriments sense data de finalitzaci\u00f3\u201d, i el bar de l\u2019Hip\u00f2drom de Manacor \u201ccontinua tancat tot i les promeses p\u00fabliques d\u2019obertura\u201d. El Grup Socialista ha pogut constatar que aquest bar ha estat en funcionament durant almenys un any sense cap contracte de concessi\u00f3, fet que podria constituir una nova irregularitat. \u201cLa ciutadania mereix institucions eficients, transparents i respectuoses amb la legalitat. No podem permetre que la gesti\u00f3 p\u00fablica es converteixi en un espai d\u2019opacitat i impunitat\u201d, ha dit Serra.<\/p>\n[\/vc_column_text][\/vc_column][\/vc_row]\n\n\n\n<p><\/p>\n\n\n\n<figure class=\"wp-block-audio\"><audio controls src=\"https:\/\/www.psib-psoe.org\/mallorca\/wp-content\/uploads\/Andreu-trot.mp3\"><\/audio><\/figure>\n<\/div>","protected":false},"excerpt":{"rendered":"Manca d\u2019informe preceptiu de fiscalitzaci\u00f3 pr\u00e8via, fraccionament il\u00b7l\u00edcit per la prestaci\u00f3 d\u2019un servei i contractaci\u00f3 verbal no permesa dins de la tramitaci\u00f3 p\u00fablica. Aquestes s\u00f3n algunes de les irregularitats detectades en la facturaci\u00f3 d\u2019alguns dels serveis de conservaci\u00f3 i manteniment que ha fet l\u2019Institut de l\u2019Esport H\u00edpic de Mallorca durant la present legislatura. El conseller&hellip;","protected":false},"author":3,"featured_media":30185,"comment_status":"closed","ping_status":"closed","sticky":false,"template":"","format":"standard","meta":{"footnotes":""},"categories":[89,2,1,92],"tags":[218,343,362,447,546,105,83,77,186,226,483,504,296],"class_list":["post-30184","post","type-post","status-publish","format-standard","has-post-thumbnail","hentry","category-consell-de-mallorca","category-federacio-de-mallorca","category-federacio-de-mallorca-portada","category-portada","tag-amanda-fernandez","tag-andreu-serra","tag-ares-fernandez","tag-bea-gamundi","tag-biel-alomar","tag-catalina-cladera","tag-consell-de-mallorca","tag-federacio-socialista-de-mallorca","tag-jaume-mateu","tag-javier-de-juan","tag-joan-ferrer","tag-juana-m-adrover","tag-sofia-alonso"],"_links":{"self":[{"href":"https:\/\/www.psib-psoe.org\/mallorca\/wp-json\/wp\/v2\/posts\/30184"}],"collection":[{"href":"https:\/\/www.psib-psoe.org\/mallorca\/wp-json\/wp\/v2\/posts"}],"about":[{"href":"https:\/\/www.psib-psoe.org\/mallorca\/wp-json\/wp\/v2\/types\/post"}],"author":[{"embeddable":true,"href":"https:\/\/www.psib-psoe.org\/mallorca\/wp-json\/wp\/v2\/users\/3"}],"replies":[{"embeddable":true,"href":"https:\/\/www.psib-psoe.org\/mallorca\/wp-json\/wp\/v2\/comments?post=30184"}],"version-history":[{"count":1,"href":"https:\/\/www.psib-psoe.org\/mallorca\/wp-json\/wp\/v2\/posts\/30184\/revisions"}],"predecessor-version":[{"id":30187,"href":"https:\/\/www.psib-psoe.org\/mallorca\/wp-json\/wp\/v2\/posts\/30184\/revisions\/30187"}],"wp:featuredmedia":[{"embeddable":true,"href":"https:\/\/www.psib-psoe.org\/mallorca\/wp-json\/wp\/v2\/media\/30185"}],"wp:attachment":[{"href":"https:\/\/www.psib-psoe.org\/mallorca\/wp-json\/wp\/v2\/media?parent=30184"}],"wp:term":[{"taxonomy":"category","embeddable":true,"href":"https:\/\/www.psib-psoe.org\/mallorca\/wp-json\/wp\/v2\/categories?post=30184"},{"taxonomy":"post_tag","embeddable":true,"href":"https:\/\/www.psib-psoe.org\/mallorca\/wp-json\/wp\/v2\/tags?post=30184"}],"curies":[{"name":"wp","href":"https:\/\/api.w.org\/{rel}","templated":true}]}}