{"id":30188,"date":"2025-08-06T17:30:09","date_gmt":"2025-08-06T15:30:09","guid":{"rendered":"https:\/\/www.psib-psoe.org\/mallorca\/?p=30188"},"modified":"2025-08-06T17:30:21","modified_gmt":"2025-08-06T15:30:21","slug":"els-socialistes-de-santa-maria-activen-el-municipi-contra-la-crisi-hidrica-amb-una-mocio-al-ple-per-garantir-labastiment-daigua-de-qualitat","status":"publish","type":"post","link":"https:\/\/www.psib-psoe.org\/mallorca\/els-socialistes-de-santa-maria-activen-el-municipi-contra-la-crisi-hidrica-amb-una-mocio-al-ple-per-garantir-labastiment-daigua-de-qualitat\/","title":{"rendered":"Els Socialistes de Santa Maria activen el municipi contra la crisi h\u00eddrica amb una moci\u00f3 al ple per garantir l\u2019abastiment d\u2019aigua de qualitat."},"content":{"rendered":"<div class=\"wpb-content-wrapper\"><div class=\"wp-block-image\">\n<figure class=\"aligncenter size-full\"><img loading=\"lazy\" decoding=\"async\" width=\"1085\" height=\"772\" src=\"https:\/\/www.psib-psoe.org\/mallorca\/wp-content\/uploads\/Ana-Maria-Muela.jpeg\" alt=\"\" class=\"wp-image-30189\" srcset=\"https:\/\/www.psib-psoe.org\/mallorca\/wp-content\/uploads\/Ana-Maria-Muela.jpeg 1085w, https:\/\/www.psib-psoe.org\/mallorca\/wp-content\/uploads\/Ana-Maria-Muela-300x213.jpeg 300w, https:\/\/www.psib-psoe.org\/mallorca\/wp-content\/uploads\/Ana-Maria-Muela-1024x729.jpeg 1024w, https:\/\/www.psib-psoe.org\/mallorca\/wp-content\/uploads\/Ana-Maria-Muela-768x546.jpeg 768w, https:\/\/www.psib-psoe.org\/mallorca\/wp-content\/uploads\/Ana-Maria-Muela-150x107.jpeg 150w, https:\/\/www.psib-psoe.org\/mallorca\/wp-content\/uploads\/Ana-Maria-Muela-600x427.jpeg 600w, https:\/\/www.psib-psoe.org\/mallorca\/wp-content\/uploads\/Ana-Maria-Muela-900x640.jpeg 900w, https:\/\/www.psib-psoe.org\/mallorca\/wp-content\/uploads\/Ana-Maria-Muela-20x13.jpeg 20w\" sizes=\"(max-width: 1085px) 100vw, 1085px\" \/><\/figure><\/div>\n\n<p>Davant l\u2019agreujament de l\u2019estr\u00e8s h\u00eddric que pateix Santa Maria del Cam\u00ed i bona part de Mallorca, el Grup Municipal Socialista ha activat una ofensiva pol\u00edtica per garantir la disponibilitat d\u2019aigua al municipi. La moci\u00f3 aprovada al darrer ple de l\u2019Ajuntament, a inst\u00e0ncies dels socialistes, reclama la redacci\u00f3 urgent d\u2019una ordenan\u00e7a per promoure un \u00fas responsable, sostenible i eficient d\u2019aquest recurs essencial.<\/p>\n\n\n[vc_row][vc_column][vc_column_text]\n<p>Els socialistes alerten que la situaci\u00f3 actual requereix d\u2019actuacions decidides per garantir el subministrament, davant l\u2019escassetat persistent de recursos h\u00eddrics, un augment desmesurat del consum durant l\u2019estiu i fuites significatives en les xarxes locals de subministrament. Per revertir aquest escenari, la moci\u00f3 impulsada pels Socialistes a Santa Maria,  planteja mesures de gran abast que han rebut el suport de totes les forces pol\u00edtiques a l\u2019Ajuntament. Per Ana Mar\u00eda Muela, portaveu del Grup socialista de Santa Maria i secret\u00e0ria general de les Joventuts Socialistes de Balears, \u201cno es tracta nom\u00e9s de respondre a una sequera, sin\u00f3 d\u2019adaptar la nostra pol\u00edtica local a un nou paradigma ecol\u00f2gic, en qu\u00e8 l\u2019aigua s\u2019ha de gestionar amb intel\u00b7lig\u00e8ncia, equitat i visi\u00f3 de futur\u201d.<\/p>\n<p>La proposta inclou la implantaci\u00f3 de tarifes progressives per penalitzar el consum excessiu, limitacions en la construcci\u00f3 de noves piscines i un control estricte sobre l\u2019\u00fas de la xarxa municipal per al seu emplenament. Tamb\u00e9 es reclama la modernitzaci\u00f3 de les canalitzacions per reduir p\u00e8rdues i assegurar un subministrament continuat i de qualitat. Muela ha remarcat que no nom\u00e9s es tracta d\u2019una emerg\u00e8ncia ambiental, sin\u00f3 d\u2019un comprom\u00eds social i ha agra\u00eft \u201cel suport un\u00e0nime de tots les forces pol\u00edtiques\u201d i ha remarcat que \u201cla llei contra el canvi clim\u00e0tic comen\u00e7a per la nostra realitat m\u00e9s pr\u00f2xima, amb decisions valentes i transversals com les que hem pres en el darrer ple a Santa Maria\u201d. <\/p>\n<p>La moci\u00f3 proposa, a m\u00e9s, una campanya de sensibilitzaci\u00f3 i un proc\u00e9s participatiu per implicar activament la ciutadania en la redacci\u00f3 de l\u2019ordenan\u00e7a. \u201cVolem que les veus de Santa Maria formin part d\u2019aquesta transformaci\u00f3. Tothom ha de sentir que aquest canvi els pertany\u201d, ha concl\u00f2s Muela.<br \/>\nAmb aquesta iniciativa, el Grup socialista reafirma el seu lideratge en la lluita contra la crisi h\u00eddrica i fa una crida al conjunt del municipi per treballar colze amb colze en defensa d\u2019un futur sostenible.<\/p>\n[\/vc_column_text][\/vc_column][\/vc_row]\n<\/div>","protected":false},"excerpt":{"rendered":"Davant l\u2019agreujament de l\u2019estr\u00e8s h\u00eddric que pateix Santa Maria del Cam\u00ed i bona part de Mallorca, el Grup Municipal Socialista ha activat una ofensiva pol\u00edtica per garantir la disponibilitat d\u2019aigua al municipi. La moci\u00f3 aprovada al darrer ple de l\u2019Ajuntament, a inst\u00e0ncies dels socialistes, reclama la redacci\u00f3 urgent d\u2019una ordenan\u00e7a per promoure un \u00fas responsable,&hellip;","protected":false},"author":3,"featured_media":30189,"comment_status":"closed","ping_status":"closed","sticky":false,"template":"","format":"standard","meta":{"footnotes":""},"categories":[2,1,90,92],"tags":[443,218,505,618,362,83,77,506,442],"class_list":["post-30188","post","type-post","status-publish","format-standard","has-post-thumbnail","hentry","category-federacio-de-mallorca","category-federacio-de-mallorca-portada","category-municipis","category-portada","tag-agrupacio-socialista-de-santa-maria","tag-amanda-fernandez","tag-ana-maria-muela","tag-ana-muela","tag-ares-fernandez","tag-consell-de-mallorca","tag-federacio-socialista-de-mallorca","tag-marc-vich","tag-santa-maria-del-cami"],"_links":{"self":[{"href":"https:\/\/www.psib-psoe.org\/mallorca\/wp-json\/wp\/v2\/posts\/30188"}],"collection":[{"href":"https:\/\/www.psib-psoe.org\/mallorca\/wp-json\/wp\/v2\/posts"}],"about":[{"href":"https:\/\/www.psib-psoe.org\/mallorca\/wp-json\/wp\/v2\/types\/post"}],"author":[{"embeddable":true,"href":"https:\/\/www.psib-psoe.org\/mallorca\/wp-json\/wp\/v2\/users\/3"}],"replies":[{"embeddable":true,"href":"https:\/\/www.psib-psoe.org\/mallorca\/wp-json\/wp\/v2\/comments?post=30188"}],"version-history":[{"count":1,"href":"https:\/\/www.psib-psoe.org\/mallorca\/wp-json\/wp\/v2\/posts\/30188\/revisions"}],"predecessor-version":[{"id":30190,"href":"https:\/\/www.psib-psoe.org\/mallorca\/wp-json\/wp\/v2\/posts\/30188\/revisions\/30190"}],"wp:featuredmedia":[{"embeddable":true,"href":"https:\/\/www.psib-psoe.org\/mallorca\/wp-json\/wp\/v2\/media\/30189"}],"wp:attachment":[{"href":"https:\/\/www.psib-psoe.org\/mallorca\/wp-json\/wp\/v2\/media?parent=30188"}],"wp:term":[{"taxonomy":"category","embeddable":true,"href":"https:\/\/www.psib-psoe.org\/mallorca\/wp-json\/wp\/v2\/categories?post=30188"},{"taxonomy":"post_tag","embeddable":true,"href":"https:\/\/www.psib-psoe.org\/mallorca\/wp-json\/wp\/v2\/tags?post=30188"}],"curies":[{"name":"wp","href":"https:\/\/api.w.org\/{rel}","templated":true}]}}