{"id":30191,"date":"2025-08-07T12:32:47","date_gmt":"2025-08-07T10:32:47","guid":{"rendered":"https:\/\/www.psib-psoe.org\/mallorca\/?p=30191"},"modified":"2025-08-07T12:32:59","modified_gmt":"2025-08-07T10:32:59","slug":"els-socialistes-de-mallorca-denuncien-que-ppvox-redueix-la-politica-de-joventut-del-consell-de-mallorca-a-una-agencia-de-viatges","status":"publish","type":"post","link":"https:\/\/www.psib-psoe.org\/mallorca\/els-socialistes-de-mallorca-denuncien-que-ppvox-redueix-la-politica-de-joventut-del-consell-de-mallorca-a-una-agencia-de-viatges\/","title":{"rendered":"Els Socialistes de Mallorca denuncien que PPVox redueix la pol\u00edtica de joventut del Consell de Mallorca a una ag\u00e8ncia de viatges."},"content":{"rendered":"<div class=\"wpb-content-wrapper\"><div class=\"wp-block-image\">\n<figure class=\"aligncenter size-full\"><img loading=\"lazy\" decoding=\"async\" width=\"1066\" height=\"995\" src=\"https:\/\/www.psib-psoe.org\/mallorca\/wp-content\/uploads\/Bea-Gamundi.jpeg\" alt=\"\" class=\"wp-image-30192\" srcset=\"https:\/\/www.psib-psoe.org\/mallorca\/wp-content\/uploads\/Bea-Gamundi.jpeg 1066w, https:\/\/www.psib-psoe.org\/mallorca\/wp-content\/uploads\/Bea-Gamundi-300x280.jpeg 300w, https:\/\/www.psib-psoe.org\/mallorca\/wp-content\/uploads\/Bea-Gamundi-1024x956.jpeg 1024w, https:\/\/www.psib-psoe.org\/mallorca\/wp-content\/uploads\/Bea-Gamundi-768x717.jpeg 768w, https:\/\/www.psib-psoe.org\/mallorca\/wp-content\/uploads\/Bea-Gamundi-150x140.jpeg 150w, https:\/\/www.psib-psoe.org\/mallorca\/wp-content\/uploads\/Bea-Gamundi-600x560.jpeg 600w, https:\/\/www.psib-psoe.org\/mallorca\/wp-content\/uploads\/Bea-Gamundi-900x840.jpeg 900w, https:\/\/www.psib-psoe.org\/mallorca\/wp-content\/uploads\/Bea-Gamundi-20x18.jpeg 20w\" sizes=\"(max-width: 1066px) 100vw, 1066px\" \/><\/figure><\/div>\n\n<p>De nou un anunci d\u2019un viatge per a un centenar de joves d\u2019entre 18 i 30 anys, fet pel conseller de Presid\u00e8ncia, Antoni Fuster, torna a posar al descobert el desert organitzatiu i de gesti\u00f3 de la Direcci\u00f3 insular de Joventut, que com a \u00faniques iniciatives conegudes, ha promogut viatges a la neu, a un parc d\u2019aventures i ara a Menorca, per a uns centenars de joves des de l\u2019inici de la legislatura. La consellera del Grup Socialista, Bea Gamund\u00ed alerta del perill de no considerar la manca d\u2019habitatge o la salut mental com a q\u00fcestions fonamentals de la pol\u00edtica del Consell de Mallorca per als joves, una omissi\u00f3 que redueix la compet\u00e8ncia de Joventut a fer d\u2019ag\u00e8ncia de viatges.  <\/p>\n\n\n[vc_row][vc_column][vc_column_text]\n<p>Un altre viatge per joves, aquest cop al Cam\u00ed de Cavalls de Menorca,  com a \u00fanica iniciativa visible de la Direcci\u00f3 insular de Joventut de Mallorca. Uns viatges que arriben a unes desenes de joves, i que constitueixen l\u2019eix central de les pol\u00edtiques del Consell per a joves aquesta legislatura, deixant de banda temes socials primordials que afecten la vida dels ciutadans entre 15 i 35 anys, com s\u00f3n la manca d\u2019habitatge, la formaci\u00f3, el mercat laboral o la salut mental. Temes que queden totalment apartats per la gesti\u00f3 del conseller de Presid\u00e8ncia i responsable pol\u00edtic de Joventut al Consell de Mallorca, Antoni Fuster. <\/p>\n<p>El Grup Socialista critica durament la gesti\u00f3 del govern de PPVox en mat\u00e8ria de Joventut, assenyalant \u201cl\u2019abandonament de les pol\u00edtiques socials i emocionals en favor d\u2019activitats d\u2019oci que ha orquestrat Fuster\u201d. \u00c9s un \u201cenfocament superficial del govern insular en relaci\u00f3 amb les pol\u00edtiques juvenils\u201d. Segons Bea Gamund\u00ed, consellera socialista, l\u2019executiu PPVox de Galm\u00e9s ha transformat el Departament de Joventut en &#8220;una ag\u00e8ncia de viatges institucional, prioritzant activitats d\u2019aventura mentre ignora problemes estructurals com la salut mental, l\u2019acc\u00e9s a l\u2019habitatge i la igualtat d\u2019oportunitats educatives\u201d.<\/p>\n<p>&#8220;La situaci\u00f3 \u00e9s greu i alarmant. Ens trobam davant d\u2019un augment preocupant dels casos de malestar emocional entre els adolescents de Mallorca, i el govern es limita a organitzar gimcanes i excursions&#8221;, ha afirmat Gamund\u00ed. &#8220;Mentrestant, l\u2019Institut Balear de Salut Mental per a la Inf\u00e0ncia i l\u2019Adolesc\u00e8ncia est\u00e0 desbordat, les joves pateixen pressions acad\u00e8miques i socials desmesurades, i els ajuntaments reben un no sistem\u00e0tic quan proposen actuacions serioses&#8221;.<\/p>\n<p>Des de les Joventuts Socialistes de Mallorca, el seu secretari general, Joan M\u00e9ndez, \u201cno \u00e9s possible que l\u2019oci sigui el principal full de ruta de les pol\u00edtiques de joventut de la instituci\u00f3 que te les compet\u00e8ncies a Mallorca\u201d. El recentment elegit com a m\u00e0xim responsable dels joves socialistes de Mallorca ha insistit en \u201cl\u2019equivocaci\u00f3 del Consell, que no aborda temes que preocupen el jovent com l\u2019emancipaci\u00f3, les condicions laborals que pateixen com en el cas de les pr\u00e0ctiques no remunerades; de fer oci sempre en tindrem temps, per\u00f2 no es pot girar l\u2019esquena als problemes reals de la joventut de la nostra illa.\u201d<\/p>\n<p>El Grup Socialista ha presentat una bateria de propostes, com ara un Pla integral de benestar emocional infanto-juvenil, la creaci\u00f3 d\u2019una xarxa p\u00fablica d\u2019Espais Comunitaris, subvencions bianuals per projectes municipals de salut mental i educaci\u00f3 afectiva-sexual, aix\u00ed com ajudes per a joves que estudien fora de l\u2019illa. &#8220;Aquest govern del Consell de Mallorca diu no a tot all\u00f2 que realment millora la vida dels joves. No a la salut mental, no a les beques d\u2019estudi, a millorar els casals de joves&#8230; \u00c9s inadmissible i irresponsable&#8221;, ha sentenciat Gamund\u00ed. &#8220;Nosaltres no defallirem: lluitarem perqu\u00e8 la joventut mallorquina tingui l\u2019atenci\u00f3 i les oportunitats que mereix, mentre que el Consell els insisteix a enviar-ne una quants a Menorca o a esquiar al Pirineu.&#8221;<\/p>\n[\/vc_column_text][\/vc_column][\/vc_row]\n\n\n\n<p><\/p>\n\n\n\n<figure class=\"wp-block-audio\"><audio controls src=\"https:\/\/www.psib-psoe.org\/mallorca\/wp-content\/uploads\/Bea-Gamundi-joventut-mp3cut.net_.mp3\"><\/audio><\/figure>\n<\/div>","protected":false},"excerpt":{"rendered":"De nou un anunci d\u2019un viatge per a un centenar de joves d\u2019entre 18 i 30 anys, fet pel conseller de Presid\u00e8ncia, Antoni Fuster, torna a posar al descobert el desert organitzatiu i de gesti\u00f3 de la Direcci\u00f3 insular de Joventut, que com a \u00faniques iniciatives conegudes, ha promogut viatges a la neu, a un&hellip;","protected":false},"author":3,"featured_media":30192,"comment_status":"closed","ping_status":"closed","sticky":false,"template":"","format":"standard","meta":{"footnotes":""},"categories":[89,2,1,92],"tags":[218,343,362,447,546,105,83,77,186,226,483,504,296],"class_list":["post-30191","post","type-post","status-publish","format-standard","has-post-thumbnail","hentry","category-consell-de-mallorca","category-federacio-de-mallorca","category-federacio-de-mallorca-portada","category-portada","tag-amanda-fernandez","tag-andreu-serra","tag-ares-fernandez","tag-bea-gamundi","tag-biel-alomar","tag-catalina-cladera","tag-consell-de-mallorca","tag-federacio-socialista-de-mallorca","tag-jaume-mateu","tag-javier-de-juan","tag-joan-ferrer","tag-juana-m-adrover","tag-sofia-alonso"],"_links":{"self":[{"href":"https:\/\/www.psib-psoe.org\/mallorca\/wp-json\/wp\/v2\/posts\/30191"}],"collection":[{"href":"https:\/\/www.psib-psoe.org\/mallorca\/wp-json\/wp\/v2\/posts"}],"about":[{"href":"https:\/\/www.psib-psoe.org\/mallorca\/wp-json\/wp\/v2\/types\/post"}],"author":[{"embeddable":true,"href":"https:\/\/www.psib-psoe.org\/mallorca\/wp-json\/wp\/v2\/users\/3"}],"replies":[{"embeddable":true,"href":"https:\/\/www.psib-psoe.org\/mallorca\/wp-json\/wp\/v2\/comments?post=30191"}],"version-history":[{"count":2,"href":"https:\/\/www.psib-psoe.org\/mallorca\/wp-json\/wp\/v2\/posts\/30191\/revisions"}],"predecessor-version":[{"id":30195,"href":"https:\/\/www.psib-psoe.org\/mallorca\/wp-json\/wp\/v2\/posts\/30191\/revisions\/30195"}],"wp:featuredmedia":[{"embeddable":true,"href":"https:\/\/www.psib-psoe.org\/mallorca\/wp-json\/wp\/v2\/media\/30192"}],"wp:attachment":[{"href":"https:\/\/www.psib-psoe.org\/mallorca\/wp-json\/wp\/v2\/media?parent=30191"}],"wp:term":[{"taxonomy":"category","embeddable":true,"href":"https:\/\/www.psib-psoe.org\/mallorca\/wp-json\/wp\/v2\/categories?post=30191"},{"taxonomy":"post_tag","embeddable":true,"href":"https:\/\/www.psib-psoe.org\/mallorca\/wp-json\/wp\/v2\/tags?post=30191"}],"curies":[{"name":"wp","href":"https:\/\/api.w.org\/{rel}","templated":true}]}}