{"id":30196,"date":"2025-08-07T12:41:20","date_gmt":"2025-08-07T10:41:20","guid":{"rendered":"https:\/\/www.psib-psoe.org\/mallorca\/?p=30196"},"modified":"2025-08-07T12:41:31","modified_gmt":"2025-08-07T10:41:31","slug":"maria-gracia-gonzalez-nova-secretaria-general-de-lagrupacio-socialista-de-felanitx","status":"publish","type":"post","link":"https:\/\/www.psib-psoe.org\/mallorca\/maria-gracia-gonzalez-nova-secretaria-general-de-lagrupacio-socialista-de-felanitx\/","title":{"rendered":"Mar\u00eda Gracia Gonz\u00e1lez, nova secretaria general de l\u2019Agrupaci\u00f3 Socialista de Felanitx."},"content":{"rendered":"\n<figure class=\"wp-block-image size-large\"><img loading=\"lazy\" decoding=\"async\" width=\"1024\" height=\"768\" src=\"https:\/\/www.psib-psoe.org\/mallorca\/wp-content\/uploads\/Assemblea-1-3-1024x768.jpeg\" alt=\"\" class=\"wp-image-30197\" srcset=\"https:\/\/www.psib-psoe.org\/mallorca\/wp-content\/uploads\/Assemblea-1-3-1024x768.jpeg 1024w, https:\/\/www.psib-psoe.org\/mallorca\/wp-content\/uploads\/Assemblea-1-3-300x225.jpeg 300w, https:\/\/www.psib-psoe.org\/mallorca\/wp-content\/uploads\/Assemblea-1-3-768x576.jpeg 768w, https:\/\/www.psib-psoe.org\/mallorca\/wp-content\/uploads\/Assemblea-1-3-1536x1152.jpeg 1536w, https:\/\/www.psib-psoe.org\/mallorca\/wp-content\/uploads\/Assemblea-1-3-150x113.jpeg 150w, https:\/\/www.psib-psoe.org\/mallorca\/wp-content\/uploads\/Assemblea-1-3-600x450.jpeg 600w, https:\/\/www.psib-psoe.org\/mallorca\/wp-content\/uploads\/Assemblea-1-3-900x675.jpeg 900w, https:\/\/www.psib-psoe.org\/mallorca\/wp-content\/uploads\/Assemblea-1-3-20x16.jpeg 20w, https:\/\/www.psib-psoe.org\/mallorca\/wp-content\/uploads\/Assemblea-1-3.jpeg 1600w\" sizes=\"(max-width: 1024px) 100vw, 1024px\" \/><\/figure>\n\n\n<figure class=\"wp-block-image size-large\"><\/figure>\n<p><em><u>Mar\u00eda Gracia Gonz\u00e1lez pren el relleu de Xisco Duarte al capdavant dels Socialistes de Felanitx,amb una Agrupaci\u00f3 renovada per\u00f2 que recull l\u2019experi\u00e8ncia acumulada en l\u2019\u00e0mbit municipal els darrers anys. La nova secret\u00e0ria general ha fet una crida per unir esfor\u00e7os amb l\u2019objectiu de fer viable una alternativa netament d\u2019esquerres a Felanitx en 2027. \u00a0La secret\u00e0ria general de la FSM, Amanda Fern\u00e0ndez ha destacat la tradici\u00f3 socialista de Felanitx i ha cridat a fer guardar el valors cl\u00e0ssics de solidaritat i just\u00edcia social , i \u201ca expandir-lo porta a porta\u201d per explicar el projecte dels Socialistes a Felanitx\u201d.<\/u><\/em><\/p>\n<p>L\u2019Agrupaci\u00f3 Socialista de Felanitx es renova, i ho fa a partir de l\u2019experi\u00e8ncia pol\u00edtica de mols dels seus membres. M. Gracia Gonz\u00e1lez ha estat elegida com a nova secret\u00e0ria general de l\u2019Agrupaci\u00f3, i pren el relleu de Xisco Duarte, qui es mant\u00e9 dins de l\u2019executiva. Aix\u00ed mateix tamb\u00e9 destaca la pres\u00e8ncia de Mercedes Garrido, vicepresidenta del Parlament i membre de l\u2019Executiva del PSIB, en una de les vocalies. Gonz\u00e1lez s\u2019ha mostrat \u201corgullosa i conven\u00e7uda de liderar aquest nou cicle dels Socialistes de Felanitx, per qu\u00e8 \u201csabem que estem al costat correcte de la Hist\u00f2ria, i tenim el repte de demostrar-ho\u201d. \u00a0b\u00e9 ampliant i refor\u00e7ant a l&#8217;executiva anterior amb un prop\u00f2sit molt clar, seguir lluitant per fer de Felanitx un municipi millor i arribar a les pr\u00f2ximes eleccions amb tota la for\u00e7a i la il\u00b7lusi\u00f3&#8221;. Gonz\u00e1lez \u00e9s tamb\u00e9 portaveu del Grup Municipal a Felanitx, i per tant, tamb\u00e9 ha alertat de la necessitat de seguir \u201cfent feina honesta d\u2019oposici\u00f3 durant els dos anys que queden de legislatura, per demostrar que Felanitx es pot i s\u2019ha de governar d\u2019una altra manera que no sigui amb una batlessa com Catalina Soler.\u201d<\/p>\n<p>De la ma de Gonz\u00e1lez es conforma un nova Executiva a Felanitx, que queda aix\u00ed:<\/p>\n<ul>\n<li>President: Miquel Riera.<\/li>\n<li>Secretaria general: Mar\u00eda Gracia Gonz\u00e1lez.<\/li>\n<li>Organitzaci\u00f3: Mercedes Parapar.<\/li>\n<li>Pol\u00edtica Municipal: Manuel Amores.<\/li>\n<li>Igualtat i Joventut: Nerea Grimaldo.<\/li>\n<li>Transici\u00f3 Ecol\u00f2gica: Marc Bonet.<\/li>\n<li>Cultura i Economia Local: Francesc Duarte.<\/li>\n<li>Vocalies: Mercedes Garrido i Miguel Gonz\u00e1lez.<\/li>\n<\/ul>\n<p>Amanda Fern\u00e0ndez ha destacat la import\u00e0ncia de Felanitx dins del projecte socialista per Mallorca, i valora la necessitat de comptar amb una Agrupaci\u00f3 \u201cactiva i cohesionada\u201d, per tornar a convertir Felanitx en un municipi progressista, \u201ccom es mereixen els seus ciutadans i ciutadanes\u201d. La secret\u00e0ria general dels socialistes de Mallorca ha encoratjat els Socialistes de Felanitx a \u201cseguir fent oposici\u00f3 valenta davant d\u2019un govern municipal autoritari\u201d, per trobar el millor perfil de cara a les eleccions de 2027.<\/p>\n\n\n<p><\/p>\n","protected":false},"excerpt":{"rendered":"<p>Mar\u00eda Gracia Gonz\u00e1lez pren el relleu de Xisco Duarte al capdavant dels Socialistes de Felanitx,amb una Agrupaci\u00f3 renovada per\u00f2 que recull l\u2019experi\u00e8ncia acumulada en l\u2019\u00e0mbit municipal els darrers anys. La nova secret\u00e0ria general ha fet una crida per unir esfor\u00e7os amb l\u2019objectiu de fer viable una alternativa netament d\u2019esquerres a Felanitx en 2027. \u00a0La secret\u00e0ria&hellip;<\/p>\n","protected":false},"author":3,"featured_media":30197,"comment_status":"false","ping_status":"closed","sticky":false,"template":"","format":"standard","meta":{"footnotes":""},"categories":[2,1,90,92],"tags":[405,77,128,504,584,104,84,129],"class_list":["post-30196","post","type-post","status-publish","format-standard","has-post-thumbnail","hentry","category-federacio-de-mallorca","category-federacio-de-mallorca-portada","category-municipis","category-portada","tag-agrupacio-socialista-de-felanitx","tag-federacio-socialista-de-mallorca","tag-felanitx","tag-juana-m-adrover","tag-maria-gracia-gonzalez","tag-mercedes-garrido","tag-psib-psoe","tag-xisco-duarte"],"_links":{"self":[{"href":"https:\/\/www.psib-psoe.org\/mallorca\/wp-json\/wp\/v2\/posts\/30196"}],"collection":[{"href":"https:\/\/www.psib-psoe.org\/mallorca\/wp-json\/wp\/v2\/posts"}],"about":[{"href":"https:\/\/www.psib-psoe.org\/mallorca\/wp-json\/wp\/v2\/types\/post"}],"author":[{"embeddable":true,"href":"https:\/\/www.psib-psoe.org\/mallorca\/wp-json\/wp\/v2\/users\/3"}],"replies":[{"embeddable":true,"href":"https:\/\/www.psib-psoe.org\/mallorca\/wp-json\/wp\/v2\/comments?post=30196"}],"version-history":[{"count":1,"href":"https:\/\/www.psib-psoe.org\/mallorca\/wp-json\/wp\/v2\/posts\/30196\/revisions"}],"predecessor-version":[{"id":30198,"href":"https:\/\/www.psib-psoe.org\/mallorca\/wp-json\/wp\/v2\/posts\/30196\/revisions\/30198"}],"wp:featuredmedia":[{"embeddable":true,"href":"https:\/\/www.psib-psoe.org\/mallorca\/wp-json\/wp\/v2\/media\/30197"}],"wp:attachment":[{"href":"https:\/\/www.psib-psoe.org\/mallorca\/wp-json\/wp\/v2\/media?parent=30196"}],"wp:term":[{"taxonomy":"category","embeddable":true,"href":"https:\/\/www.psib-psoe.org\/mallorca\/wp-json\/wp\/v2\/categories?post=30196"},{"taxonomy":"post_tag","embeddable":true,"href":"https:\/\/www.psib-psoe.org\/mallorca\/wp-json\/wp\/v2\/tags?post=30196"}],"curies":[{"name":"wp","href":"https:\/\/api.w.org\/{rel}","templated":true}]}}