{"id":30199,"date":"2025-08-07T14:36:05","date_gmt":"2025-08-07T12:36:05","guid":{"rendered":"https:\/\/www.psib-psoe.org\/mallorca\/?p=30199"},"modified":"2025-08-07T14:36:17","modified_gmt":"2025-08-07T12:36:17","slug":"els-socialistes-dalcudia-presentaran-allegacions-contra-un-pressupost-de-2025-de-la-ultra-dreta-sense-nous-serveis-i-que-es-illegal-per-vulneracio-de-la-llei-dhis","status":"publish","type":"post","link":"https:\/\/www.psib-psoe.org\/mallorca\/els-socialistes-dalcudia-presentaran-allegacions-contra-un-pressupost-de-2025-de-la-ultra-dreta-sense-nous-serveis-i-que-es-illegal-per-vulneracio-de-la-llei-dhis\/","title":{"rendered":"Els Socialistes d\u2019Alc\u00fadia presentaran al\u00b7legacions contra un Pressupost de 2025 \u201cde la ultra-dreta, sense nous serveis, i que \u00e9s il\u00b7legal\u201d per vulneraci\u00f3 de la Llei d\u2019Hisendes Locals."},"content":{"rendered":"<div class=\"wpb-content-wrapper\">\n<figure class=\"wp-block-image size-full\"><img loading=\"lazy\" decoding=\"async\" width=\"1170\" height=\"634\" src=\"https:\/\/www.psib-psoe.org\/mallorca\/wp-content\/uploads\/Ple-pressupostos.jpeg\" alt=\"\" class=\"wp-image-30200\" srcset=\"https:\/\/www.psib-psoe.org\/mallorca\/wp-content\/uploads\/Ple-pressupostos.jpeg 1170w, https:\/\/www.psib-psoe.org\/mallorca\/wp-content\/uploads\/Ple-pressupostos-300x163.jpeg 300w, https:\/\/www.psib-psoe.org\/mallorca\/wp-content\/uploads\/Ple-pressupostos-1024x555.jpeg 1024w, https:\/\/www.psib-psoe.org\/mallorca\/wp-content\/uploads\/Ple-pressupostos-768x416.jpeg 768w, https:\/\/www.psib-psoe.org\/mallorca\/wp-content\/uploads\/Ple-pressupostos-20x11.jpeg 20w, https:\/\/www.psib-psoe.org\/mallorca\/wp-content\/uploads\/Ple-pressupostos-150x81.jpeg 150w, https:\/\/www.psib-psoe.org\/mallorca\/wp-content\/uploads\/Ple-pressupostos-600x325.jpeg 600w, https:\/\/www.psib-psoe.org\/mallorca\/wp-content\/uploads\/Ple-pressupostos-900x488.jpeg 900w\" sizes=\"(max-width: 1170px) 100vw, 1170px\" \/><\/figure>\n\n\n<p>Els Socialistes d\u2019Alc\u00fadia han anunciat que presentaran el Pressupost Municipal de 2025, despr\u00e9s que la batlessa Fina Linares s\u2019hagi negat a retirar el punt de l\u2019ordre del dia on es proposava la seva aprovaci\u00f3. El portaveu adjunt del Grup Municipal Socialista, Joan Gaspar Vallori, ha denunciat que el document presentat inclou els pressuposts de les empreses municipals d\u2019Alc\u00fadia sense que aquests hagin estat aprovats pr\u00e8viament pels respectius consells d\u2019administraci\u00f3, tal com estableix la Llei d\u2019Hisendes Locals.<\/p>\n\n\n[vc_row][vc_column][vc_column_text]\n<p>Els Socialistes han demanat en el ple d&#8217;avui a Alc\u00fadia la retirada del punt de l&#8217;ordre del dia, per\u00f2 davant la negativa de la batlessa Fina Linares, s\u2019han oposat al text articulat, i han anunciat la presentaci\u00f3 d\u2019al\u00b7legacions als pressupostos d\u2019Alc\u00fadia 2025 que ha avui ha dut a plen\u00e0ria l\u2019equip de govern, vuit mesos m\u00e9s tard d\u2019all\u00f2 establert. Segons Joan Gaspar Vallori, \u201caquest Pressupost \u00e9s il\u00b7legal per saltar-se els procediments, i a m\u00e9s arriba amb vuit mesos de retard i nom\u00e9s tindr\u00e0 quatre mesos de vig\u00e8ncia, s\u00f3n paper banyat\u201d. <\/p>\n<p>L\u2019article 165 del Reial decret legislatiu 2\/2004 que modifica la Llei reguladora de les Hisendes Locals, exposa que \u00e9s preceptiva l\u2019aprovaci\u00f3 dels comptes de cada empresa municipal abans d\u2019integrar-los en el pressupost de l\u2019ajuntament. Aquest tr\u00e0mit no s\u2019ha seguit a Alc\u00fadia, amb una batlessa pressionada per aprovar uns comptes com sigui, que s\u2019ha deixat enrere el compliment de la legalitat.<\/p>\n<p>A m\u00e9s, Vallori ha recordat que l\u2019equip de govern nom\u00e9s va donar menys de 48 hores a l\u2019oposici\u00f3 per revisar el pressupost de 350 p\u00e0gines abans de la comissi\u00f3 informativa de la setmana passada, un fet que demostra \u201cla manca de respecte democr\u00e0tic al paper de l\u2019oposici\u00f3\u201d de Linares, un detall que concorda amb \u201cla negligent gesti\u00f3 dels recursos municipals que fa batlia i el seu equip, de la qual n\u2019hem tingut complida mostra en els dos anys de legislatura\u201d.<\/p>\n<p>Durant la seva intervenci\u00f3 al plenari, Vallori ha assenyalat les greus defici\u00e8ncies del document pressupostari: \u201cS\u00f3n uns comptes que retallen en serveis essencials, augmenten despeses en festes i fires de manera descontrolada, i evidencien la improvisaci\u00f3 i manca de projecte del govern municipal.\u201d Ha destacat que l\u2019equip de govern \u201cfa servir t\u00e8cniques opaques, falseja increments socials mitjan\u00e7ant redistribuci\u00f3 de partides i ignora les normes m\u00e9s b\u00e0siques de transpar\u00e8ncia.\u201d<\/p>\n<p>En refer\u00e8ncia a la gesti\u00f3, ha afirmat que \u201cno s\u2019ha executat ni un 12% de les inversions previstes el 2024, es creen places que no es doten, s\u2019abusa de la contractaci\u00f3 temporal, i fins i tot es lloguen locals sense cap licitaci\u00f3 p\u00fablica\u201d.<\/p>\n<p>Sobre la postura del govern municipal, Vallori ha concl\u00f2s amb contund\u00e8ncia: \u201cPresenten un il\u00b7legal, fora de termini, i ple de retallades, que fomenta la desigualtat, el descontrol; un pressupost del pa i circ, sense cap servei nou ni cap idea clara; un pressupost de la ultra dreta que \u00e9s fort amb els d\u00e8bils. No s\u2019ajusta ni a la legalitat ni al sentit com\u00fa. Avui votem no, per\u00f2 estem conven\u00e7uts que aquest pressupost l\u2019haurem de tornar a votar m\u00e9s endavant\u201d. Els Socialistes d\u2019Alc\u00fadia confien que les al\u00b7legacions que es presentaran faran que el govern municipal revisi el procediment i respecti la normativa que garanteix una gesti\u00f3 p\u00fablica rigorosa i democr\u00e0tica.<\/p>\n[\/vc_column_text][\/vc_column][\/vc_row]\n\n\n\n<figure class=\"wp-block-video\"><video controls src=\"https:\/\/www.psib-psoe.org\/mallorca\/wp-content\/uploads\/Alcudia_pressuposts_V1.mp4\"><\/video><\/figure>\n\n\n\n<p><\/p>\n<\/div>","protected":false},"excerpt":{"rendered":"Els Socialistes d\u2019Alc\u00fadia han anunciat que presentaran el Pressupost Municipal de 2025, despr\u00e9s que la batlessa Fina Linares s\u2019hagi negat a retirar el punt de l\u2019ordre del dia on es proposava la seva aprovaci\u00f3. El portaveu adjunt del Grup Municipal Socialista, Joan Gaspar Vallori, ha denunciat que el document presentat inclou els pressuposts de les&hellip;","protected":false},"author":3,"featured_media":30200,"comment_status":"closed","ping_status":"closed","sticky":false,"template":"","format":"standard","meta":{"footnotes":""},"categories":[2,1,90,92],"tags":[348,218,349,77,304],"class_list":["post-30199","post","type-post","status-publish","format-standard","has-post-thumbnail","hentry","category-federacio-de-mallorca","category-federacio-de-mallorca-portada","category-municipis","category-portada","tag-agrupacio-socialista-dalcudia","tag-amanda-fernandez","tag-barbara-rebassa","tag-federacio-socialista-de-mallorca","tag-joan-gaspar-vallori"],"_links":{"self":[{"href":"https:\/\/www.psib-psoe.org\/mallorca\/wp-json\/wp\/v2\/posts\/30199"}],"collection":[{"href":"https:\/\/www.psib-psoe.org\/mallorca\/wp-json\/wp\/v2\/posts"}],"about":[{"href":"https:\/\/www.psib-psoe.org\/mallorca\/wp-json\/wp\/v2\/types\/post"}],"author":[{"embeddable":true,"href":"https:\/\/www.psib-psoe.org\/mallorca\/wp-json\/wp\/v2\/users\/3"}],"replies":[{"embeddable":true,"href":"https:\/\/www.psib-psoe.org\/mallorca\/wp-json\/wp\/v2\/comments?post=30199"}],"version-history":[{"count":1,"href":"https:\/\/www.psib-psoe.org\/mallorca\/wp-json\/wp\/v2\/posts\/30199\/revisions"}],"predecessor-version":[{"id":30202,"href":"https:\/\/www.psib-psoe.org\/mallorca\/wp-json\/wp\/v2\/posts\/30199\/revisions\/30202"}],"wp:featuredmedia":[{"embeddable":true,"href":"https:\/\/www.psib-psoe.org\/mallorca\/wp-json\/wp\/v2\/media\/30200"}],"wp:attachment":[{"href":"https:\/\/www.psib-psoe.org\/mallorca\/wp-json\/wp\/v2\/media?parent=30199"}],"wp:term":[{"taxonomy":"category","embeddable":true,"href":"https:\/\/www.psib-psoe.org\/mallorca\/wp-json\/wp\/v2\/categories?post=30199"},{"taxonomy":"post_tag","embeddable":true,"href":"https:\/\/www.psib-psoe.org\/mallorca\/wp-json\/wp\/v2\/tags?post=30199"}],"curies":[{"name":"wp","href":"https:\/\/api.w.org\/{rel}","templated":true}]}}