{"id":30203,"date":"2025-08-07T14:42:50","date_gmt":"2025-08-07T12:42:50","guid":{"rendered":"https:\/\/www.psib-psoe.org\/mallorca\/?p=30203"},"modified":"2025-08-07T14:43:02","modified_gmt":"2025-08-07T12:43:02","slug":"endavant-denuncia-la-deixadesa-de-lajuntament-de-ses-salines-en-lorganitzacio-de-les-festes-de-la-colonia-de-sant-jordi","status":"publish","type":"post","link":"https:\/\/www.psib-psoe.org\/mallorca\/endavant-denuncia-la-deixadesa-de-lajuntament-de-ses-salines-en-lorganitzacio-de-les-festes-de-la-colonia-de-sant-jordi\/","title":{"rendered":"Endavant denuncia la deixadesa de l\u2019Ajuntament de Ses Salines en l\u2019organitzaci\u00f3 de les festes de la Col\u00f2nia de Sant Jordi"},"content":{"rendered":"<div class=\"wpb-content-wrapper\">\n<figure class=\"wp-block-image size-full is-resized is-style-default\"><img loading=\"lazy\" decoding=\"async\" width=\"1179\" height=\"440\" src=\"https:\/\/www.psib-psoe.org\/mallorca\/wp-content\/uploads\/Logo-Endavant-Ses-Salines-i-Colonia-Sant-Jordi.jpg\" alt=\"\" class=\"wp-image-29943\" style=\"width:793px;height:auto\" srcset=\"https:\/\/www.psib-psoe.org\/mallorca\/wp-content\/uploads\/Logo-Endavant-Ses-Salines-i-Colonia-Sant-Jordi.jpg 1179w, https:\/\/www.psib-psoe.org\/mallorca\/wp-content\/uploads\/Logo-Endavant-Ses-Salines-i-Colonia-Sant-Jordi-300x112.jpg 300w, https:\/\/www.psib-psoe.org\/mallorca\/wp-content\/uploads\/Logo-Endavant-Ses-Salines-i-Colonia-Sant-Jordi-1024x382.jpg 1024w, https:\/\/www.psib-psoe.org\/mallorca\/wp-content\/uploads\/Logo-Endavant-Ses-Salines-i-Colonia-Sant-Jordi-768x287.jpg 768w, https:\/\/www.psib-psoe.org\/mallorca\/wp-content\/uploads\/Logo-Endavant-Ses-Salines-i-Colonia-Sant-Jordi-150x56.jpg 150w, https:\/\/www.psib-psoe.org\/mallorca\/wp-content\/uploads\/Logo-Endavant-Ses-Salines-i-Colonia-Sant-Jordi-600x224.jpg 600w, https:\/\/www.psib-psoe.org\/mallorca\/wp-content\/uploads\/Logo-Endavant-Ses-Salines-i-Colonia-Sant-Jordi-900x336.jpg 900w, https:\/\/www.psib-psoe.org\/mallorca\/wp-content\/uploads\/Logo-Endavant-Ses-Salines-i-Colonia-Sant-Jordi-20x7.jpg 20w\" sizes=\"(max-width: 1179px) 100vw, 1179px\" \/><\/figure>\n\n\n[vc_row][vc_column][vc_column_text]\n<p><em><u><br \/>\nMercedes Salas: &#8220;\u00c9s una mostra d&#8217;un model de govern que va a menys, que s&#8217;empetiteix any rere any.&#8221;<br \/>\n<\/u><\/em><\/p>\n[\/vc_column][\/vc_row]\n\n\n<p>El grup municipal Endavant per Ses Salines i Col\u00f2nia de Sant Jordi, \u00fanic partit a l\u2019oposici\u00f3, denuncia la falta de previsi\u00f3, efici\u00e8ncia i efic\u00e0cia de l\u2019Ajuntament de Ses Salines a l\u2019hora d\u2019organitzar les festes de la Col\u00f2nia de Sant Jordi d\u2019aquest 2025.<\/p>\n<p>De pocs anys en\u00e7\u00e0, la manca de planificaci\u00f3 \u00e9s alarmant, especialment durant la revetla, una nit coneguda per atraure milers de joves, molts dels quals aprofiten per fer botellada en els espais p\u00fablics. Davant aquesta realitat, l&#8217;Ajuntament decideix mirar cap a una altra banda, obviant mesures que en altre temps havien contribu\u00eft a reduir riscos i prevenir incidents greus.<\/p>\n<p>&#8220;No hi ha hagut ni campanyes preventives, ni punts d\u2019informaci\u00f3, ni pres\u00e8ncia sanit\u00e0ria adequada. \u00c9s incomprensible i inacceptable&#8221;, ha denunciat Mercedes Salas, portaveu d\u2019Endavant a la Junta de Districte de la Col\u00f2nia de Sant Jordi. En edicions anteriors, les festes havien comptat amb campanyes antialcoholisme, iniciatives com &#8220;No siguis ase&#8221;, &#8220;No i punt&#8221;, i un punt violeta per atendre possibles casos de viol\u00e8ncia masclista. A m\u00e9s, s\u2019habilitaven ambul\u00e0ncies fixes durant tota la revetla, arribant a haver-n\u2019hi dues segons les previsions de concurr\u00e8ncia.<\/p>\n<p>En els darrers anys, tot aix\u00f2 ha desaparegut. Si b\u00e9 es va comptar amb pres\u00e8ncia de la Policia Local i efectius de la Gu\u00e0rdia Civil, les situacions d\u2019emerg\u00e8ncia m\u00e8dica es varen haver de gestionar sense mitjans disponibles al moment. Ambul\u00e0ncies que s\u2019hagueren de cridar en calent, amb retards que superaven l\u2019hora d\u2019espera en la majoria de casos. &#8220;Aquesta manca de previsi\u00f3 no \u00e9s un error puntual. \u00c9s una mostra m\u00e9s d\u2019un model de govern que va a menys, que s\u2019empetiteix any rere any, deixant de banda la seguretat i el benestar de la ciutadania&#8221;, ha afegit Salas.<\/p>\n<p>Des d\u2019Endavant es posa l\u2019accent en \u201caquesta deixadesa institucional\u201d al mateix temps que s\u2019exigeixen responsabilitats pol\u00edtiques. \u201c\u00c9s inadmissible que, amb la traject\u00f2ria que tenen aquestes festes, no es planifiqui amb rigor i anticipaci\u00f3. Ens preocupa, sobretot, la normalitzaci\u00f3 del caos i la improvisaci\u00f3 per part d\u2019un equip de govern que cada vegada est\u00e0 m\u00e9s allunyat de la realitat del poble. I de l&#8217;organitzaci\u00f3 de la neteja de carrers posterior a les festes, m\u00e9s val no parlar-ne. &#8220;Volem bones festes, i les volem m\u00e9s segures, m\u00e9s responsables i m\u00e9s respectuoses amb tothom&#8221;, conclou la portaveu.<\/p>\n\n\n\n<p><\/p>\n<\/div>","protected":false},"excerpt":{"rendered":"[vc_row][vc_column][vc_column_text] Mercedes Salas: \"\u00c9s una mostra d'un model de govern que va a menys, que s'empetiteix any rere any.\" [\/vc_column][\/vc_row] El grup municipal Endavant per Ses Salines i Col\u00f2nia de Sant Jordi, \u00fanic partit a l\u2019oposici\u00f3, denuncia la falta de previsi\u00f3, efici\u00e8ncia i efic\u00e0cia de l\u2019Ajuntament de Ses Salines a l\u2019hora d\u2019organitzar les festes de&hellip;","protected":false},"author":3,"featured_media":29943,"comment_status":"closed","ping_status":"closed","sticky":false,"template":"","format":"standard","meta":{"footnotes":""},"categories":[2,1,90,92],"tags":[218,179,105,83,182,77,623,517,84],"class_list":["post-30203","post","type-post","status-publish","format-standard","has-post-thumbnail","hentry","category-federacio-de-mallorca","category-federacio-de-mallorca-portada","category-municipis","category-portada","tag-amanda-fernandez","tag-bernat-roig","tag-catalina-cladera","tag-consell-de-mallorca","tag-endavant","tag-federacio-socialista-de-mallorca","tag-inma-lopez","tag-mercedes-salas","tag-psib-psoe"],"_links":{"self":[{"href":"https:\/\/www.psib-psoe.org\/mallorca\/wp-json\/wp\/v2\/posts\/30203"}],"collection":[{"href":"https:\/\/www.psib-psoe.org\/mallorca\/wp-json\/wp\/v2\/posts"}],"about":[{"href":"https:\/\/www.psib-psoe.org\/mallorca\/wp-json\/wp\/v2\/types\/post"}],"author":[{"embeddable":true,"href":"https:\/\/www.psib-psoe.org\/mallorca\/wp-json\/wp\/v2\/users\/3"}],"replies":[{"embeddable":true,"href":"https:\/\/www.psib-psoe.org\/mallorca\/wp-json\/wp\/v2\/comments?post=30203"}],"version-history":[{"count":1,"href":"https:\/\/www.psib-psoe.org\/mallorca\/wp-json\/wp\/v2\/posts\/30203\/revisions"}],"predecessor-version":[{"id":30204,"href":"https:\/\/www.psib-psoe.org\/mallorca\/wp-json\/wp\/v2\/posts\/30203\/revisions\/30204"}],"wp:featuredmedia":[{"embeddable":true,"href":"https:\/\/www.psib-psoe.org\/mallorca\/wp-json\/wp\/v2\/media\/29943"}],"wp:attachment":[{"href":"https:\/\/www.psib-psoe.org\/mallorca\/wp-json\/wp\/v2\/media?parent=30203"}],"wp:term":[{"taxonomy":"category","embeddable":true,"href":"https:\/\/www.psib-psoe.org\/mallorca\/wp-json\/wp\/v2\/categories?post=30203"},{"taxonomy":"post_tag","embeddable":true,"href":"https:\/\/www.psib-psoe.org\/mallorca\/wp-json\/wp\/v2\/tags?post=30203"}],"curies":[{"name":"wp","href":"https:\/\/api.w.org\/{rel}","templated":true}]}}