{"id":30205,"date":"2025-08-08T11:05:17","date_gmt":"2025-08-08T09:05:17","guid":{"rendered":"https:\/\/www.psib-psoe.org\/mallorca\/?p=30205"},"modified":"2025-08-08T11:05:29","modified_gmt":"2025-08-08T09:05:29","slug":"la-gestio-negligent-de-ppvox-provoca-mes-retards-que-mai-en-les-convocatories-de-les-subvencions-del-consell-de-mallorca-a-propietaris-confraries-cooperatives-i-a-municipis-de-la-serra-de-tramuntana","status":"publish","type":"post","link":"https:\/\/www.psib-psoe.org\/mallorca\/la-gestio-negligent-de-ppvox-provoca-mes-retards-que-mai-en-les-convocatories-de-les-subvencions-del-consell-de-mallorca-a-propietaris-confraries-cooperatives-i-a-municipis-de-la-serra-de-tramuntana\/","title":{"rendered":"La gesti\u00f3 negligent de PPVox provoca m\u00e9s retards que mai en les convocat\u00f2ries de les subvencions del Consell de Mallorca a propietaris, confraries, cooperatives i a municipis de la Serra de Tramuntana."},"content":{"rendered":"<div class=\"wpb-content-wrapper\"><div class=\"wp-block-image\">\n<figure class=\"aligncenter size-full\"><img loading=\"lazy\" decoding=\"async\" width=\"2560\" height=\"1881\" src=\"https:\/\/www.psib-psoe.org\/mallorca\/wp-content\/uploads\/Catalina-rdp-090725-2.jpeg\" alt=\"\" class=\"wp-image-30206\" srcset=\"https:\/\/www.psib-psoe.org\/mallorca\/wp-content\/uploads\/Catalina-rdp-090725-2.jpeg 2560w, https:\/\/www.psib-psoe.org\/mallorca\/wp-content\/uploads\/Catalina-rdp-090725-2-300x220.jpeg 300w, https:\/\/www.psib-psoe.org\/mallorca\/wp-content\/uploads\/Catalina-rdp-090725-2-1024x752.jpeg 1024w, https:\/\/www.psib-psoe.org\/mallorca\/wp-content\/uploads\/Catalina-rdp-090725-2-768x564.jpeg 768w, https:\/\/www.psib-psoe.org\/mallorca\/wp-content\/uploads\/Catalina-rdp-090725-2-1536x1129.jpeg 1536w, https:\/\/www.psib-psoe.org\/mallorca\/wp-content\/uploads\/Catalina-rdp-090725-2-2048x1505.jpeg 2048w, https:\/\/www.psib-psoe.org\/mallorca\/wp-content\/uploads\/Catalina-rdp-090725-2-150x110.jpeg 150w, https:\/\/www.psib-psoe.org\/mallorca\/wp-content\/uploads\/Catalina-rdp-090725-2-600x441.jpeg 600w, https:\/\/www.psib-psoe.org\/mallorca\/wp-content\/uploads\/Catalina-rdp-090725-2-900x661.jpeg 900w, https:\/\/www.psib-psoe.org\/mallorca\/wp-content\/uploads\/Catalina-rdp-090725-2-20x16.jpeg 20w\" sizes=\"(max-width: 2560px) 100vw, 2560px\" \/><\/figure><\/div>\n\n<p>El Grup Socialista denuncia la gesti\u00f3 negligent de PPVox en relaci\u00f3 amb la Serra de Tramuntana, Patrimoni de la UNESCO. La recent convocat\u00f2ria de subvencions del Consorci Serra de Tramuntana per a actuacions de conservaci\u00f3 i millora ha estat publicada en ple mes d\u2019agost, dificultant greument la participaci\u00f3 d\u2019ajuntaments, propietaris i associacions agr\u00e0ries i pesqueres. Aquesta decisi\u00f3, que arriba tard i sense cap previsi\u00f3, posa en evid\u00e8ncia la manca de planificaci\u00f3 del PP, que no ha sabut ni volgut adaptar-se al calendari administratiu ni a les necessitats reals del territori i dels possibles beneficiaris de les ajudes.<\/p>\n\n\n[vc_row][vc_column][vc_column_text]\n<p>Despr\u00e9s de dos anys de legislatura, l\u2019agilitat del Consell de Mallorca i del Consorci Serra de Tramuntana en convocar i tramitar les subvencions anuals a propietaris, cooperatives agr\u00e0ries, confraries de pescadors i municipis de la Serra de Tramuntana va a pitjor. Enguany les convocat\u00f2ries de 2025 acaben de sortir aquest mateix mes d\u2019agost.  Catalina Cladera, portaveu del Grup Socialista al Consell de Mallorca critica aquesta manera de tramitar les ajudes, que perden gran part del valor i la utilitat que haurien de tenir: \u201c\u00e9s una vergonya que el PP llanci aquesta convocat\u00f2ria en ple mes d\u2019agost, sabent que molts ajuntaments i propietaris no podran accedir-hi en condicions. \u00c9s una mostra m\u00e9s de la deixadesa del PP i de la falta de comprom\u00eds amb la Serra de Tramuntana.\u201d<\/p>\n<p>Cladera lamenta la decad\u00e8ncia que en dos anys han patit els tr\u00e0mits del Consorci per llen\u00e7ar les subvencions: \u201cquan govern\u00e0vem, les subvencions es convocaven amb temps, amb planificaci\u00f3 i amb di\u00e0leg amb els municipis. Ara, hi ha m\u00e9s caps que treballadors i les subvencions s\u2019encallen\u201d. Malgrat l\u2019increment de personal de direcci\u00f3 al Consorci Serra de Tramuntana, no s\u2019ha millorat en cap moment la gesti\u00f3 ni el temps de tramitaci\u00f3 de les ajudes, que continuen sent lentes, opaques i poc eficients. <\/p>\n<p>A m\u00e9s, el PP continua sense presentar el projecte de llei de la Serra de Tramuntana, que hauria de ser aprovat pel Consell de Mallorca i rem\u00e8s al Parlament de les Illes Balears. Aquesta demora \u00e9s especialment greu, ja que la llei \u00e9s clau per garantir la protecci\u00f3 jur\u00eddica i territorial de la Serra.<br \/>\nSegons Cladera, el retard en la presentaci\u00f3 de la llei es deu a \u201cles dificultats del PP per encaixar la regularitzaci\u00f3 d\u2019edificacions i usos il\u00b7legals dins la Serra, autoritzada pel Govern de Prohens, \u201cun missatge dur\u00edssim per a tots els qui han complert la llei, i sobretot per aquells que pretenen salvar la Serra de Tramuntana de l\u2019especulaci\u00f3 que el PP i Vox fomenten. Aquesta regularitzaci\u00f3 \u00e9s una amnistia encoberta que obre la porta a m\u00e9s degradaci\u00f3 del territori\u201d, ha dit la portaveu socialista. <\/p>\n<p>Des del PSIB-PSOE es reclama una gesti\u00f3 valenta, transparent i compromesa amb la conservaci\u00f3 de la Serra, allunyada de l\u2019especulaci\u00f3 urban\u00edstica i de les pol\u00edtiques de maquillatge que nom\u00e9s serveixen per fer titulars, per\u00f2 no per protegir el patrimoni.<\/p>\n[\/vc_column_text][\/vc_column][\/vc_row]\n\n\n\n<p><\/p>\n\n\n\n<figure class=\"wp-block-audio\"><audio controls src=\"https:\/\/www.psib-psoe.org\/mallorca\/wp-content\/uploads\/Cladera-subvencions-SdT-VEED.mp3\"><\/audio><\/figure>\n<\/div>","protected":false},"excerpt":{"rendered":"El Grup Socialista denuncia la gesti\u00f3 negligent de PPVox en relaci\u00f3 amb la Serra de Tramuntana, Patrimoni de la UNESCO. La recent convocat\u00f2ria de subvencions del Consorci Serra de Tramuntana per a actuacions de conservaci\u00f3 i millora ha estat publicada en ple mes d\u2019agost, dificultant greument la participaci\u00f3 d\u2019ajuntaments, propietaris i associacions agr\u00e0ries i pesqueres.&hellip;","protected":false},"author":3,"featured_media":30206,"comment_status":"closed","ping_status":"closed","sticky":false,"template":"","format":"standard","meta":{"footnotes":""},"categories":[89,2,1,92],"tags":[218,343,362,447,546,105,83,77,186,226,483,504,296],"class_list":["post-30205","post","type-post","status-publish","format-standard","has-post-thumbnail","hentry","category-consell-de-mallorca","category-federacio-de-mallorca","category-federacio-de-mallorca-portada","category-portada","tag-amanda-fernandez","tag-andreu-serra","tag-ares-fernandez","tag-bea-gamundi","tag-biel-alomar","tag-catalina-cladera","tag-consell-de-mallorca","tag-federacio-socialista-de-mallorca","tag-jaume-mateu","tag-javier-de-juan","tag-joan-ferrer","tag-juana-m-adrover","tag-sofia-alonso"],"_links":{"self":[{"href":"https:\/\/www.psib-psoe.org\/mallorca\/wp-json\/wp\/v2\/posts\/30205"}],"collection":[{"href":"https:\/\/www.psib-psoe.org\/mallorca\/wp-json\/wp\/v2\/posts"}],"about":[{"href":"https:\/\/www.psib-psoe.org\/mallorca\/wp-json\/wp\/v2\/types\/post"}],"author":[{"embeddable":true,"href":"https:\/\/www.psib-psoe.org\/mallorca\/wp-json\/wp\/v2\/users\/3"}],"replies":[{"embeddable":true,"href":"https:\/\/www.psib-psoe.org\/mallorca\/wp-json\/wp\/v2\/comments?post=30205"}],"version-history":[{"count":1,"href":"https:\/\/www.psib-psoe.org\/mallorca\/wp-json\/wp\/v2\/posts\/30205\/revisions"}],"predecessor-version":[{"id":30208,"href":"https:\/\/www.psib-psoe.org\/mallorca\/wp-json\/wp\/v2\/posts\/30205\/revisions\/30208"}],"wp:featuredmedia":[{"embeddable":true,"href":"https:\/\/www.psib-psoe.org\/mallorca\/wp-json\/wp\/v2\/media\/30206"}],"wp:attachment":[{"href":"https:\/\/www.psib-psoe.org\/mallorca\/wp-json\/wp\/v2\/media?parent=30205"}],"wp:term":[{"taxonomy":"category","embeddable":true,"href":"https:\/\/www.psib-psoe.org\/mallorca\/wp-json\/wp\/v2\/categories?post=30205"},{"taxonomy":"post_tag","embeddable":true,"href":"https:\/\/www.psib-psoe.org\/mallorca\/wp-json\/wp\/v2\/tags?post=30205"}],"curies":[{"name":"wp","href":"https:\/\/api.w.org\/{rel}","templated":true}]}}