{"id":30260,"date":"2025-08-29T13:14:09","date_gmt":"2025-08-29T11:14:09","guid":{"rendered":"https:\/\/www.psib-psoe.org\/mallorca\/?p=30260"},"modified":"2025-08-29T13:14:21","modified_gmt":"2025-08-29T11:14:21","slug":"el-grup-socialista-lamenta-la-nulla-capacitat-de-gestio-del-consell-de-mallorca-i-el-seu-departament-de-turisme-per-fer-front-a-loferta-turistica-illegal","status":"publish","type":"post","link":"https:\/\/www.psib-psoe.org\/mallorca\/el-grup-socialista-lamenta-la-nulla-capacitat-de-gestio-del-consell-de-mallorca-i-el-seu-departament-de-turisme-per-fer-front-a-loferta-turistica-illegal\/","title":{"rendered":"El Grup Socialista lamenta la nul\u00b7la capacitat de gesti\u00f3 del Consell de Mallorca i el seu departament de turisme per fer front a l\u2019oferta tur\u00edstica il\u00b7legal"},"content":{"rendered":"<figure class=\"wp-block-image size-large\"><img loading=\"lazy\" decoding=\"async\" class=\"alignnone wp-image-30256 size-full\" src=\"http:\/\/www.psib-psoe.org\/mallorca\/wp-content\/uploads\/270825_Andreu-Serra.png\" alt=\"\" width=\"1202\" height=\"1146\" srcset=\"https:\/\/www.psib-psoe.org\/mallorca\/wp-content\/uploads\/270825_Andreu-Serra.png 1202w, https:\/\/www.psib-psoe.org\/mallorca\/wp-content\/uploads\/270825_Andreu-Serra-300x286.png 300w, https:\/\/www.psib-psoe.org\/mallorca\/wp-content\/uploads\/270825_Andreu-Serra-1024x976.png 1024w, https:\/\/www.psib-psoe.org\/mallorca\/wp-content\/uploads\/270825_Andreu-Serra-768x732.png 768w, https:\/\/www.psib-psoe.org\/mallorca\/wp-content\/uploads\/270825_Andreu-Serra-150x143.png 150w, https:\/\/www.psib-psoe.org\/mallorca\/wp-content\/uploads\/270825_Andreu-Serra-600x572.png 600w, https:\/\/www.psib-psoe.org\/mallorca\/wp-content\/uploads\/270825_Andreu-Serra-900x858.png 900w, https:\/\/www.psib-psoe.org\/mallorca\/wp-content\/uploads\/270825_Andreu-Serra-20x18.png 20w\" sizes=\"(max-width: 1202px) 100vw, 1202px\" \/><\/figure>\n<p><em><u><i><span lang=\"CA\">Davant la publicaci\u00f3 de que quatre de cada deu pisos tur\u00edstics que s\u2019anuncien s\u00f3n il\u00b7legals, el conseller del Grup Socialista al Consell de Mallorca, Andreu Serra, exigeix al conseller de Turisme, Marcial Rodr\u00edguez, que actu\u00ef front aquesta oferta tur\u00edstica il\u00b7legal<\/span><\/i><\/u><\/em><\/p>\n<p style=\"font-weight: 400;\">Despr\u00e9s de la publicaci\u00f3 per part del Consell de Mallorca de que quatre de cada deu cases tur\u00edstiques a Mallorca s\u00f3n il\u00b7legals, el Grup Socialista ha remarcat que \u201cha quedat de manifest la nul\u00b7la capacitat del Consell de Mallorca i del seu departament de turisme per fer front a l\u2019oferta tur\u00edstica il\u00b7legal\u201d. El conseller del Grup Socialista, Andreu Serra, ha exigit al conseller de turisme, Marcial Rodr\u00edguez, actuacions immediates i contundents per fer front a aquesta oferta tur\u00edstica il\u00b7legal.<\/p>\n<p style=\"font-weight: 400;\">Serra ha afegit que \u201cdes del Grup Socialista hem proposat solucions a aquesta problem\u00e0tica com els tancaments cautelars. Davant aquesta emerg\u00e8ncia, Marcial Rodr\u00edguez i el seu equip s\u2019han de posar a fer feina de valent\u201d.<\/p>\n<p style=\"font-weight: 400;\">Per altra banda, el conseller socialista ha comentat que \u201camb les informacions publicades, ha quedat de manifest la nul\u00b7la capacitat de gesti\u00f3 que t\u00e9 el conseller de turisme. Ha d\u2019exigir a les plataformes que publiquen anuncis de cases tur\u00edstiques il\u00b7legals que les eliminin immediatament\u201d.<\/p>\n<p style=\"font-weight: 400;\">Finalment, Serra ha concl\u00f2s que \u201clo important no \u00e9s saber quantes cases tur\u00edstiques il\u00b7legals hi ha a Mallorca, lo important \u00e9s lluitar i fer feina per tancar i prohibir operar a totes aquestes cases tur\u00edstiques il\u00b7legals\u201d.<\/p>\n\n\n<figure class=\"wp-block-audio\"><audio controls src=\"https:\/\/www.psib-psoe.org\/mallorca\/wp-content\/uploads\/290825_Andreu-Serra.mp3\"><\/audio><\/figure>\n","protected":false},"excerpt":{"rendered":"<p>Davant la publicaci\u00f3 de que quatre de cada deu pisos tur\u00edstics que s\u2019anuncien s\u00f3n il\u00b7legals, el conseller del Grup Socialista al Consell de Mallorca, Andreu Serra, exigeix al conseller de Turisme, Marcial Rodr\u00edguez, que actu\u00ef front aquesta oferta tur\u00edstica il\u00b7legal Despr\u00e9s de la publicaci\u00f3 per part del Consell de Mallorca de que quatre de cada&hellip;<\/p>\n","protected":false},"author":4,"featured_media":30256,"comment_status":"false","ping_status":"closed","sticky":false,"template":"","format":"standard","meta":{"footnotes":""},"categories":[89,2,92],"tags":[343,83,77,85,109],"class_list":["post-30260","post","type-post","status-publish","format-standard","has-post-thumbnail","hentry","category-consell-de-mallorca","category-federacio-de-mallorca","category-portada","tag-andreu-serra","tag-consell-de-mallorca","tag-federacio-socialista-de-mallorca","tag-grup-socialista","tag-turisme"],"_links":{"self":[{"href":"https:\/\/www.psib-psoe.org\/mallorca\/wp-json\/wp\/v2\/posts\/30260"}],"collection":[{"href":"https:\/\/www.psib-psoe.org\/mallorca\/wp-json\/wp\/v2\/posts"}],"about":[{"href":"https:\/\/www.psib-psoe.org\/mallorca\/wp-json\/wp\/v2\/types\/post"}],"author":[{"embeddable":true,"href":"https:\/\/www.psib-psoe.org\/mallorca\/wp-json\/wp\/v2\/users\/4"}],"replies":[{"embeddable":true,"href":"https:\/\/www.psib-psoe.org\/mallorca\/wp-json\/wp\/v2\/comments?post=30260"}],"version-history":[{"count":1,"href":"https:\/\/www.psib-psoe.org\/mallorca\/wp-json\/wp\/v2\/posts\/30260\/revisions"}],"predecessor-version":[{"id":30262,"href":"https:\/\/www.psib-psoe.org\/mallorca\/wp-json\/wp\/v2\/posts\/30260\/revisions\/30262"}],"wp:featuredmedia":[{"embeddable":true,"href":"https:\/\/www.psib-psoe.org\/mallorca\/wp-json\/wp\/v2\/media\/30256"}],"wp:attachment":[{"href":"https:\/\/www.psib-psoe.org\/mallorca\/wp-json\/wp\/v2\/media?parent=30260"}],"wp:term":[{"taxonomy":"category","embeddable":true,"href":"https:\/\/www.psib-psoe.org\/mallorca\/wp-json\/wp\/v2\/categories?post=30260"},{"taxonomy":"post_tag","embeddable":true,"href":"https:\/\/www.psib-psoe.org\/mallorca\/wp-json\/wp\/v2\/tags?post=30260"}],"curies":[{"name":"wp","href":"https:\/\/api.w.org\/{rel}","templated":true}]}}