{"id":30263,"date":"2025-09-01T14:16:42","date_gmt":"2025-09-01T12:16:42","guid":{"rendered":"https:\/\/www.psib-psoe.org\/mallorca\/?p=30263"},"modified":"2025-09-01T14:16:53","modified_gmt":"2025-09-01T12:16:53","slug":"el-psib-psoe-condemna-lagressio-per-motius-ideologics-patida-per-un-jove-a-binissalem","status":"publish","type":"post","link":"https:\/\/www.psib-psoe.org\/mallorca\/el-psib-psoe-condemna-lagressio-per-motius-ideologics-patida-per-un-jove-a-binissalem\/","title":{"rendered":"El PSIB-PSOE condemna l\u2019agressi\u00f3 per motius ideol\u00f2gics patida per un jove a Binissalem"},"content":{"rendered":"<figure class=\"wp-block-image size-large\"><img loading=\"lazy\" decoding=\"async\" class=\"alignnone wp-image-30265 size-full\" src=\"http:\/\/www.psib-psoe.org\/mallorca\/wp-content\/uploads\/Logo-FSM.jpg\" alt=\"\" width=\"1080\" height=\"1080\" srcset=\"https:\/\/www.psib-psoe.org\/mallorca\/wp-content\/uploads\/Logo-FSM.jpg 1080w, https:\/\/www.psib-psoe.org\/mallorca\/wp-content\/uploads\/Logo-FSM-300x300.jpg 300w, https:\/\/www.psib-psoe.org\/mallorca\/wp-content\/uploads\/Logo-FSM-1024x1024.jpg 1024w, https:\/\/www.psib-psoe.org\/mallorca\/wp-content\/uploads\/Logo-FSM-150x150.jpg 150w, https:\/\/www.psib-psoe.org\/mallorca\/wp-content\/uploads\/Logo-FSM-768x768.jpg 768w, https:\/\/www.psib-psoe.org\/mallorca\/wp-content\/uploads\/Logo-FSM-600x600.jpg 600w, https:\/\/www.psib-psoe.org\/mallorca\/wp-content\/uploads\/Logo-FSM-900x900.jpg 900w, https:\/\/www.psib-psoe.org\/mallorca\/wp-content\/uploads\/Logo-FSM-20x20.jpg 20w\" sizes=\"(max-width: 1080px) 100vw, 1080px\" \/><\/figure>\n<p><em><u>Els socialistes han mostrat el seu suport al jove agredit el passat dissabte a una festa a Binissalem i han demanat al PP que \u201cno tan sols condemni aquests fets, sin\u00f3 que deixi de fomentar i blanquejar el discursos d\u2019odi\u201d<\/u><\/em><\/p>\n<p>El Partit Socialista ha condemnat els fets ocorreguts el passat dissabte a una festa a Binissalem on un grup de joves van agredir f\u00edsicament a un militant de les Joventuts Socialistes de les Illes Balears mentre li cridaven \u201crojo\u201d.<\/p>\n<p>El portaveu socialista a l\u2019Ajuntament de Binissalem, Pep Maria Pons, ha condemnat els fets ocorreguts al seu poble i ha destacat que \u201cBinissalem \u00e9s un poble on es respecte qualsevol tipus d\u2019ideologia i orientaci\u00f3 sexual, les nostres festes s\u00f3n i han de continuar sent espais segurs i de conviv\u00e8ncia. Per aix\u00f2, condemnem qualsevol tipus d\u2019agressi\u00f3\u201d.<\/p>\n<p>Per la seva banda, la secret\u00e0ria general de la Federaci\u00f3 Socialista de Mallorca, Amanda Fern\u00e1ndez, ha traslladat el \u201ctotal suport\u201d per part de tot el Partit Socialista al jove agredit. Fern\u00e1ndez ha afegit que \u201cs\u00f3n uns fets molt greus que no tenen cabuda en la nostra societat. \u00c9s molt trist que avui en dia visquem episodis tan trists com aquests\u201d.<\/p>\n<p>Fern\u00e1ndez ha fet inc\u00eds en que \u201cper desgr\u00e0cia, aquest estiu hem viscut diferents episodis d\u2019agressions a revetles i festes de Mallorca. Agressions per pensar diferent, com hem viscut a Binissalem, o agressions per la teva condici\u00f3 sexual, com vam viure a Sant Lloren\u00e7. O diferents episodis d\u2019insults cap el president del govern espanyol o joves amb camisetes amb missatges masclistes i feixistes a un torneig de Basket a Son Servera\u201d.<\/p>\n<p>A m\u00e9s, la secret\u00e0ria general ha explicat que \u201cels episodis citats anteriorment s\u00f3n el resultat dels discursos d\u2019odi de la dreta i l\u2019extrema dreta. Les revetles d\u2019estiu als pobles de Mallorca han de ser espais segurs i de celebraci\u00f3\u201d. Fern\u00e1ndez ha exigit al PP que \u201cno tan sols condemni aquests fets, sin\u00f3 que deixi de fomentar i blanquejar el discursos d\u2019odi dels seus socis de VOX\u201d.<\/p>\n<p>La socialista ha mostrat la seva \u201cpreocupaci\u00f3\u201d perqu\u00e8, amb l\u2019inici de curs, aquestes agressions es traslladin als centres educatius. \u201cEls docents m\u2019han fet arribar la seva preocupaci\u00f3, aquests discursos d\u2019odi i agressions estan arribant als centres escolars\u201d ha comentat Fern\u00e1ndez.<\/p>\n<p>I, finalment, el secretari general de les Joventuts Socialistes de Mallorca (JSMa), Joan M\u00e9ndez, ha concl\u00f2s que \u201cja n\u2019hi ha prou d\u2019intentar infectar les festes de Mallorca amb odi. Ja n\u2019hi ha prou del blanqueig del PP i de NNGG davant aquests missatges d\u2019odi. La gent d\u2019esquerres ens hem vist amena\u00e7ats per les nostres idees en espais que haurien de ser de conviv\u00e8ncia i bauxa. A partir d\u2019ara, qu\u00e8 far\u00e0 la dreta mallorquina?\u201d.<\/p>\n\n\n<figure class=\"wp-block-audio\"><audio controls src=\"https:\/\/www.psib-psoe.org\/mallorca\/wp-content\/uploads\/010925_Amanda-Fernandez-Agresio-ideologica-Binissalem.mp3\"><\/audio><\/figure>\n","protected":false},"excerpt":{"rendered":"<p>Els socialistes han mostrat el seu suport al jove agredit el passat dissabte a una festa a Binissalem i han demanat al PP que \u201cno tan sols condemni aquests fets, sin\u00f3 que deixi de fomentar i blanquejar el discursos d\u2019odi\u201d El Partit Socialista ha condemnat els fets ocorreguts el passat dissabte a una festa a&hellip;<\/p>\n","protected":false},"author":4,"featured_media":30265,"comment_status":"false","ping_status":"closed","sticky":false,"template":"","format":"standard","meta":{"footnotes":""},"categories":[89,2,92],"tags":[640,77,85,160],"class_list":["post-30263","post","type-post","status-publish","format-standard","has-post-thumbnail","hentry","category-consell-de-mallorca","category-federacio-de-mallorca","category-portada","tag-agressions","tag-federacio-socialista-de-mallorca","tag-grup-socialista","tag-mallorca"],"_links":{"self":[{"href":"https:\/\/www.psib-psoe.org\/mallorca\/wp-json\/wp\/v2\/posts\/30263"}],"collection":[{"href":"https:\/\/www.psib-psoe.org\/mallorca\/wp-json\/wp\/v2\/posts"}],"about":[{"href":"https:\/\/www.psib-psoe.org\/mallorca\/wp-json\/wp\/v2\/types\/post"}],"author":[{"embeddable":true,"href":"https:\/\/www.psib-psoe.org\/mallorca\/wp-json\/wp\/v2\/users\/4"}],"replies":[{"embeddable":true,"href":"https:\/\/www.psib-psoe.org\/mallorca\/wp-json\/wp\/v2\/comments?post=30263"}],"version-history":[{"count":1,"href":"https:\/\/www.psib-psoe.org\/mallorca\/wp-json\/wp\/v2\/posts\/30263\/revisions"}],"predecessor-version":[{"id":30266,"href":"https:\/\/www.psib-psoe.org\/mallorca\/wp-json\/wp\/v2\/posts\/30263\/revisions\/30266"}],"wp:featuredmedia":[{"embeddable":true,"href":"https:\/\/www.psib-psoe.org\/mallorca\/wp-json\/wp\/v2\/media\/30265"}],"wp:attachment":[{"href":"https:\/\/www.psib-psoe.org\/mallorca\/wp-json\/wp\/v2\/media?parent=30263"}],"wp:term":[{"taxonomy":"category","embeddable":true,"href":"https:\/\/www.psib-psoe.org\/mallorca\/wp-json\/wp\/v2\/categories?post=30263"},{"taxonomy":"post_tag","embeddable":true,"href":"https:\/\/www.psib-psoe.org\/mallorca\/wp-json\/wp\/v2\/tags?post=30263"}],"curies":[{"name":"wp","href":"https:\/\/api.w.org\/{rel}","templated":true}]}}