{"id":30267,"date":"2025-09-01T20:29:21","date_gmt":"2025-09-01T18:29:21","guid":{"rendered":"https:\/\/www.psib-psoe.org\/mallorca\/?p=30267"},"modified":"2025-09-01T20:29:32","modified_gmt":"2025-09-01T18:29:32","slug":"el-grup-socialista-denuncia-el-caos-absolut-del-departament-de-turisme-del-consell-de-mallorca-despres-de-que-hagi-hagut-de-post-posar-la-venda-de-places-turistiques","status":"publish","type":"post","link":"https:\/\/www.psib-psoe.org\/mallorca\/el-grup-socialista-denuncia-el-caos-absolut-del-departament-de-turisme-del-consell-de-mallorca-despres-de-que-hagi-hagut-de-post-posar-la-venda-de-places-turistiques\/","title":{"rendered":"El Grup Socialista denuncia el \u201ccaos absolut\u201d del departament de Turisme del Consell de Mallorca despr\u00e9s de que hagi hagut de post posar la venda de places tur\u00edstiques"},"content":{"rendered":"<figure class=\"wp-block-image size-large\"><img loading=\"lazy\" decoding=\"async\" class=\"alignnone wp-image-30243 size-full\" src=\"http:\/\/www.psib-psoe.org\/mallorca\/wp-content\/uploads\/Executiva-PSIB-Mallorca-Andreu-Serra-scaled.jpg\" alt=\"\" width=\"2560\" height=\"1707\" srcset=\"https:\/\/www.psib-psoe.org\/mallorca\/wp-content\/uploads\/Executiva-PSIB-Mallorca-Andreu-Serra-scaled.jpg 2560w, https:\/\/www.psib-psoe.org\/mallorca\/wp-content\/uploads\/Executiva-PSIB-Mallorca-Andreu-Serra-300x200.jpg 300w, https:\/\/www.psib-psoe.org\/mallorca\/wp-content\/uploads\/Executiva-PSIB-Mallorca-Andreu-Serra-1024x683.jpg 1024w, https:\/\/www.psib-psoe.org\/mallorca\/wp-content\/uploads\/Executiva-PSIB-Mallorca-Andreu-Serra-768x512.jpg 768w, https:\/\/www.psib-psoe.org\/mallorca\/wp-content\/uploads\/Executiva-PSIB-Mallorca-Andreu-Serra-1536x1024.jpg 1536w, https:\/\/www.psib-psoe.org\/mallorca\/wp-content\/uploads\/Executiva-PSIB-Mallorca-Andreu-Serra-2048x1365.jpg 2048w, https:\/\/www.psib-psoe.org\/mallorca\/wp-content\/uploads\/Executiva-PSIB-Mallorca-Andreu-Serra-150x100.jpg 150w, https:\/\/www.psib-psoe.org\/mallorca\/wp-content\/uploads\/Executiva-PSIB-Mallorca-Andreu-Serra-600x400.jpg 600w, https:\/\/www.psib-psoe.org\/mallorca\/wp-content\/uploads\/Executiva-PSIB-Mallorca-Andreu-Serra-900x600.jpg 900w, https:\/\/www.psib-psoe.org\/mallorca\/wp-content\/uploads\/Executiva-PSIB-Mallorca-Andreu-Serra-20x13.jpg 20w\" sizes=\"(max-width: 2560px) 100vw, 2560px\" \/><\/figure>\n<p><em><u>Els socialistes han remarcat que \u00e9s la segona vegada que els sistemes inform\u00e0tics fallen quan s\u2019inicia el proc\u00e9s de venda de places tur\u00edstiques<\/u><\/em><\/p>\n<p>El Grup Socialista al Consell de Mallorca ha denunciat el \u201ccaos absolut\u201d del departament de Turisme del Consell de Mallorca despr\u00e9s de que una caiguda als sistemes inform\u00e0tics hagi provocat que la venda de places tur\u00edstiques es post posi.<\/p>\n<p>El conseller del Grup Socialista al Consell de Mallorca, Andreu Serra, ha explicat que \u201c\u00e9s la segona vegada que quan es treuen a la venda places tur\u00edstiques, alguna cosa falla. Al juliol ja vam viure el caos que va provocar que ara al setembre es torni a obrir les places de B\u00e9ns Catalogats\u201d.<\/p>\n<p>Serra ha afegit que \u201cel viscut avui \u00e9s un exemple m\u00e9s de la nefasta gesti\u00f3 de PPVOX al Consell de Mallorca, en aquest cas, al departament de Turisme amb el conseller Marcial Rodr\u00edguez al capdavant\u201d.<\/p>\n<p>Finalment, el conseller socialista ha recordat que entitats del propi sector tur\u00edstic com l\u2019Associaci\u00f3 d\u2019Habitatges Tur\u00edstics de Balears (HABTUR) han criticat i demanat la dimissi\u00f3 del conseller de turisme, Marcial Rodr\u00edguez, pel caos i manca de gesti\u00f3 del seu departament.<\/p>\n\n\n<figure class=\"wp-block-audio\"><audio controls src=\"https:\/\/www.psib-psoe.org\/mallorca\/wp-content\/uploads\/010925_Andreu-Serra.mp3\"><\/audio><\/figure>\n","protected":false},"excerpt":{"rendered":"<p>Els socialistes han remarcat que \u00e9s la segona vegada que els sistemes inform\u00e0tics fallen quan s\u2019inicia el proc\u00e9s de venda de places tur\u00edstiques El Grup Socialista al Consell de Mallorca ha denunciat el \u201ccaos absolut\u201d del departament de Turisme del Consell de Mallorca despr\u00e9s de que una caiguda als sistemes inform\u00e0tics hagi provocat que la&hellip;<\/p>\n","protected":false},"author":4,"featured_media":30243,"comment_status":"false","ping_status":"closed","sticky":false,"template":"","format":"standard","meta":{"footnotes":""},"categories":[89,2,1,92],"tags":[343,83,77,85,160],"class_list":["post-30267","post","type-post","status-publish","format-standard","has-post-thumbnail","hentry","category-consell-de-mallorca","category-federacio-de-mallorca","category-federacio-de-mallorca-portada","category-portada","tag-andreu-serra","tag-consell-de-mallorca","tag-federacio-socialista-de-mallorca","tag-grup-socialista","tag-mallorca"],"_links":{"self":[{"href":"https:\/\/www.psib-psoe.org\/mallorca\/wp-json\/wp\/v2\/posts\/30267"}],"collection":[{"href":"https:\/\/www.psib-psoe.org\/mallorca\/wp-json\/wp\/v2\/posts"}],"about":[{"href":"https:\/\/www.psib-psoe.org\/mallorca\/wp-json\/wp\/v2\/types\/post"}],"author":[{"embeddable":true,"href":"https:\/\/www.psib-psoe.org\/mallorca\/wp-json\/wp\/v2\/users\/4"}],"replies":[{"embeddable":true,"href":"https:\/\/www.psib-psoe.org\/mallorca\/wp-json\/wp\/v2\/comments?post=30267"}],"version-history":[{"count":1,"href":"https:\/\/www.psib-psoe.org\/mallorca\/wp-json\/wp\/v2\/posts\/30267\/revisions"}],"predecessor-version":[{"id":30269,"href":"https:\/\/www.psib-psoe.org\/mallorca\/wp-json\/wp\/v2\/posts\/30267\/revisions\/30269"}],"wp:featuredmedia":[{"embeddable":true,"href":"https:\/\/www.psib-psoe.org\/mallorca\/wp-json\/wp\/v2\/media\/30243"}],"wp:attachment":[{"href":"https:\/\/www.psib-psoe.org\/mallorca\/wp-json\/wp\/v2\/media?parent=30267"}],"wp:term":[{"taxonomy":"category","embeddable":true,"href":"https:\/\/www.psib-psoe.org\/mallorca\/wp-json\/wp\/v2\/categories?post=30267"},{"taxonomy":"post_tag","embeddable":true,"href":"https:\/\/www.psib-psoe.org\/mallorca\/wp-json\/wp\/v2\/tags?post=30267"}],"curies":[{"name":"wp","href":"https:\/\/api.w.org\/{rel}","templated":true}]}}