{"id":30270,"date":"2025-09-02T14:31:29","date_gmt":"2025-09-02T12:31:29","guid":{"rendered":"https:\/\/www.psib-psoe.org\/mallorca\/?p=30270"},"modified":"2025-09-02T14:31:41","modified_gmt":"2025-09-02T12:31:41","slug":"catalina-cladera-la-capacitat-de-gestio-del-conseller-de-turisme-marcial-rodriguez-es-nulla-el-seu-departament-es-un-caos","status":"publish","type":"post","link":"https:\/\/www.psib-psoe.org\/mallorca\/catalina-cladera-la-capacitat-de-gestio-del-conseller-de-turisme-marcial-rodriguez-es-nulla-el-seu-departament-es-un-caos\/","title":{"rendered":"Catalina Cladera: \u201cLa capacitat de gesti\u00f3 del conseller de Turisme, Marcial Rodr\u00edguez, \u00e9s nul\u00b7la. El seu departament \u00e9s un caos\u201d"},"content":{"rendered":"<figure class=\"wp-block-image size-large\"><img loading=\"lazy\" decoding=\"async\" class=\"alignnone wp-image-30271 size-full\" src=\"http:\/\/www.psib-psoe.org\/mallorca\/wp-content\/uploads\/020925_Catalina-Cladera-i-Andreu-Serra-scaled.jpg\" alt=\"\" width=\"2560\" height=\"1920\" srcset=\"https:\/\/www.psib-psoe.org\/mallorca\/wp-content\/uploads\/020925_Catalina-Cladera-i-Andreu-Serra-scaled.jpg 2560w, https:\/\/www.psib-psoe.org\/mallorca\/wp-content\/uploads\/020925_Catalina-Cladera-i-Andreu-Serra-300x225.jpg 300w, https:\/\/www.psib-psoe.org\/mallorca\/wp-content\/uploads\/020925_Catalina-Cladera-i-Andreu-Serra-1024x768.jpg 1024w, https:\/\/www.psib-psoe.org\/mallorca\/wp-content\/uploads\/020925_Catalina-Cladera-i-Andreu-Serra-768x576.jpg 768w, https:\/\/www.psib-psoe.org\/mallorca\/wp-content\/uploads\/020925_Catalina-Cladera-i-Andreu-Serra-1536x1152.jpg 1536w, https:\/\/www.psib-psoe.org\/mallorca\/wp-content\/uploads\/020925_Catalina-Cladera-i-Andreu-Serra-2048x1536.jpg 2048w, https:\/\/www.psib-psoe.org\/mallorca\/wp-content\/uploads\/020925_Catalina-Cladera-i-Andreu-Serra-150x113.jpg 150w, https:\/\/www.psib-psoe.org\/mallorca\/wp-content\/uploads\/020925_Catalina-Cladera-i-Andreu-Serra-600x450.jpg 600w, https:\/\/www.psib-psoe.org\/mallorca\/wp-content\/uploads\/020925_Catalina-Cladera-i-Andreu-Serra-900x675.jpg 900w, https:\/\/www.psib-psoe.org\/mallorca\/wp-content\/uploads\/020925_Catalina-Cladera-i-Andreu-Serra-20x16.jpg 20w\" sizes=\"(max-width: 2560px) 100vw, 2560px\" \/><\/figure>\n<p><em><u>El Grup Socialista al Consell de Mallorca ha denunciat el caos del departament de Turisme i ha exigit que \u201cs\u2019eliminin immediatament tots els anuncis d\u2019ofertes il\u00b7legals i que es redueixi el sostre de places tur\u00edstiques\u201d<\/u><\/em><\/p>\n<p>El Grup Socialista al Consell de Mallorca ha denunciat el caos del departament de Turisme del Consell de Mallorca. La portaveu del Grup Socialista, Catalina Cladera, ha remarcat que \u201cla capacitat de gesti\u00f3 del conseller de Turisme, Marcial Rodr\u00edguez, \u00e9s nul\u00b7la. El seu departament \u00e9s un caos\u201d.<\/p>\n<p>En refer\u00e8ncia a l\u2019anunci que va fer el Consell de Mallorca que 4 de cada 10 anuncis d\u2019habitatges tur\u00edstics s\u00f3n il\u00b7legals, el conseller del Grup Socialista, Andreu Serra, ha exigit que \u201cs\u2019eliminin immediatament tots els anuncis d\u2019ofertes il\u00b7legals i que es redueixi el sostre de places tur\u00edstiques\u201d.<\/p>\n<p>La portaveu socialista, Catalina Cladera, ha explicat que \u201cel que hem vist aquest estiu \u00e9s un caos. El departament de Turisme del Consell de Mallorca no ha fet absolutament res per combatre la massificaci\u00f3 i saturaci\u00f3 tur\u00edstica\u201d.<\/p>\n<p>Cladera ha afegit que \u201cel president del Consell de Mallorca, Lloren\u00e7 Galm\u00e9s, va anunciar que reduirien places i han fet tot el contrari, aquest estiu han augmentat amb 1500 places, han creat m\u00e9s borses, han creat m\u00e9s places en edificis protegits. En definitiva, m\u00e9s oferta. No posen cap tipus de l\u00edmit. El turisme a Mallorca necessita l\u00edmits per garantir la seva qualitat i sostenibilitat, a m\u00e9s de garantir l\u2019equilibri i conviv\u00e8ncia entre turistes i residents\u201d.<\/p>\n<p>A m\u00e9s, la portaveu socialista ha lamentat que el Consell de Mallorca no hagi fet cap estudi de c\u00e0rrega ni cap passa per aprovar un Pla d\u2019Intervencions en \u00c0mbits Tur\u00edstics PIAT que \u201cpermetria fer aquest estudi de c\u00e0rrega i determinar un nombre de places m\u00e0ximes s\u2019han d\u2019oferir i quina qualitat d\u2019oferta hem de treballar\u201d.<\/p>\n<p>Cladera ha fet inc\u00eds en que \u201cel conseller de turisme no t\u00e9 content a ning\u00fa, els residents d\u2019aquesta illa notem la massificaci\u00f3 de les carreteres, el centre de Palma quan est\u00e0 ennigulat&#8230; per\u00f2 tampoc t\u00e9 content al sector, entitats del propi sector tur\u00edstic com l\u2019Associaci\u00f3 d\u2019Habitatges Tur\u00edstics de Balears (HABTUR) han criticat i demanat la dimissi\u00f3 del conseller\u201d.<\/p>\n<p>Sobre aquest tema, el conseller del Grup Socialista, Andreu Serra, ha remarcat la \u201cnul\u00b7la capacitat negociadora que t\u00e9 el conseller de Turisme, Marcial Rodr\u00edguez, amb les entitats del sector tur\u00edstic\u201d.<\/p>\n<p>Serra ha destacat que \u201cno pot ser que Marcial Rodr\u00edguez surti a dir que 42.000 places tur\u00edstiques il\u00b7legals a Mallorca i que, despr\u00e9s de m\u00e9s de dos anys governant, no hagi fet res ni hagi explicat com treballar\u00e0 per fer front a aquesta oferta tur\u00edstica il\u00b7legal. Des del Grup Socialista exigim un pla serio i treballat per fer front a aquesta oferta il\u00b7legal i tancaments cautelars dels habitatges il\u00b7legals\u201d.<\/p>\n<p>Finalment, Serra ha concl\u00f2s que \u201cMarcial Rodr\u00edguez fa feina des de la intensificaci\u00f3 i des de la massa, no des de la conviv\u00e8ncia i la qualitat que protegeix la ind\u00fastria tur\u00edstica. Protegeixes la ind\u00fastria tur\u00edstica si fas un sostre de places, si poses l\u00edmits\u201d.<\/p>\n\n\n<figure class=\"wp-block-audio\"><audio controls src=\"https:\/\/www.psib-psoe.org\/mallorca\/wp-content\/uploads\/020925_Catalina-Cladera-RDP-Turisme.mp3\"><\/audio><\/figure>\n\n\n\n<figure class=\"wp-block-audio\"><audio controls src=\"https:\/\/www.psib-psoe.org\/mallorca\/wp-content\/uploads\/020925_Andreu-Serra-RDP-Turisme.mp3\"><\/audio><\/figure>\n","protected":false},"excerpt":{"rendered":"<p>El Grup Socialista al Consell de Mallorca ha denunciat el caos del departament de Turisme i ha exigit que \u201cs\u2019eliminin immediatament tots els anuncis d\u2019ofertes il\u00b7legals i que es redueixi el sostre de places tur\u00edstiques\u201d El Grup Socialista al Consell de Mallorca ha denunciat el caos del departament de Turisme del Consell de Mallorca. La&hellip;<\/p>\n","protected":false},"author":4,"featured_media":30271,"comment_status":"false","ping_status":"closed","sticky":false,"template":"","format":"standard","meta":{"footnotes":""},"categories":[89,2,1,92],"tags":[343,105,83,77,85,160],"class_list":["post-30270","post","type-post","status-publish","format-standard","has-post-thumbnail","hentry","category-consell-de-mallorca","category-federacio-de-mallorca","category-federacio-de-mallorca-portada","category-portada","tag-andreu-serra","tag-catalina-cladera","tag-consell-de-mallorca","tag-federacio-socialista-de-mallorca","tag-grup-socialista","tag-mallorca"],"_links":{"self":[{"href":"https:\/\/www.psib-psoe.org\/mallorca\/wp-json\/wp\/v2\/posts\/30270"}],"collection":[{"href":"https:\/\/www.psib-psoe.org\/mallorca\/wp-json\/wp\/v2\/posts"}],"about":[{"href":"https:\/\/www.psib-psoe.org\/mallorca\/wp-json\/wp\/v2\/types\/post"}],"author":[{"embeddable":true,"href":"https:\/\/www.psib-psoe.org\/mallorca\/wp-json\/wp\/v2\/users\/4"}],"replies":[{"embeddable":true,"href":"https:\/\/www.psib-psoe.org\/mallorca\/wp-json\/wp\/v2\/comments?post=30270"}],"version-history":[{"count":1,"href":"https:\/\/www.psib-psoe.org\/mallorca\/wp-json\/wp\/v2\/posts\/30270\/revisions"}],"predecessor-version":[{"id":30274,"href":"https:\/\/www.psib-psoe.org\/mallorca\/wp-json\/wp\/v2\/posts\/30270\/revisions\/30274"}],"wp:featuredmedia":[{"embeddable":true,"href":"https:\/\/www.psib-psoe.org\/mallorca\/wp-json\/wp\/v2\/media\/30271"}],"wp:attachment":[{"href":"https:\/\/www.psib-psoe.org\/mallorca\/wp-json\/wp\/v2\/media?parent=30270"}],"wp:term":[{"taxonomy":"category","embeddable":true,"href":"https:\/\/www.psib-psoe.org\/mallorca\/wp-json\/wp\/v2\/categories?post=30270"},{"taxonomy":"post_tag","embeddable":true,"href":"https:\/\/www.psib-psoe.org\/mallorca\/wp-json\/wp\/v2\/tags?post=30270"}],"curies":[{"name":"wp","href":"https:\/\/api.w.org\/{rel}","templated":true}]}}