{"id":30276,"date":"2025-09-04T14:17:21","date_gmt":"2025-09-04T12:17:21","guid":{"rendered":"https:\/\/www.psib-psoe.org\/mallorca\/?p=30276"},"modified":"2025-09-04T14:17:33","modified_gmt":"2025-09-04T12:17:33","slug":"els-socialistes-adverteixen-del-risc-de-collapse-a-limas-retards-en-els-pagaments-reduccio-de-places-i-personal-al-limit-posen-en-perill-la-qualitat-del-sistema-public-assistencial-a-mallor","status":"publish","type":"post","link":"https:\/\/www.psib-psoe.org\/mallorca\/els-socialistes-adverteixen-del-risc-de-collapse-a-limas-retards-en-els-pagaments-reduccio-de-places-i-personal-al-limit-posen-en-perill-la-qualitat-del-sistema-public-assistencial-a-mallor\/","title":{"rendered":"Els Socialistes adverteixen del risc de col\u00b7lapse a l\u2019IMAS: retards en els pagaments, reducci\u00f3 de places i personal al l\u00edmit posen en perill la qualitat del sistema p\u00fablic assistencial a Mallorca"},"content":{"rendered":"<figure class=\"wp-block-image size-large\"><img loading=\"lazy\" decoding=\"async\" class=\"alignnone wp-image-30277 size-full\" src=\"http:\/\/www.psib-psoe.org\/mallorca\/wp-content\/uploads\/040925_Sofia-Alonso-gent-gran.png\" alt=\"\" width=\"1192\" height=\"1022\" srcset=\"https:\/\/www.psib-psoe.org\/mallorca\/wp-content\/uploads\/040925_Sofia-Alonso-gent-gran.png 1192w, https:\/\/www.psib-psoe.org\/mallorca\/wp-content\/uploads\/040925_Sofia-Alonso-gent-gran-300x257.png 300w, https:\/\/www.psib-psoe.org\/mallorca\/wp-content\/uploads\/040925_Sofia-Alonso-gent-gran-1024x878.png 1024w, https:\/\/www.psib-psoe.org\/mallorca\/wp-content\/uploads\/040925_Sofia-Alonso-gent-gran-768x658.png 768w, https:\/\/www.psib-psoe.org\/mallorca\/wp-content\/uploads\/040925_Sofia-Alonso-gent-gran-140x120.png 140w, https:\/\/www.psib-psoe.org\/mallorca\/wp-content\/uploads\/040925_Sofia-Alonso-gent-gran-70x60.png 70w, https:\/\/www.psib-psoe.org\/mallorca\/wp-content\/uploads\/040925_Sofia-Alonso-gent-gran-210x180.png 210w, https:\/\/www.psib-psoe.org\/mallorca\/wp-content\/uploads\/040925_Sofia-Alonso-gent-gran-20x16.png 20w, https:\/\/www.psib-psoe.org\/mallorca\/wp-content\/uploads\/040925_Sofia-Alonso-gent-gran-150x129.png 150w, https:\/\/www.psib-psoe.org\/mallorca\/wp-content\/uploads\/040925_Sofia-Alonso-gent-gran-600x514.png 600w, https:\/\/www.psib-psoe.org\/mallorca\/wp-content\/uploads\/040925_Sofia-Alonso-gent-gran-900x772.png 900w\" sizes=\"(max-width: 1192px) 100vw, 1192px\" \/><\/figure>\n<p><em><u>La consellera socialista i secret\u00e0ria de Drets Socials del PSIB, Sofia Alonso alerta de la crisi del sector de les cures a persones que a Mallorca exerceix l\u2019IMAS: \u201cGuillermo S\u00e1nchez est\u00e1 convertint tenir cura de la gent en una veritable cursa d\u2019obstacles\u201d.<\/u><\/em> <em><u>Reclama una \u201cestrat\u00e8gia clara per formar, captar i retenir personal\u201d i una \u201cactualitzaci\u00f3 urgent de les borses de feina\u201d amb condicions laborals dignes<\/u><\/em><\/p>\n<p>La consellera socialista i secret\u00e0ria de Drets Socials del PSIB-PSOE, Sofia Alonso, denuncia la realitat insostenible que pateixen els usuaris i el personal dels centres residencials gestionats per l\u2019Institut Mallorqu\u00ed d\u2019Afers Socials. Segons Alonso, el sistema s\u2019est\u00e0 \u201caguantant amb fils\u201d a causa de l\u2019augment de les llistes d\u2019espera per a una pla\u00e7a residencial i per al Servei d\u2019Atenci\u00f3 Integral a Domicili, amb places p\u00fabliques redu\u00efdes de 963 el 2023 a 818 aquest any i nom\u00e9s 6.700 hores m\u00e9s de SAID, \u201cdel tot insuficient davant les necessitats reals de la poblaci\u00f3 dependent, que no ha augmentat en els darrers dos anys\u201d.<\/p>\n<p>La propaganda de S\u00e1nchez i Galm\u00e9s intoxica anunciant noves places d\u2019atenci\u00f3 a gent gran, que haurien d\u2019haver estat en marxa des de principis de legislatura. En canvi amaga que l\u2019IMAS no \u00e9s capa\u00e7 d\u2019omplir els llits de resid\u00e8ncia per a gent gran que te buits per manca de capacitat de gesti\u00f3, mentre que les llistes d\u2019espera no aturen de cr\u00e9ixer. Les noves resid\u00e8ncies Miquel Mir i Sant Josep es troben \u201cmig buides perqu\u00e8 no hi ha personal\u201d, una prova m\u00e9s, diu, de la \u201cincapacitat de l\u2019equip actual per anticipar-se als reptes i respondre amb efic\u00e0cia\u201d.<\/p>\n<p>Alonso denuncia una gesti\u00f3 de l\u2019IMAS marcada per la \u201cdeixadesa, la \u00a0improvisaci\u00f3 i una gesti\u00f3 nefasta\u201d que repercuteix directament en el benestar dels majors i dependents. \u201cEl personal fa esfor\u00e7os tit\u00e0nics per mantenir un sistema, per\u00f2 no reben cap suport per part de la direcci\u00f3 de l\u2019IMAS\u201d, assegura, mentre afronten \u201csobrec\u00e0rregues insostenibles, baixes sense cobrir i endarreriments greus en el cobrament de complements\u201d.<\/p>\n<p>Per girar p\u00e0gina, la dirigent socialista reclama una \u201cestrat\u00e8gia clara per formar, captar i retenir personal\u201d, la col\u00b7laboraci\u00f3 amb la Conselleria d\u2019Educaci\u00f3 i la Universitat per impulsar la formaci\u00f3 en l\u2019\u00e0mbit de la cura de persones majors i dependents, i una \u201cactualitzaci\u00f3 urgent de les borses de feina\u201d amb condicions laborals dignes. \u201cNo podem continuar acceptant que la manca de professionals sigui sempre l\u2019excusa\u201d, adverteix Alonso, que anuncia que el Grup Socialista \u201ccontinuar\u00e0 denunciant cada neglig\u00e8ncia, cada incompliment i cada atac a la dignitat de les persones que cuiden i que s\u00f3n cuidades\u201d.<\/p>\n\n\n<figure class=\"wp-block-audio\"><audio controls src=\"https:\/\/www.psib-psoe.org\/mallorca\/wp-content\/uploads\/040925_Sofia-Alonso-Gent-Gran.mp3\"><\/audio><\/figure>\n","protected":false},"excerpt":{"rendered":"<p>La consellera socialista i secret\u00e0ria de Drets Socials del PSIB, Sofia Alonso alerta de la crisi del sector de les cures a persones que a Mallorca exerceix l\u2019IMAS: \u201cGuillermo S\u00e1nchez est\u00e1 convertint tenir cura de la gent en una veritable cursa d\u2019obstacles\u201d. Reclama una \u201cestrat\u00e8gia clara per formar, captar i retenir personal\u201d i una \u201cactualitzaci\u00f3&hellip;<\/p>\n","protected":false},"author":4,"featured_media":30277,"comment_status":"false","ping_status":"closed","sticky":false,"template":"","format":"standard","meta":{"footnotes":""},"categories":[89,2,1,92],"tags":[105,83,77,85,134,160,296],"class_list":["post-30276","post","type-post","status-publish","format-standard","has-post-thumbnail","hentry","category-consell-de-mallorca","category-federacio-de-mallorca","category-federacio-de-mallorca-portada","category-portada","tag-catalina-cladera","tag-consell-de-mallorca","tag-federacio-socialista-de-mallorca","tag-grup-socialista","tag-imas","tag-mallorca","tag-sofia-alonso"],"_links":{"self":[{"href":"https:\/\/www.psib-psoe.org\/mallorca\/wp-json\/wp\/v2\/posts\/30276"}],"collection":[{"href":"https:\/\/www.psib-psoe.org\/mallorca\/wp-json\/wp\/v2\/posts"}],"about":[{"href":"https:\/\/www.psib-psoe.org\/mallorca\/wp-json\/wp\/v2\/types\/post"}],"author":[{"embeddable":true,"href":"https:\/\/www.psib-psoe.org\/mallorca\/wp-json\/wp\/v2\/users\/4"}],"replies":[{"embeddable":true,"href":"https:\/\/www.psib-psoe.org\/mallorca\/wp-json\/wp\/v2\/comments?post=30276"}],"version-history":[{"count":1,"href":"https:\/\/www.psib-psoe.org\/mallorca\/wp-json\/wp\/v2\/posts\/30276\/revisions"}],"predecessor-version":[{"id":30279,"href":"https:\/\/www.psib-psoe.org\/mallorca\/wp-json\/wp\/v2\/posts\/30276\/revisions\/30279"}],"wp:featuredmedia":[{"embeddable":true,"href":"https:\/\/www.psib-psoe.org\/mallorca\/wp-json\/wp\/v2\/media\/30277"}],"wp:attachment":[{"href":"https:\/\/www.psib-psoe.org\/mallorca\/wp-json\/wp\/v2\/media?parent=30276"}],"wp:term":[{"taxonomy":"category","embeddable":true,"href":"https:\/\/www.psib-psoe.org\/mallorca\/wp-json\/wp\/v2\/categories?post=30276"},{"taxonomy":"post_tag","embeddable":true,"href":"https:\/\/www.psib-psoe.org\/mallorca\/wp-json\/wp\/v2\/tags?post=30276"}],"curies":[{"name":"wp","href":"https:\/\/api.w.org\/{rel}","templated":true}]}}