{"id":30430,"date":"2025-10-03T11:48:34","date_gmt":"2025-10-03T09:48:34","guid":{"rendered":"https:\/\/www.psib-psoe.org\/mallorca\/?p=30430"},"modified":"2025-10-03T11:48:46","modified_gmt":"2025-10-03T09:48:46","slug":"virgilio-moreno-reelegit-secretari-general-en-la-nova-executiva-dels-socialistes-dinca","status":"publish","type":"post","link":"https:\/\/www.psib-psoe.org\/mallorca\/virgilio-moreno-reelegit-secretari-general-en-la-nova-executiva-dels-socialistes-dinca\/","title":{"rendered":"Virgilio Moreno reelegit secretari general en la nova executiva dels Socialistes d\u2019Inca"},"content":{"rendered":"\n<figure class=\"wp-block-image size-large\"><img loading=\"lazy\" decoding=\"async\" width=\"1024\" height=\"768\" src=\"https:\/\/www.psib-psoe.org\/mallorca\/wp-content\/uploads\/031025_Foto-grup-Socialistes-Inca-1024x768.jpg\" alt=\"\" class=\"wp-image-30431\" srcset=\"https:\/\/www.psib-psoe.org\/mallorca\/wp-content\/uploads\/031025_Foto-grup-Socialistes-Inca-1024x768.jpg 1024w, https:\/\/www.psib-psoe.org\/mallorca\/wp-content\/uploads\/031025_Foto-grup-Socialistes-Inca-300x225.jpg 300w, https:\/\/www.psib-psoe.org\/mallorca\/wp-content\/uploads\/031025_Foto-grup-Socialistes-Inca-768x576.jpg 768w, https:\/\/www.psib-psoe.org\/mallorca\/wp-content\/uploads\/031025_Foto-grup-Socialistes-Inca-1536x1152.jpg 1536w, https:\/\/www.psib-psoe.org\/mallorca\/wp-content\/uploads\/031025_Foto-grup-Socialistes-Inca-2048x1536.jpg 2048w, https:\/\/www.psib-psoe.org\/mallorca\/wp-content\/uploads\/031025_Foto-grup-Socialistes-Inca-150x113.jpg 150w, https:\/\/www.psib-psoe.org\/mallorca\/wp-content\/uploads\/031025_Foto-grup-Socialistes-Inca-600x450.jpg 600w, https:\/\/www.psib-psoe.org\/mallorca\/wp-content\/uploads\/031025_Foto-grup-Socialistes-Inca-900x675.jpg 900w, https:\/\/www.psib-psoe.org\/mallorca\/wp-content\/uploads\/031025_Foto-grup-Socialistes-Inca-20x16.jpg 20w\" sizes=\"(max-width: 1024px) 100vw, 1024px\" \/><\/figure>\n\n\n<p><em><u><i><span lang=\"CA\">Els Socialistes d\u2019Inca han renovat la seva Comissi\u00f3 Executiva amb un equip de 31 homes i dones que combinen experi\u00e8ncia i joventut<\/span><\/i><\/u><\/em><\/p>\n<p>Els Socialistes d\u2019Inca han renovat la seva Comissi\u00f3 Executiva en una assemblea, en la qual el batle d\u2019Inca, Virgilio Moreno ha estat ratificat com a secretari general. L\u2019equip que l\u2019acompanya est\u00e0 format per 31 homes i dones que combinen experi\u00e8ncia i joventut, amb il\u00b7lusi\u00f3 i comprom\u00eds per continuar transformant la ciutat. Tal com ha expressat Virgilio Moreno, \u201caquesta \u00e9s una executiva molt preparada, amb energia i capacitat per continuar avan\u00e7ant en el projecte col\u00b7lectiu d\u2019Inca Som Tots\u201d.<\/p>\n<p>Durant l\u2019acte, Moreno ha recordat que ja fa deu anys que els Socialistes assumiren el repte de governar Inca amb l\u2019objectiu de transformar-la, i que avui la ciutat \u00e9s m\u00e9s viva, oberta, inclusiva i connectada. En aquest per\u00edode s\u2019han assolit fites destacades com la recuperaci\u00f3 del Teatre Principal com a emblema cultural, l\u2019impuls de l\u2019habitatge p\u00fablic, la construcci\u00f3 de noves infraestructures educatives, la millora de la mobilitat urbana amb m\u00e9s aparcaments, carril bici i transport p\u00fablic, la creaci\u00f3 de noves zones verdes, el refor\u00e7 dels serveis sociosanitaris i la consolidaci\u00f3 d\u2019Inca com a ciutat orgullosament inclusiva i cohesionada.<\/p>\n<p>Sobre el reptes de futurs, els Socialistes d\u2019Inca es comprometen a continuar millorant la ciutat d\u2019Inca i la vida dels inquers i inqueres, com ja duen fent els \u00faltims 10 anys . La nova executiva es fixa com a reptes prioritaris la millora dels barris, l\u2019enfortiment dels serveis p\u00fablics, donar resposta a les persones que m\u00e9s ho necessiten i avan\u00e7ar cap a una ciutat m\u00e9s sostenible i innovadora. \u201cEl nostre objectiu \u00e9s clar: assolir la quarta legislatura consecutiva i continuar transformant Inca. Ho farem des de la unitat, el comprom\u00eds i l\u2019esperan\u00e7a col\u00b7lectiva\u201d, ha concl\u00f2s Virgilio Moreno.<\/p>\n<p>La nova comissi\u00f3 executiva dels i les Socialistes d\u2019Inca queda de la seg\u00fcent manera:<\/p>\n<p>PRESIDENTA &#8211; Ant\u00f2nia Maria Sabater Martorell<\/p>\n<p>SECRETARI GENERAL &#8211; Virgilio Moreno Sarri\u00f3<\/p>\n<p>SECRETARIA D\u2019ORGANITZACI\u00d3 I IGUALTAT &#8211; M\u00ba Carmen Oses Ramos<\/p>\n<p>PORTAVEU &#8211; Sebasti\u00e0 Oriol D\u00edaz<\/p>\n<p>SECRETARIA DE COORDINACI\u00d3 I RELACIONS POL\u00cdTIQUES &#8211; Ant\u00f2nia Sastre Llompart<\/p>\n<p>SECRETARIA DE CONTROL FINANCER \u2013 Maritx\u00e9 Fern\u00e1ndez Molina<\/p>\n<p>SECRETARIA D\u2019IDEES,ACCI\u00d3 ELECTORAL, PROGRAMES I MODEL DE CIUTAT &#8211; Andreu Caballero Romero<\/p>\n<p>SECRETARIA DE COMUNICACI\u00d3 LOCAL &#8211; Marta Medrano Llabr\u00e9s<\/p>\n<p>SECRETARIA DE POL\u00cdTICA MUNICIPAL &#8211; Francisca Barcel\u00f3 Truyol<\/p>\n<p>SECRETARIA DE MEM\u00d2RIA DEMOCR\u00c0TICA &#8211; Margalida Llobera Serra<\/p>\n<p>SECRETARIA DE CULTURA &#8211; Toni Pe\u00f1a Mir<\/p>\n<p>SECRETARIA D\u2019IDENTITAT I LLENGUA &#8211; Ant\u00f2nia Forn\u00e9s Ramis<\/p>\n<p>SECRETARIA DE POL\u00cdTIQUES EDUCATIVES MUNICIPALS &#8211; Paula Mart\u00ednez Llull<\/p>\n<p>SECRETARIA DE PARTICIPACI\u00d3, DINAMITZACI\u00d3 I MOBILITZACI\u00d3 DE PARTIT &#8211; Xavi Colom Lozano<\/p>\n<p>SECRETARIA DE CONSCI\u00c8NCIA I PARTICIPACI\u00d3 JUVENIL &#8211; Simona Payeras Serra<\/p>\n<p>SECRETARIA DE DRETS SOCIALS I SALUT INTEGRAL &#8211; M\u00ba Ant\u00f2nia Pons Torrens<\/p>\n<p>SECRETARIA DE COOPERACI\u00d3 I SOLIDARITAT &#8211; Antonia Triguero Salamanca<\/p>\n<p>SECRETARIA D\u2019ENVELLIMENT ACTIU &#8211; Emi Mart\u00edn Prieto<\/p>\n<p>SECRETARIA DE DIVERSITAT LGTBI &#8211; Jaume Tortella C\u00e0naves<\/p>\n<p>SECRETARIA DE TRANSFORMACI\u00d3 DE MODEL TUR\u00cdSTIC LOCAL, COMER\u00c7 I TEIXIT EMPRESARIAL &#8211; Miguel \u00c1ngel Cort\u00e8s Ramis<\/p>\n<p>SECRETARIA DE FINAN\u00c7AMENT JUST, HABITATGE I ECONOMIA CIRCULAR \u2013 Marta Guinda del Pino<\/p>\n<p>SECRETARIA D\u2019ESPORTS &#8211; Ramon Lorente Gay\u00e0<\/p>\n<p>VOCALIA D\u2019ORGANITZACI\u00d3 &#8211; Margarita Rotger Amengual<\/p>\n<p>VOCALIA DE DINAMITZACI\u00d3 &#8211; Ant\u00f2nia Genestra Alomar<\/p>\n<p>VOCALIA DE DIVERSITAT LGTBI, IGUALTAT I PARTICIPACI\u00d3 JUVENIL &#8211; Katylena Campaner Lozano<\/p>\n<p>VOCALIA DE COMUNICACI\u00d3 &#8211; Jer\u00f2nia Llobera Escanellas<\/p>\n<p>VOCALIA DE COMER\u00c7 I TEIXIT EMPRESARIAL &#8211; Baltasar Alarc\u00f3n Cano<\/p>\n<p>VOCALIA ENVELLIMENT ACTIU &#8211; Guiem G\u00f3mez Mestre<\/p>\n<p>VOCALIA DE SALUT INTEGRAL \u2013 Miquel \u00c0ngel Garc\u00eda Espejo<\/p>\n<p>VOCALIA DE FORMACI\u00d3 I OCUPACI\u00d3 \u2013 Silvia Figuerola Mateu<\/p>\n<p>VOCALIA DE FINAN\u00c7AMENT JUST, HABITATGE I ECONOMIA CIRCULAR \u2013 Jaume Campaner Pons<\/p>\n<p>\u00a0<\/p>\n\n\n<figure class=\"wp-block-audio\"><audio controls src=\"https:\/\/www.psib-psoe.org\/mallorca\/wp-content\/uploads\/031025_Virgilio-Moreno-nova-executiva-Socialistes-dInca-.mp3\"><\/audio><\/figure>\n","protected":false},"excerpt":{"rendered":"<p>Els Socialistes d\u2019Inca han renovat la seva Comissi\u00f3 Executiva amb un equip de 31 homes i dones que combinen experi\u00e8ncia i joventut Els Socialistes d\u2019Inca han renovat la seva Comissi\u00f3 Executiva en una assemblea, en la qual el batle d\u2019Inca, Virgilio Moreno ha estat ratificat com a secretari general. L\u2019equip que l\u2019acompanya est\u00e0 format per&hellip;<\/p>\n","protected":false},"author":4,"featured_media":30431,"comment_status":"false","ping_status":"closed","sticky":false,"template":"","format":"standard","meta":{"footnotes":""},"categories":[2,1,90,92],"tags":[218,77,246,648,160,84,245,329],"class_list":["post-30430","post","type-post","status-publish","format-standard","has-post-thumbnail","hentry","category-federacio-de-mallorca","category-federacio-de-mallorca-portada","category-municipis","category-portada","tag-amanda-fernandez","tag-federacio-socialista-de-mallorca","tag-inca","tag-inca-som-tots","tag-mallorca","tag-psib-psoe","tag-socialistes-dinca","tag-virgilio-moreno"],"_links":{"self":[{"href":"https:\/\/www.psib-psoe.org\/mallorca\/wp-json\/wp\/v2\/posts\/30430"}],"collection":[{"href":"https:\/\/www.psib-psoe.org\/mallorca\/wp-json\/wp\/v2\/posts"}],"about":[{"href":"https:\/\/www.psib-psoe.org\/mallorca\/wp-json\/wp\/v2\/types\/post"}],"author":[{"embeddable":true,"href":"https:\/\/www.psib-psoe.org\/mallorca\/wp-json\/wp\/v2\/users\/4"}],"replies":[{"embeddable":true,"href":"https:\/\/www.psib-psoe.org\/mallorca\/wp-json\/wp\/v2\/comments?post=30430"}],"version-history":[{"count":1,"href":"https:\/\/www.psib-psoe.org\/mallorca\/wp-json\/wp\/v2\/posts\/30430\/revisions"}],"predecessor-version":[{"id":30433,"href":"https:\/\/www.psib-psoe.org\/mallorca\/wp-json\/wp\/v2\/posts\/30430\/revisions\/30433"}],"wp:featuredmedia":[{"embeddable":true,"href":"https:\/\/www.psib-psoe.org\/mallorca\/wp-json\/wp\/v2\/media\/30431"}],"wp:attachment":[{"href":"https:\/\/www.psib-psoe.org\/mallorca\/wp-json\/wp\/v2\/media?parent=30430"}],"wp:term":[{"taxonomy":"category","embeddable":true,"href":"https:\/\/www.psib-psoe.org\/mallorca\/wp-json\/wp\/v2\/categories?post=30430"},{"taxonomy":"post_tag","embeddable":true,"href":"https:\/\/www.psib-psoe.org\/mallorca\/wp-json\/wp\/v2\/tags?post=30430"}],"curies":[{"name":"wp","href":"https:\/\/api.w.org\/{rel}","templated":true}]}}