{"id":30435,"date":"2025-10-03T14:05:14","date_gmt":"2025-10-03T12:05:14","guid":{"rendered":"https:\/\/www.psib-psoe.org\/mallorca\/?p=30435"},"modified":"2025-10-03T14:05:27","modified_gmt":"2025-10-03T12:05:27","slug":"el-pp-torna-a-fer-tard-en-la-proteccio-de-la-fabrica-nova-de-soller","status":"publish","type":"post","link":"https:\/\/www.psib-psoe.org\/mallorca\/el-pp-torna-a-fer-tard-en-la-proteccio-de-la-fabrica-nova-de-soller\/","title":{"rendered":"El PP torna a fer tard en la protecci\u00f3 de la F\u00e0brica Nova de S\u00f3ller."},"content":{"rendered":"\n<figure class=\"wp-block-image size-large\"><img loading=\"lazy\" decoding=\"async\" width=\"1024\" height=\"682\" src=\"http:\/\/www.psib-psoe.org\/mallorca\/wp-content\/uploads\/Jaume-Mateu-1024x682.jpeg\" alt=\"\" class=\"wp-image-30124\" srcset=\"https:\/\/www.psib-psoe.org\/mallorca\/wp-content\/uploads\/Jaume-Mateu-1024x682.jpeg 1024w, https:\/\/www.psib-psoe.org\/mallorca\/wp-content\/uploads\/Jaume-Mateu-300x200.jpeg 300w, https:\/\/www.psib-psoe.org\/mallorca\/wp-content\/uploads\/Jaume-Mateu-768x512.jpeg 768w, https:\/\/www.psib-psoe.org\/mallorca\/wp-content\/uploads\/Jaume-Mateu-1536x1024.jpeg 1536w, https:\/\/www.psib-psoe.org\/mallorca\/wp-content\/uploads\/Jaume-Mateu-2048x1365.jpeg 2048w, https:\/\/www.psib-psoe.org\/mallorca\/wp-content\/uploads\/Jaume-Mateu-150x100.jpeg 150w, https:\/\/www.psib-psoe.org\/mallorca\/wp-content\/uploads\/Jaume-Mateu-600x400.jpeg 600w, https:\/\/www.psib-psoe.org\/mallorca\/wp-content\/uploads\/Jaume-Mateu-900x600.jpeg 900w, https:\/\/www.psib-psoe.org\/mallorca\/wp-content\/uploads\/Jaume-Mateu-20x13.jpeg 20w\" sizes=\"(max-width: 1024px) 100vw, 1024px\" \/><\/figure>\n\n\n<p><em><u>Sis mesos despr\u00e9s de l\u2019anunci de compra nom\u00e9s hi ha una primera valoraci\u00f3 i una oferta de 2 milions; la deixadesa del Consell i la nul\u00b7la gesti\u00f3 de l\u2019Ajuntament de S\u00f3ller, ambd\u00f3s sota responsabilitat pol\u00edtica del PP, posen en risc l\u2019emblema del patrimoni industrial solleric, que dies enrere ha patit esbucaments parcials de la coberta que posen en risc la preservaci\u00f3 del conjunt, segons ha posat de manifest el regidor a S\u00f3ller i conseller del Grup Socialista, Jaume Mateu.\u00a0 <\/u><\/em><\/p>\n<p><em><u>\u00a0<\/u><\/em>El conseller del Grup Socialista i portaveu del Grup Municipal a S\u00f3ller, Jaume Mateu, ha alertat avui que la demora en la protecci\u00f3 efectiva de la F\u00e0brica Nova confirma la incapacitat del Partit Popular per gestionar de manera seriosa i efectiva el patrimoni local. Despr\u00e9s de sis mesos que Galm\u00e9s fes un ostent\u00f3s anunci de compra, no ha fructificat cap acord tangible per sostenir aquest edifici del patrimoni industrial de S\u00f3ller i nom\u00e9s ha deixat sobre la taula una primera valoraci\u00f3 i una oferta de 2 milions d\u2019euros, segons s\u2019ha conegut avui.<\/p>\n<p>\u201cL\u2019anunci del PP ha estat fum des del primer dia; sis mesos despr\u00e9s no tenim res m\u00e9s que papers i titulars, i mentre tant l\u2019immoble corre un risc real que ning\u00fa no est\u00e0 gestionant amb la dilig\u00e8ncia necess\u00e0ria\u201d ha dit Jaume Mateu. La deixadesa de Galm\u00e9s \u00e9s, segons Mateu, m\u00e9s que evident i t\u00e9 precedents que resulten preocupants: \u201cSi mirem casos com la Torre Picada, encara tancada al p\u00fablic, veiem que no es tracta d\u2019un problema puntual sin\u00f3 d\u2019una pol\u00edtica sistem\u00e0tica d\u2019aband\u00f3 del patrimoni\u201d. La gesti\u00f3 actual del patrimoni de S\u00f3ller por part del PP acumula fracassos que van m\u00e9s enll\u00e0 d\u2019un cas a\u00efllat: \u201cDespr\u00e9s del problema amb la reconstrucci\u00f3 del Defensora i de la mala planificaci\u00f3 de les obres de ses Escol\u00e0pies, ja no podem acceptar m\u00e9s improvisacions; la ciutadania de S\u00f3ller exigeix coher\u00e8ncia i resultats\u201d, ha declarat Mateu.<\/p>\n<p>La situaci\u00f3 jur\u00eddica de la F\u00e0brica Nova complica encara m\u00e9s les possibilitats d\u2019un acord r\u00e0pid, perqu\u00e8 la propietat ha sol\u00b7licitat l\u2019expropiaci\u00f3 for\u00e7osa i l\u2019Ajuntament, en comptes d\u2019assumir un paper actiu, s\u2019ha posat de perfil, una inacci\u00f3 que Mateu qualifica d\u2019inacceptable: \u201csense un acord clar sobre la via d\u2019expropiaci\u00f3 o una negociaci\u00f3 vera\u00e7 amb la propietat, ser\u00e0 impossible tancar cap operaci\u00f3; aix\u00f2 no \u00e9s nom\u00e9s una q\u00fcesti\u00f3 t\u00e8cnica, \u00e9s una responsabilitat pol\u00edtica que ara mateix s\u2019est\u00e0 eludint\u201d.<\/p>\n<p>El Grup Socialista denuncia que el que hauria de ser una actuaci\u00f3 priorit\u00e0ria per garantir la conservaci\u00f3 d\u2019un testimoni central de la mem\u00f2ria industrial sollerica s\u2019ha convertit en una s\u00e8rie de titulars de premsa sense continu\u00eftat. A m\u00e9s del fallit proc\u00e9s de compra, Mateu posa l\u2019accent en la nul\u00b7la planificaci\u00f3 sobre els usos i el model de gesti\u00f3 futurs de la F\u00e0brica Nova, perqu\u00e8 adquirir un immoble sense un projecte s\u00f2lid i un model de funcionament p\u00fablic no garanteix la seva preservaci\u00f3 ni la seva capacitat per generar beneficis culturals, educatius i econ\u00f2mics per al municipi.<\/p>\n<p>Davant d\u2019aquesta situaci\u00f3, Jaume Mateu exigeix al Consell i a l\u2019Ajuntament una actuaci\u00f3 coordinada, transparent i immediata que inclogui la negociaci\u00f3 p\u00fablica i efectiva amb la propietat, la definici\u00f3 d\u2019una via jur\u00eddica clara respecte a l\u2019expropiaci\u00f3 si cal, i la presentaci\u00f3 d\u2019un projecte i un pla de gesti\u00f3 amb calendari p\u00fablic. Mateu ha anunciat \u201cl\u2019exig\u00e8ncia de responsabilitats pol\u00edtiques si no veiem accions concretes en un termini raonable\u201d. El temps corre en contra de la preservaci\u00f3 de la F\u00e0brica Nova de S\u00f3ller, i ni el Consell de Mallorca ni l\u2019Ajuntament de la localitat s\u2019han donat per assabentats.<\/p>\n\n\n<p><\/p>\n","protected":false},"excerpt":{"rendered":"<p>Sis mesos despr\u00e9s de l\u2019anunci de compra nom\u00e9s hi ha una primera valoraci\u00f3 i una oferta de 2 milions; la deixadesa del Consell i la nul\u00b7la gesti\u00f3 de l\u2019Ajuntament de S\u00f3ller, ambd\u00f3s sota responsabilitat pol\u00edtica del PP, posen en risc l\u2019emblema del patrimoni industrial solleric, que dies enrere ha patit esbucaments parcials de la coberta&hellip;<\/p>\n","protected":false},"author":3,"featured_media":30427,"comment_status":"false","ping_status":"closed","sticky":false,"template":"","format":"standard","meta":{"footnotes":""},"categories":[2,1,90,92],"tags":[95,218,105,83,77,186,160,84,296],"class_list":["post-30435","post","type-post","status-publish","format-standard","has-post-thumbnail","hentry","category-federacio-de-mallorca","category-federacio-de-mallorca-portada","category-municipis","category-portada","tag-agrupacio-socialista-de-soller","tag-amanda-fernandez","tag-catalina-cladera","tag-consell-de-mallorca","tag-federacio-socialista-de-mallorca","tag-jaume-mateu","tag-mallorca","tag-psib-psoe","tag-sofia-alonso"],"_links":{"self":[{"href":"https:\/\/www.psib-psoe.org\/mallorca\/wp-json\/wp\/v2\/posts\/30435"}],"collection":[{"href":"https:\/\/www.psib-psoe.org\/mallorca\/wp-json\/wp\/v2\/posts"}],"about":[{"href":"https:\/\/www.psib-psoe.org\/mallorca\/wp-json\/wp\/v2\/types\/post"}],"author":[{"embeddable":true,"href":"https:\/\/www.psib-psoe.org\/mallorca\/wp-json\/wp\/v2\/users\/3"}],"replies":[{"embeddable":true,"href":"https:\/\/www.psib-psoe.org\/mallorca\/wp-json\/wp\/v2\/comments?post=30435"}],"version-history":[{"count":2,"href":"https:\/\/www.psib-psoe.org\/mallorca\/wp-json\/wp\/v2\/posts\/30435\/revisions"}],"predecessor-version":[{"id":30437,"href":"https:\/\/www.psib-psoe.org\/mallorca\/wp-json\/wp\/v2\/posts\/30435\/revisions\/30437"}],"wp:featuredmedia":[{"embeddable":true,"href":"https:\/\/www.psib-psoe.org\/mallorca\/wp-json\/wp\/v2\/media\/30427"}],"wp:attachment":[{"href":"https:\/\/www.psib-psoe.org\/mallorca\/wp-json\/wp\/v2\/media?parent=30435"}],"wp:term":[{"taxonomy":"category","embeddable":true,"href":"https:\/\/www.psib-psoe.org\/mallorca\/wp-json\/wp\/v2\/categories?post=30435"},{"taxonomy":"post_tag","embeddable":true,"href":"https:\/\/www.psib-psoe.org\/mallorca\/wp-json\/wp\/v2\/tags?post=30435"}],"curies":[{"name":"wp","href":"https:\/\/api.w.org\/{rel}","templated":true}]}}