{"id":30438,"date":"2025-10-04T10:34:53","date_gmt":"2025-10-04T08:34:53","guid":{"rendered":"https:\/\/www.psib-psoe.org\/mallorca\/?p=30438"},"modified":"2025-10-04T13:51:12","modified_gmt":"2025-10-04T11:51:12","slug":"el-grup-socialista-del-consell-de-mallorca-defensa-lalto-el-foc-immediat-a-gaza-el-reconeixement-de-palestina-i-limpuls-de-mesures-humanitaries-i-de-cooperacio-a-la-zona","status":"publish","type":"post","link":"https:\/\/www.psib-psoe.org\/mallorca\/el-grup-socialista-del-consell-de-mallorca-defensa-lalto-el-foc-immediat-a-gaza-el-reconeixement-de-palestina-i-limpuls-de-mesures-humanitaries-i-de-cooperacio-a-la-zona\/","title":{"rendered":"El Grup Socialista del Consell de Mallorca defensa l\u2019alto el foc immediat a Gaza, el reconeixement de Palestina i l\u2019impuls de mesures humanit\u00e0ries i de cooperaci\u00f3 a la zona."},"content":{"rendered":"\n<figure class=\"wp-block-image size-large\"><img loading=\"lazy\" decoding=\"async\" width=\"1024\" height=\"467\" src=\"http:\/\/www.psib-psoe.org\/mallorca\/wp-content\/uploads\/Ple-110925-1024x467.jpeg\" alt=\"\" class=\"wp-image-30304\" srcset=\"https:\/\/www.psib-psoe.org\/mallorca\/wp-content\/uploads\/Ple-110925-1024x467.jpeg 1024w, https:\/\/www.psib-psoe.org\/mallorca\/wp-content\/uploads\/Ple-110925-300x137.jpeg 300w, https:\/\/www.psib-psoe.org\/mallorca\/wp-content\/uploads\/Ple-110925-768x350.jpeg 768w, https:\/\/www.psib-psoe.org\/mallorca\/wp-content\/uploads\/Ple-110925-20x9.jpeg 20w, https:\/\/www.psib-psoe.org\/mallorca\/wp-content\/uploads\/Ple-110925-150x68.jpeg 150w, https:\/\/www.psib-psoe.org\/mallorca\/wp-content\/uploads\/Ple-110925-600x274.jpeg 600w, https:\/\/www.psib-psoe.org\/mallorca\/wp-content\/uploads\/Ple-110925-900x411.jpeg 900w, https:\/\/www.psib-psoe.org\/mallorca\/wp-content\/uploads\/Ple-110925.jpeg 1486w\" sizes=\"(max-width: 1024px) 100vw, 1024px\" \/><\/figure>\n\n\n<p><em><u>El Grup Socialista del Consell de Mallorca porta al Ple del 9 d\u2019octubre una moci\u00f3 que reclama l\u2019alto el foc immediat i permanent a la franja de Gaza, el reconeixement de l\u2019Estat de Palestina i l\u2019aplicaci\u00f3 \u00edntegra del Dret Internacional, aix\u00ed com un paquet d\u2019accions de suport humanitari, diplom\u00e0tic i de cooperaci\u00f3. La iniciativa exigeix l\u2019alliberament de tots els ostatges, condemna els actes terroristes perpetrats per Ham\u00e0s i denuncia el que qualifica de genocidi i d\u2019ocupaci\u00f3 il\u00b7legal d\u2019Israel a Gaza i a Cisjord\u00e0nia.<\/u><\/em><\/p>\n<p>La portaveu del Grup Socialista al Consell de Mallorca, Catalina Cladera, ha expressat la \u201csolidaritat dels i les socialistes amb el poble palest\u00ed, i que es respecti el seu dret de viure en pau, dignitat i llibertat\u201d. El darrer balan\u00e7 de v\u00edctimes a Gaza supera les 66.000 morts en un conflicte en qu\u00e8 la poblaci\u00f3 civil palestina ha patit especialment el setge de l\u2019ex\u00e8rcit d\u2019Israel. El Grup Socialista presentar\u00e0 aquest pr\u00f2xim dijous una moci\u00f3 sobre la q\u00fcesti\u00f3 de Gaza, per fer que \u201ctots els grups pol\u00edtics es posicionin clarament sobre aquesta massacre que s\u2019est\u00e0 cometent a Gaza\u201d.<\/p>\n<p>Cladera ha fet suport als moviments internacionals que pretenen auxiliar a la poblaci\u00f3 palestina, com la Global Sumid Flotilla, \u201cque de manera pac\u00edfica intenten trencar el bloqueig i fer arribar l\u2019ajuda humanit\u00e0ria a Gaza\u201d. Despr\u00e9s de la seva captura, Cladera ha \u201cexigit que es garanteixi la seguretat f\u00edsica de totes les persones que composen la flotilla\u201d.<\/p>\n<p>\u201cExigim l\u2019alto el foc immediat i permanent\u201d, afirma el conseller socialista Joan Ferrer, \u201ci reclamem que es posin fi a les operacions que estan causant una cat\u00e0strofe humanit\u00e0ria. No podem permetre que l\u2019ajuda sigui utilitzada com a arma de guerra; cal garantir l\u2019acc\u00e9s complet, segur i sense restriccions a la poblaci\u00f3 palestina\u201d. La proposta expressa suport incondicional a l\u2019alliberament de tots els ostatges i solidaritat amb la societat civil democr\u00e0tica israeliana que es manifesta contra les pol\u00edtiques del seu govern. \u201cDefensem el dret a la seguretat de la ciutadania israeliana i condemnem sense ambig\u00fcitats els atemptats i actes terroristes comesos per Ham\u00e0s, inclosos els de 7 d&#8217;octubre de 2023\u201d, afirma Ferrer, \u201cal mateix temps que exigim responsabilitats per als qui han com\u00e8s crims contra la poblaci\u00f3 civil a Gaza\u201d.<\/p>\n<p>El text tamb\u00e9 manifesta suport a les conclusions de la Comissi\u00f3 Internacional Independent d\u2019Investigaci\u00f3 sobre els territoris palestins ocupats i a les iniciatives adoptades per la Uni\u00f3 Europea en defensa del Dret Internacional Humanitari, que qualifiquen de genocidi el que Israel est\u00e0 practicant amb la poblaci\u00f3 palestina a la Franja de Gaza. \u201cEl Consell de Mallorca ha de traduir les conviccions en projectes concrets\u201d, declara Ferrer. \u201cPer aix\u00f2 demanam una dotaci\u00f3 extraordin\u00e0ria i urgent del Fons Mallorqu\u00ed de Cooperaci\u00f3 a favor de l\u2019Ag\u00e8ncia de Nacions Unides per als Refugiats de Palestina UNRWA i instem a que es repliqui, amb els recursos disponibles, l\u2019exemple de l\u2019Ajuntament de Barcelona per institucionalitzar la cooperaci\u00f3 amb la poblaci\u00f3 palestina refugiada\u201d.<\/p>\n<p>La moci\u00f3 dels Socialistes de Mallorca al ple del Consell de Mallorca dona suport expl\u00edcit a la posici\u00f3 del Govern d\u2019Espanya i a la Cimera de les Nacions Unides en favor de la soluci\u00f3 de dos Estats i reconeix Palestina com a Estat. Recolza les resolucions de Nacions Unides i defensa el retorn a les fronteres de 1967 com a base per a qualsevol acord de pau. El text insta a les institucions internacionals i europees a prendre mesures fermes per protegir la poblaci\u00f3 civil i perseguir els responsables de crims internacionals.<\/p>\n<p>La moci\u00f3 impulsa l\u2019inici d\u2019un agermanament institucional entre l\u2019illa de Mallorca i l\u2019Estat Palest\u00ed com a eina de diplom\u00e0cia local per desplegar projectes en salut, educaci\u00f3 i cooperaci\u00f3 t\u00e8cnica. \u201cUn agermanament no \u00e9s nom\u00e9s un gest simb\u00f2lic; \u00e9s una finestra permanent de di\u00e0leg i acci\u00f3 per a projectes reals que millorin la vida de la gent afectada\u201d, assenyala Ferrer.<\/p>\n<p>El text insta el Consell a traslladar l\u2019acord al president del Govern d\u2019Espanya, al Ministeri d\u2019Afers Exteriors, als grups parlamentaris del Congr\u00e9s i del Senat, al Parlament Europeu, a l\u2019Ambaixada de Palestina a Espanya i a la Federaci\u00f3 Espanyola de Municipis i Prov\u00edncies. La moci\u00f3 tamb\u00e9 expressa el suport del Grup Socialista a les concentracions i accions ciutadanes pac\u00edfiques que reclamen el cessament de la viol\u00e8ncia. La setmana passada, el Consell Pol\u00edtic de la Federaci\u00f3 Socialista de Mallorca va dedicar una resoluci\u00f3 per aquest tema, i va respectar un minut de silenci en mem\u00f2ria de les v\u00edctimes del conflicte. El conseller Ferrer insta al Consell de Mallorca a \u201cactuar amb responsabilitat, solidaritat i coher\u00e8ncia institucional davant aquesta crisi humanit\u00e0ria\u201d.<\/p>\n\n\n<p><\/p>\n\n\n\n<figure class=\"wp-block-audio\"><audio controls src=\"https:\/\/www.psib-psoe.org\/mallorca\/wp-content\/uploads\/021025_Catalina-Cladera-mocio-Gaza.mp3\"><\/audio><\/figure>\n","protected":false},"excerpt":{"rendered":"<p>El Grup Socialista del Consell de Mallorca porta al Ple del 9 d\u2019octubre una moci\u00f3 que reclama l\u2019alto el foc immediat i permanent a la franja de Gaza, el reconeixement de l\u2019Estat de Palestina i l\u2019aplicaci\u00f3 \u00edntegra del Dret Internacional, aix\u00ed com un paquet d\u2019accions de suport humanitari, diplom\u00e0tic i de cooperaci\u00f3. La iniciativa exigeix&hellip;<\/p>\n","protected":false},"author":3,"featured_media":30304,"comment_status":"false","ping_status":"closed","sticky":false,"template":"","format":"standard","meta":{"footnotes":""},"categories":[89,2,1,90,92],"tags":[218,343,447,546,105,83,77,186,483,639,504,160,84,296],"class_list":["post-30438","post","type-post","status-publish","format-standard","has-post-thumbnail","hentry","category-consell-de-mallorca","category-federacio-de-mallorca","category-federacio-de-mallorca-portada","category-municipis","category-portada","tag-amanda-fernandez","tag-andreu-serra","tag-bea-gamundi","tag-biel-alomar","tag-catalina-cladera","tag-consell-de-mallorca","tag-federacio-socialista-de-mallorca","tag-jaume-mateu","tag-joan-ferrer","tag-joan-mendez-2","tag-juana-m-adrover","tag-mallorca","tag-psib-psoe","tag-sofia-alonso"],"_links":{"self":[{"href":"https:\/\/www.psib-psoe.org\/mallorca\/wp-json\/wp\/v2\/posts\/30438"}],"collection":[{"href":"https:\/\/www.psib-psoe.org\/mallorca\/wp-json\/wp\/v2\/posts"}],"about":[{"href":"https:\/\/www.psib-psoe.org\/mallorca\/wp-json\/wp\/v2\/types\/post"}],"author":[{"embeddable":true,"href":"https:\/\/www.psib-psoe.org\/mallorca\/wp-json\/wp\/v2\/users\/3"}],"replies":[{"embeddable":true,"href":"https:\/\/www.psib-psoe.org\/mallorca\/wp-json\/wp\/v2\/comments?post=30438"}],"version-history":[{"count":2,"href":"https:\/\/www.psib-psoe.org\/mallorca\/wp-json\/wp\/v2\/posts\/30438\/revisions"}],"predecessor-version":[{"id":30442,"href":"https:\/\/www.psib-psoe.org\/mallorca\/wp-json\/wp\/v2\/posts\/30438\/revisions\/30442"}],"wp:featuredmedia":[{"embeddable":true,"href":"https:\/\/www.psib-psoe.org\/mallorca\/wp-json\/wp\/v2\/media\/30304"}],"wp:attachment":[{"href":"https:\/\/www.psib-psoe.org\/mallorca\/wp-json\/wp\/v2\/media?parent=30438"}],"wp:term":[{"taxonomy":"category","embeddable":true,"href":"https:\/\/www.psib-psoe.org\/mallorca\/wp-json\/wp\/v2\/categories?post=30438"},{"taxonomy":"post_tag","embeddable":true,"href":"https:\/\/www.psib-psoe.org\/mallorca\/wp-json\/wp\/v2\/tags?post=30438"}],"curies":[{"name":"wp","href":"https:\/\/api.w.org\/{rel}","templated":true}]}}