{"id":30443,"date":"2025-10-06T12:22:58","date_gmt":"2025-10-06T10:22:58","guid":{"rendered":"https:\/\/www.psib-psoe.org\/mallorca\/?p=30443"},"modified":"2025-10-06T12:23:09","modified_gmt":"2025-10-06T10:23:09","slug":"el-grup-socialista-exigeix-al-consell-de-mallorca-que-actui-davant-la-crisi-dhabitatge-i-la-cohabitacio-forcosa","status":"publish","type":"post","link":"https:\/\/www.psib-psoe.org\/mallorca\/el-grup-socialista-exigeix-al-consell-de-mallorca-que-actui-davant-la-crisi-dhabitatge-i-la-cohabitacio-forcosa\/","title":{"rendered":"El Grup Socialista exigeix al Consell de Mallorca que actu\u00ef davant la crisi d\u2019habitatge i la cohabitaci\u00f3 for\u00e7osa."},"content":{"rendered":"\n<figure class=\"wp-block-image size-large\"><img loading=\"lazy\" decoding=\"async\" width=\"1024\" height=\"768\" src=\"https:\/\/www.psib-psoe.org\/mallorca\/wp-content\/uploads\/Alonso-Ferrer-061025-1024x768.jpeg\" alt=\"\" class=\"wp-image-30444\" srcset=\"https:\/\/www.psib-psoe.org\/mallorca\/wp-content\/uploads\/Alonso-Ferrer-061025-1024x768.jpeg 1024w, https:\/\/www.psib-psoe.org\/mallorca\/wp-content\/uploads\/Alonso-Ferrer-061025-300x225.jpeg 300w, https:\/\/www.psib-psoe.org\/mallorca\/wp-content\/uploads\/Alonso-Ferrer-061025-768x576.jpeg 768w, https:\/\/www.psib-psoe.org\/mallorca\/wp-content\/uploads\/Alonso-Ferrer-061025-1536x1152.jpeg 1536w, https:\/\/www.psib-psoe.org\/mallorca\/wp-content\/uploads\/Alonso-Ferrer-061025-150x113.jpeg 150w, https:\/\/www.psib-psoe.org\/mallorca\/wp-content\/uploads\/Alonso-Ferrer-061025-600x450.jpeg 600w, https:\/\/www.psib-psoe.org\/mallorca\/wp-content\/uploads\/Alonso-Ferrer-061025-900x675.jpeg 900w, https:\/\/www.psib-psoe.org\/mallorca\/wp-content\/uploads\/Alonso-Ferrer-061025-20x16.jpeg 20w, https:\/\/www.psib-psoe.org\/mallorca\/wp-content\/uploads\/Alonso-Ferrer-061025.jpeg 1600w\" sizes=\"(max-width: 1024px) 100vw, 1024px\" \/><\/figure>\n\n\n<p><em><u>La portaveu adjunta del Grup Socialista al Consell de Mallorca, Sofia Alonso, ha anunciat la presentaci\u00f3 d\u2019una moci\u00f3 per abordar la crisi d\u2019habitatge que afecta greument a prop de 125.000 ciutadans a Mallorca. Alonso defensa la iniciativa dels socialistes, \u201cla cinquena al Consell de Mallorca en la present legislatura\u201d, davant la inacci\u00f3 del Consell PPVox \u201cque no mai duen propostes en aquest sentit\u201d i \u201csempre s\u2019han declarat com a incompetents en temes d\u2019habitatge<\/u><\/em><u>\u201d. El conseller Joan Ferrer ha palesat que \u201cel Consell t\u00e9 compet\u00e8ncies en mat\u00e8ria social i d\u2019habitabilitat. No pot continuar mirant cap a una altra banda.\u201d<\/u><\/p>\n<p>Segons estimacions extretes de les dades de l\u2019INE, a Mallorca hi ha 25.000 llars sobre-ocupades, en les que a la majoria de les quals hi viuen diferents nuclis familiars sense parentiu. Alonso ha posat l\u2019accent en les situacions de vulnerabilitat extrema: habitatges sobre-ocupats, fam\u00edlies compartint espais amb persones sense cap vincle, persones grans obligades a abandonar l\u2019illa, i habitatges sense serveis b\u00e0sics com l\u2019aigua corrent o aigua calenta, que afecten unes 125.000 persones, sense que ni Govern ni Consell posin en marxa pol\u00edtiques actives per a controlar aquesta situaci\u00f3.<\/p>\n<p>Al contrari, Alonso ha constatat que totes les pol\u00edtiques que anuncia el PP, sota la premissa d\u2019atacar la dificultat creixent en l\u2019acc\u00e9s a l\u2019habitatge, en realitat s\u00f3n amables amb l\u2019especulaci\u00f3, i redunden en el benefici dels qui m\u00e9s tenen, en comptes d\u2019ajudar a aquells que ho necessiten. \u201cPPVox no apliquen a Balears la llei estatal de l\u2019Habitatge, per que per a ells primer va la llei de l\u2019especulaci\u00f3\u201d.<\/p>\n<p>Alonso ha acusat el PP de fer \u201ccinisme pol\u00edtic, actuar de manera classista\u201d, en favor dels poderosos, i de no actuar per acotar el problema de la infra-ocupaci\u00f3: \u201cno podem permetre que a una Mallorca que crea riquesa, aproximadament un 10% visquin en infra-habitatges o habitacions compartides de manera for\u00e7ada\u201d. La portaveu adjunta dels socialistes ha apuntat directament a Galm\u00e9s, com a responsable, per inacci\u00f3, de la situaci\u00f3 i l\u2019ha instat a prendre mesures, tamb\u00e9 des del punt de vista assistencial, des de l\u2019IMAS.<\/p>\n<p>En aquesta mateixa l\u00ednia, Joan Ferrer ha defensat que \u201cel Consell de Mallorca t\u00e9 dues grans compet\u00e8ncies: la social i l\u2019ordenaci\u00f3 del territori, inclosa la garantia de l\u2019habitabilitat dels habitatges\u201d. Ferrer ha denunciat que \u201ccada proposta que duem aqu\u00ed sempre s\u2019al\u00b7lega d\u2019incompet\u00e8ncia\u201d i ha reclamat que \u201cel Consell faci un cens real\u201d per saber l\u2019abast real de la situaci\u00f3 d\u2019infra-habitatge i de cohabitaci\u00f3 for\u00e7osa. Una situaci\u00f3 que preocupa sobre manera per la afectaci\u00f3 directa al desenvolupament de les capacitats dels infants i joves que pateixen \u201chaver de compartir habitatge amb estranys a causa d\u2019una situaci\u00f3 familiar prec\u00e0ria\u201d.<\/p>\n<p>La moci\u00f3 que el Grup Socialista \u00a0presenta a debat en el ple del pr\u00f2xim dijous proposa, a m\u00e9s, impulsar la creaci\u00f3 d\u2019una oficina d\u2019habitatge real, que assessori i protegeixi les persones vulnerables, en lloc de criminalitzar-les. Ampliar els recursos residencials temporals i d\u2019urg\u00e8ncia, especialment per a fam\u00edlies amb infants, persones majors o dependents. Combatre el lloguer il\u00b7legal i l\u2019especulaci\u00f3 immobili\u00e0ria, amb inspeccions i sancions als propietaris que incompleixin la normativa. Declarar Mallorca com a zona de mercat residencial tensionat, per limitar els abusos en els preus del lloguer. I Impulsar la promoci\u00f3 d\u2019habitatge protegit, que ha estat abandonada pel govern actual.<\/p>\n<p>\u201cEl que no pot fer el Consell \u00e9s continuar mirant cap a una altra banda\u201d, ha concl\u00f2s Ferrer, que ha proposat que a trav\u00e9s de la concessi\u00f3 de les c\u00e8dules d\u2019habitabilitat, el departament de Territori i Urbanisme pugui verificar i controlar el nombre de persones de diferents nuclis que comparteixen habitacions en un mateix habitatge: \u201cLes fam\u00edlies mallorquines mereixen solucions, no excuses.\u201d<\/p>\n\n\n<p><\/p>\n\n\n\n<figure class=\"wp-block-audio\"><audio controls src=\"https:\/\/www.psib-psoe.org\/mallorca\/wp-content\/uploads\/061025_Sofia-Alonso-RDP-Mocio-Habitatge.mp3\"><\/audio><\/figure>\n\n\n\n<figure class=\"wp-block-audio\"><audio controls src=\"https:\/\/www.psib-psoe.org\/mallorca\/wp-content\/uploads\/061025_Joan-Ferrer-RDP-Mocio-Habitatge.mp3\"><\/audio><\/figure>\n","protected":false},"excerpt":{"rendered":"<p>La portaveu adjunta del Grup Socialista al Consell de Mallorca, Sofia Alonso, ha anunciat la presentaci\u00f3 d\u2019una moci\u00f3 per abordar la crisi d\u2019habitatge que afecta greument a prop de 125.000 ciutadans a Mallorca. Alonso defensa la iniciativa dels socialistes, \u201cla cinquena al Consell de Mallorca en la present legislatura\u201d, davant la inacci\u00f3 del Consell PPVox&hellip;<\/p>\n","protected":false},"author":3,"featured_media":30444,"comment_status":"false","ping_status":"closed","sticky":false,"template":"","format":"standard","meta":{"footnotes":""},"categories":[89,2,1,90,92],"tags":[218,343,447,546,105,83,77,186,483,639,504,160,84,296],"class_list":["post-30443","post","type-post","status-publish","format-standard","has-post-thumbnail","hentry","category-consell-de-mallorca","category-federacio-de-mallorca","category-federacio-de-mallorca-portada","category-municipis","category-portada","tag-amanda-fernandez","tag-andreu-serra","tag-bea-gamundi","tag-biel-alomar","tag-catalina-cladera","tag-consell-de-mallorca","tag-federacio-socialista-de-mallorca","tag-jaume-mateu","tag-joan-ferrer","tag-joan-mendez-2","tag-juana-m-adrover","tag-mallorca","tag-psib-psoe","tag-sofia-alonso"],"_links":{"self":[{"href":"https:\/\/www.psib-psoe.org\/mallorca\/wp-json\/wp\/v2\/posts\/30443"}],"collection":[{"href":"https:\/\/www.psib-psoe.org\/mallorca\/wp-json\/wp\/v2\/posts"}],"about":[{"href":"https:\/\/www.psib-psoe.org\/mallorca\/wp-json\/wp\/v2\/types\/post"}],"author":[{"embeddable":true,"href":"https:\/\/www.psib-psoe.org\/mallorca\/wp-json\/wp\/v2\/users\/3"}],"replies":[{"embeddable":true,"href":"https:\/\/www.psib-psoe.org\/mallorca\/wp-json\/wp\/v2\/comments?post=30443"}],"version-history":[{"count":1,"href":"https:\/\/www.psib-psoe.org\/mallorca\/wp-json\/wp\/v2\/posts\/30443\/revisions"}],"predecessor-version":[{"id":30447,"href":"https:\/\/www.psib-psoe.org\/mallorca\/wp-json\/wp\/v2\/posts\/30443\/revisions\/30447"}],"wp:featuredmedia":[{"embeddable":true,"href":"https:\/\/www.psib-psoe.org\/mallorca\/wp-json\/wp\/v2\/media\/30444"}],"wp:attachment":[{"href":"https:\/\/www.psib-psoe.org\/mallorca\/wp-json\/wp\/v2\/media?parent=30443"}],"wp:term":[{"taxonomy":"category","embeddable":true,"href":"https:\/\/www.psib-psoe.org\/mallorca\/wp-json\/wp\/v2\/categories?post=30443"},{"taxonomy":"post_tag","embeddable":true,"href":"https:\/\/www.psib-psoe.org\/mallorca\/wp-json\/wp\/v2\/tags?post=30443"}],"curies":[{"name":"wp","href":"https:\/\/api.w.org\/{rel}","templated":true}]}}