{"id":30448,"date":"2025-10-07T13:37:19","date_gmt":"2025-10-07T11:37:19","guid":{"rendered":"https:\/\/www.psib-psoe.org\/mallorca\/?p=30448"},"modified":"2025-10-07T13:37:31","modified_gmt":"2025-10-07T11:37:31","slug":"els-socialistes-dalaro-denuncien-deficiencies-en-el-servei-de-policia-local-al-municipi","status":"publish","type":"post","link":"https:\/\/www.psib-psoe.org\/mallorca\/els-socialistes-dalaro-denuncien-deficiencies-en-el-servei-de-policia-local-al-municipi\/","title":{"rendered":"Els Socialistes d\u2019Alar\u00f3 denuncien defici\u00e8ncies en el servei de Policia Local al municipi."},"content":{"rendered":"\n<figure class=\"wp-block-image size-large\"><img loading=\"lazy\" decoding=\"async\" width=\"1024\" height=\"1024\" src=\"https:\/\/www.psib-psoe.org\/mallorca\/wp-content\/uploads\/Cotxes-patrulla-1024x1024.jpeg\" alt=\"\" class=\"wp-image-30450\" srcset=\"https:\/\/www.psib-psoe.org\/mallorca\/wp-content\/uploads\/Cotxes-patrulla-1024x1024.jpeg 1024w, https:\/\/www.psib-psoe.org\/mallorca\/wp-content\/uploads\/Cotxes-patrulla-300x300.jpeg 300w, https:\/\/www.psib-psoe.org\/mallorca\/wp-content\/uploads\/Cotxes-patrulla-150x150.jpeg 150w, https:\/\/www.psib-psoe.org\/mallorca\/wp-content\/uploads\/Cotxes-patrulla-768x768.jpeg 768w, https:\/\/www.psib-psoe.org\/mallorca\/wp-content\/uploads\/Cotxes-patrulla-600x600.jpeg 600w, https:\/\/www.psib-psoe.org\/mallorca\/wp-content\/uploads\/Cotxes-patrulla-900x900.jpeg 900w, https:\/\/www.psib-psoe.org\/mallorca\/wp-content\/uploads\/Cotxes-patrulla-20x20.jpeg 20w, https:\/\/www.psib-psoe.org\/mallorca\/wp-content\/uploads\/Cotxes-patrulla.jpeg 1026w\" sizes=\"(max-width: 1024px) 100vw, 1024px\" \/><\/figure>\n\n\n\n<p><em><u>El Grup Municipal Socialista d\u2019Alar\u00f3 ha tornat a denunciar p\u00fablicament la situaci\u00f3 cr\u00edtica en qu\u00e8 es troba la Policia Local del municipi, que des de divendres passat no disposa de cap vehicle operatiu per dur a terme les seves funcions.<\/u><\/em><\/p>\n\n\n\n<p>Els socialistes alerten que aquesta manca de mitjans posa en risc la seguretat dels ve\u00efns i ve\u00efnes d\u2019Alar\u00f3, especialment en torns unipersonals i en horaris nocturns, on s\u2019ha arribat a quedar el municipi sense pres\u00e8ncia policial. \u201c\u00c9s absolutament inacceptable que, en ple segle XXI, un municipi com Alar\u00f3 no pugui garantir un servei policial m\u00ednim durant les nits\u201d, ha declarat Andreu Vidal, portaveu del Grup Municipal Socialista.<\/p>\n\n\n\n<p>La formaci\u00f3 socialista fa mesos que denuncia el mal estat dels dos vehicles policials existents i reclama amb urg\u00e8ncia l\u2019adquisici\u00f3 d\u2019un nou cotxe per garantir un servei de seguretat adequat. Aquesta precarietat tamb\u00e9 afecta els vehicles de Protecci\u00f3 Civil, que es troben en condicions igualment deficients. \u201cEl govern municipal continua acumulant despeses innecess\u00e0ries mentre ignora les necessitats b\u00e0siques de seguretat. No podem permetre que els agents de la Policia Local hagin de fer feina sense garanties m\u00ednimes de mobilitat ni protecci\u00f3\u201d, ha afegit Vidal.<\/p>\n\n\n\n<p>Es dona la circumst\u00e0ncia que aquest cap de setmana s\u2019ha pogut veure un vehicle de la Policia Local de Binissalem patrullant per Alar\u00f3, fet que demostra la greu mancan\u00e7a del parc m\u00f2bil d\u2019Alar\u00f3, per una situaci\u00f3 que no \u00e9s la primera vegada que es produeix. Davant aquesta situaci\u00f3, el Grup Municipal Socialista exigeix a l\u2019equip de govern del Partit Popular una actuaci\u00f3 immediata per posar fi a aquesta manca de recursos i garantir que la Policia Local pugui desenvolupar la seva tasca amb dignitat i efic\u00e0cia.<\/p>\n","protected":false},"excerpt":{"rendered":"<p>El Grup Municipal Socialista d\u2019Alar\u00f3 ha tornat a denunciar p\u00fablicament la situaci\u00f3 cr\u00edtica en qu\u00e8 es troba la Policia Local del municipi, que des de divendres passat no disposa de cap vehicle operatiu per dur a terme les seves funcions. Els socialistes alerten que aquesta manca de mitjans posa en risc la seguretat dels ve\u00efns&hellip;<\/p>\n","protected":false},"author":3,"featured_media":30450,"comment_status":"false","ping_status":"closed","sticky":false,"template":"","format":"standard","meta":{"footnotes":""},"categories":[89,2,1,90,92],"tags":[258,218,450,362,77,160,84],"class_list":["post-30448","post","type-post","status-publish","format-standard","has-post-thumbnail","hentry","category-consell-de-mallorca","category-federacio-de-mallorca","category-federacio-de-mallorca-portada","category-municipis","category-portada","tag-alaro","tag-amanda-fernandez","tag-andreu-vidal","tag-ares-fernandez","tag-federacio-socialista-de-mallorca","tag-mallorca","tag-psib-psoe"],"_links":{"self":[{"href":"https:\/\/www.psib-psoe.org\/mallorca\/wp-json\/wp\/v2\/posts\/30448"}],"collection":[{"href":"https:\/\/www.psib-psoe.org\/mallorca\/wp-json\/wp\/v2\/posts"}],"about":[{"href":"https:\/\/www.psib-psoe.org\/mallorca\/wp-json\/wp\/v2\/types\/post"}],"author":[{"embeddable":true,"href":"https:\/\/www.psib-psoe.org\/mallorca\/wp-json\/wp\/v2\/users\/3"}],"replies":[{"embeddable":true,"href":"https:\/\/www.psib-psoe.org\/mallorca\/wp-json\/wp\/v2\/comments?post=30448"}],"version-history":[{"count":1,"href":"https:\/\/www.psib-psoe.org\/mallorca\/wp-json\/wp\/v2\/posts\/30448\/revisions"}],"predecessor-version":[{"id":30451,"href":"https:\/\/www.psib-psoe.org\/mallorca\/wp-json\/wp\/v2\/posts\/30448\/revisions\/30451"}],"wp:featuredmedia":[{"embeddable":true,"href":"https:\/\/www.psib-psoe.org\/mallorca\/wp-json\/wp\/v2\/media\/30450"}],"wp:attachment":[{"href":"https:\/\/www.psib-psoe.org\/mallorca\/wp-json\/wp\/v2\/media?parent=30448"}],"wp:term":[{"taxonomy":"category","embeddable":true,"href":"https:\/\/www.psib-psoe.org\/mallorca\/wp-json\/wp\/v2\/categories?post=30448"},{"taxonomy":"post_tag","embeddable":true,"href":"https:\/\/www.psib-psoe.org\/mallorca\/wp-json\/wp\/v2\/tags?post=30448"}],"curies":[{"name":"wp","href":"https:\/\/api.w.org\/{rel}","templated":true}]}}