{"id":30452,"date":"2025-10-09T11:14:24","date_gmt":"2025-10-09T09:14:24","guid":{"rendered":"https:\/\/www.psib-psoe.org\/mallorca\/?p=30452"},"modified":"2025-10-09T11:14:35","modified_gmt":"2025-10-09T09:14:35","slug":"joan-mendez-pren-possessio-com-a-nou-conseller-del-grup-socialista-al-consell-de-mallorca","status":"publish","type":"post","link":"https:\/\/www.psib-psoe.org\/mallorca\/joan-mendez-pren-possessio-com-a-nou-conseller-del-grup-socialista-al-consell-de-mallorca\/","title":{"rendered":"Joan M\u00e9ndez pren possessi\u00f3 com a nou conseller del Grup Socialista al Consell de Mallorca."},"content":{"rendered":"\n<figure class=\"wp-block-image size-large\"><img loading=\"lazy\" decoding=\"async\" width=\"1024\" height=\"682\" src=\"https:\/\/www.psib-psoe.org\/mallorca\/wp-content\/uploads\/Grup-Mendez-091025-3-1024x682.jpeg\" alt=\"\" class=\"wp-image-30453\" srcset=\"https:\/\/www.psib-psoe.org\/mallorca\/wp-content\/uploads\/Grup-Mendez-091025-3-1024x682.jpeg 1024w, https:\/\/www.psib-psoe.org\/mallorca\/wp-content\/uploads\/Grup-Mendez-091025-3-300x200.jpeg 300w, https:\/\/www.psib-psoe.org\/mallorca\/wp-content\/uploads\/Grup-Mendez-091025-3-768x512.jpeg 768w, https:\/\/www.psib-psoe.org\/mallorca\/wp-content\/uploads\/Grup-Mendez-091025-3-1536x1023.jpeg 1536w, https:\/\/www.psib-psoe.org\/mallorca\/wp-content\/uploads\/Grup-Mendez-091025-3-150x100.jpeg 150w, https:\/\/www.psib-psoe.org\/mallorca\/wp-content\/uploads\/Grup-Mendez-091025-3-600x400.jpeg 600w, https:\/\/www.psib-psoe.org\/mallorca\/wp-content\/uploads\/Grup-Mendez-091025-3-900x600.jpeg 900w, https:\/\/www.psib-psoe.org\/mallorca\/wp-content\/uploads\/Grup-Mendez-091025-3-20x13.jpeg 20w, https:\/\/www.psib-psoe.org\/mallorca\/wp-content\/uploads\/Grup-Mendez-091025-3.jpeg 1600w\" sizes=\"(max-width: 1024px) 100vw, 1024px\" \/><\/figure>\n\n\n<p><em><u>El Grup Socialista al Consell de Mallorca ha incorporat avui Joan M\u00e9ndez com a conseller insular, en substituci\u00f3 de Javier de Juan. Aquesta incorporaci\u00f3 refor\u00e7a el comprom\u00eds del partit amb la renovaci\u00f3 generacional i la defensa dels valors progressistes a les institucions mallorquines.<\/u><\/em><\/p>\n<p>Joan M\u00e9ndez \u00e9s des d\u2019avui, nou conseller del Grup Socialista al Consell de Mallorca. M\u00e9ndez \u00e9s actual secretari general de les Joventuts Socialistes de Mallorca (JSM), des del passat mes de juliol en el marc del VII Congr\u00e9s celebrat a Calvi\u00e0, el municipi on ha centrat la seva activitat pol\u00edtica i organitzativa dins les JSM. M\u00e9ndez ha impulsat la pres\u00e8ncia territorial de l\u2019organitzaci\u00f3 i ha defensat un increment de la participaci\u00f3 dels joves a les institucions de Mallorca. \u00a0<\/p>\n<p>A l\u2019inici de la sessi\u00f3 del ple hi ha assistit una delegaci\u00f3 dels Socialistes de Mallorca i de Joventuts Socialistes de Mallorca, encap\u00e7alada per la secret\u00e0ria general FSM, Amanda Fern\u00e0ndez, el delegat del Govern a les Illes Balears, Alfonso Rodr\u00edguez, el secretari d\u2019Organitzaci\u00f3, Ares Fern\u00e0ndez, la diputada auton\u00f2mica Malena Riudavets, el regidor a Cort, Pepe Mart\u00ednez i la portaveu socialista a l\u2019Ajuntament de Calvi\u00e0, Nat\u00ed Franc\u00e9s, entre d\u2019altres.<\/p>\n<p>Amb una traject\u00f2ria marcada per la defensa de la participaci\u00f3 pol\u00edtica dels joves i la dinamitzaci\u00f3 de l\u2019activisme local, la incorporaci\u00f3 de M\u00e9ndez al Consell de Mallorca representa una aposta decidida per donar veu a la generaci\u00f3 nascuda al tombar de segle XXI.<\/p>\n\n\n<p><\/p>\n","protected":false},"excerpt":{"rendered":"<p>El Grup Socialista al Consell de Mallorca ha incorporat avui Joan M\u00e9ndez com a conseller insular, en substituci\u00f3 de Javier de Juan. Aquesta incorporaci\u00f3 refor\u00e7a el comprom\u00eds del partit amb la renovaci\u00f3 generacional i la defensa dels valors progressistes a les institucions mallorquines. Joan M\u00e9ndez \u00e9s des d\u2019avui, nou conseller del Grup Socialista al Consell&hellip;<\/p>\n","protected":false},"author":3,"featured_media":30453,"comment_status":"false","ping_status":"closed","sticky":false,"template":"","format":"standard","meta":{"footnotes":""},"categories":[89,2,1,90,92],"tags":[218,343,447,546,105,83,77,186,483,639,504,160,84,296],"class_list":["post-30452","post","type-post","status-publish","format-standard","has-post-thumbnail","hentry","category-consell-de-mallorca","category-federacio-de-mallorca","category-federacio-de-mallorca-portada","category-municipis","category-portada","tag-amanda-fernandez","tag-andreu-serra","tag-bea-gamundi","tag-biel-alomar","tag-catalina-cladera","tag-consell-de-mallorca","tag-federacio-socialista-de-mallorca","tag-jaume-mateu","tag-joan-ferrer","tag-joan-mendez-2","tag-juana-m-adrover","tag-mallorca","tag-psib-psoe","tag-sofia-alonso"],"_links":{"self":[{"href":"https:\/\/www.psib-psoe.org\/mallorca\/wp-json\/wp\/v2\/posts\/30452"}],"collection":[{"href":"https:\/\/www.psib-psoe.org\/mallorca\/wp-json\/wp\/v2\/posts"}],"about":[{"href":"https:\/\/www.psib-psoe.org\/mallorca\/wp-json\/wp\/v2\/types\/post"}],"author":[{"embeddable":true,"href":"https:\/\/www.psib-psoe.org\/mallorca\/wp-json\/wp\/v2\/users\/3"}],"replies":[{"embeddable":true,"href":"https:\/\/www.psib-psoe.org\/mallorca\/wp-json\/wp\/v2\/comments?post=30452"}],"version-history":[{"count":1,"href":"https:\/\/www.psib-psoe.org\/mallorca\/wp-json\/wp\/v2\/posts\/30452\/revisions"}],"predecessor-version":[{"id":30454,"href":"https:\/\/www.psib-psoe.org\/mallorca\/wp-json\/wp\/v2\/posts\/30452\/revisions\/30454"}],"wp:featuredmedia":[{"embeddable":true,"href":"https:\/\/www.psib-psoe.org\/mallorca\/wp-json\/wp\/v2\/media\/30453"}],"wp:attachment":[{"href":"https:\/\/www.psib-psoe.org\/mallorca\/wp-json\/wp\/v2\/media?parent=30452"}],"wp:term":[{"taxonomy":"category","embeddable":true,"href":"https:\/\/www.psib-psoe.org\/mallorca\/wp-json\/wp\/v2\/categories?post=30452"},{"taxonomy":"post_tag","embeddable":true,"href":"https:\/\/www.psib-psoe.org\/mallorca\/wp-json\/wp\/v2\/tags?post=30452"}],"curies":[{"name":"wp","href":"https:\/\/api.w.org\/{rel}","templated":true}]}}