{"id":30455,"date":"2025-10-09T15:57:41","date_gmt":"2025-10-09T13:57:41","guid":{"rendered":"https:\/\/www.psib-psoe.org\/mallorca\/?p=30455"},"modified":"2025-10-09T15:57:52","modified_gmt":"2025-10-09T13:57:52","slug":"el-grup-socialista-improvisa-un-minut-de-silenci-en-memoria-de-les-victimes-del-genocidi-de-gaza-al-ple-del-consell-davant-del-vet-del-pp-i-la-negativa-de-vox","status":"publish","type":"post","link":"https:\/\/www.psib-psoe.org\/mallorca\/el-grup-socialista-improvisa-un-minut-de-silenci-en-memoria-de-les-victimes-del-genocidi-de-gaza-al-ple-del-consell-davant-del-vet-del-pp-i-la-negativa-de-vox\/","title":{"rendered":"El Grup Socialista improvisa un minut de silenci en mem\u00f2ria de les v\u00edctimes del genocidi de Gaza al ple del Consell, davant del vet del PP i la negativa de Vox."},"content":{"rendered":"\n<figure class=\"wp-block-image size-large\"><img loading=\"lazy\" decoding=\"async\" width=\"1025\" height=\"577\" src=\"https:\/\/www.psib-psoe.org\/mallorca\/wp-content\/uploads\/Minut-silenci-Gaza-091025-edited.jpeg\" alt=\"\" class=\"wp-image-30457\" srcset=\"https:\/\/www.psib-psoe.org\/mallorca\/wp-content\/uploads\/Minut-silenci-Gaza-091025-edited.jpeg 1025w, https:\/\/www.psib-psoe.org\/mallorca\/wp-content\/uploads\/Minut-silenci-Gaza-091025-edited-300x169.jpeg 300w, https:\/\/www.psib-psoe.org\/mallorca\/wp-content\/uploads\/Minut-silenci-Gaza-091025-edited-768x432.jpeg 768w, https:\/\/www.psib-psoe.org\/mallorca\/wp-content\/uploads\/Minut-silenci-Gaza-091025-edited-20x11.jpeg 20w, https:\/\/www.psib-psoe.org\/mallorca\/wp-content\/uploads\/Minut-silenci-Gaza-091025-edited-150x84.jpeg 150w, https:\/\/www.psib-psoe.org\/mallorca\/wp-content\/uploads\/Minut-silenci-Gaza-091025-edited-600x338.jpeg 600w, https:\/\/www.psib-psoe.org\/mallorca\/wp-content\/uploads\/Minut-silenci-Gaza-091025-edited-900x507.jpeg 900w\" sizes=\"(max-width: 1025px) 100vw, 1025px\" \/><\/figure>\n\n\n<p><em><u>El Grup Socialista al Consell de Mallorca manifesta la seva profunda indignaci\u00f3 davant la negativa del Partit Popular a secundar la petici\u00f3 de realitzar un minut de silenci a l\u2019inici del ple d\u2019aquest dijous, en repulsa pel genocidi a Gaza i en mem\u00f2ria de les m\u00e9s de 70.000 v\u00edctimes, la majoria civils i menors d\u2019edat. Aquest fet ha for\u00e7at a qu\u00e8 l\u2019acte s\u2019hagi hagut de fer de manera improvisada en el decurs del ple. \u00a0La negativa del conseller de Presid\u00e8ncia del Consell de Mallorca ha motivat que la iniciativa no s\u2019hagi incl\u00f2s dins de l\u2019ordre del dia de la sessi\u00f3. En la mateixa sessi\u00f3 de ple, el Grup Socialista ha for\u00e7at el debat d\u2019una moci\u00f3, defensada pel conseller Joan Ferrer, per la qual es demana l\u2019alto el foc immediat a la Franja de Gaza, el reconeixement de l\u2019Estat de Palestina, i l\u2019auxili urgent de la poblaci\u00f3 palestina afectada pels bombardejos, els trasllats for\u00e7osos, i la fam severa causada pel bloqueig de l\u2019entrada de subministraments b\u00e0sics pel bloqueig imposat per Israel. <\/u><\/em><\/p>\n<p>La proposta, presentada pel Grup Socialista, responia a una iniciativa de dignitat i empatia que ja ha estat secundada en altres institucions com el Congr\u00e9s dels Diputats. L\u2019actitud del PP, que governa el Consell en coalici\u00f3 amb Vox, demostra una preocupant manca de sensibilitat davant la massacre que pateix la poblaci\u00f3 palestina.<\/p>\n<p>Finalment el minut que ha proposat el Grup Socialista s\u2019ha seguit, amb els consellers socialistes i dels grups de El Pi i de Mes per Mallorca dempeus, amb els del PP assseguts, i amb l\u2019abs\u00e8ncia dels consellers de Vox, que s\u2019han absentat del plenari.<\/p>\n<p>En el mateix ple Grup Socialista al Consell de Mallorca ha presentat una moci\u00f3 de condemna la viol\u00e8ncia a Gaza, que exigeix un alto el foc immediat i permanent, i reclama la protecci\u00f3 de la poblaci\u00f3 civil. El text expressa suport a l\u2019alliberament de tots els ostatges, condemna els atemptats de Ham\u00e0s, i exigeix responsabilitats pels crims comesos contra civils. \u201cNo es tracta de triar b\u00e0ndols\u201d, ha dit el conseller Joan Ferrer, \u201ces tracta de defensar la vida i els drets humans de tothom\u201d. La moci\u00f3 s\u2019ha aprovat de manera parcial, 9 de les 15 propostes presentades han rebut suport majoritari del ple del Consell. L\u2019acc\u00e9s immediat de la poblaci\u00f3 palestina de Gaza a l\u2019ajuda internacional, i estalonar la soluci\u00f3 diplom\u00e0tica dels dos Estats per a la conviv\u00e8ncia pac\u00edfica a la zona, tamb\u00e9 han quedat aprovats.<\/p>\n<p>La moci\u00f3 tamb\u00e9 ha pret\u00e8s fer suport a les conclusions de la Comissi\u00f3 Internacional Independent i a les accions de la Uni\u00f3 Europea en defensa del Dret Internacional Humanitari, que qualifiquen de genocidi les actuacions d\u2019Israel a la Franja de Gaza. \u201c El terme genocidi no el pronunciem a la lleugera, est\u00e0 consensuat a la mateixa ONU per descriure el crim dels crims, l\u2019orquestraci\u00f3 coordinada per\u00a0 l\u2019anihilaci\u00f3 dels fonaments essencials de la vida d\u2019un grup hum\u00e0; no \u00e9s aix\u00f2 el que fa Israel a Gaza?\u201d.<\/p>\n<p>Finalment el Grup Socialista ha fet suport a les mobilitzacions ciutadanes pac\u00edfiques que reclamen el cessament de la viol\u00e8ncia, i ha maldat pel retorn immediat de l\u2019activista mallorquina Reyes Rigo, retinguda a Israel despr\u00e9s de ser apressada en la captura dels integrants de la Global Sumud Flotilla. \u201cquan d\u2019aqu\u00ed uns anys girem la ullada cap enrere, sabrem a on es va ubicar els justos, i a on els qui van ser c\u00f2mplices amb la barb\u00e0rie\u201d, ha concl\u00f2s Ferrer.<\/p>\n<p>\u00a0<\/p>\n<p>\u00a0<\/p>\n\n\n<p><\/p>\n","protected":false},"excerpt":{"rendered":"<p>El Grup Socialista al Consell de Mallorca manifesta la seva profunda indignaci\u00f3 davant la negativa del Partit Popular a secundar la petici\u00f3 de realitzar un minut de silenci a l\u2019inici del ple d\u2019aquest dijous, en repulsa pel genocidi a Gaza i en mem\u00f2ria de les m\u00e9s de 70.000 v\u00edctimes, la majoria civils i menors d\u2019edat.&hellip;<\/p>\n","protected":false},"author":3,"featured_media":30457,"comment_status":"false","ping_status":"closed","sticky":false,"template":"","format":"standard","meta":{"footnotes":""},"categories":[89,2,1,90,92],"tags":[218,343,447,546,105,83,77,186,483,639,504,160,84,296],"class_list":["post-30455","post","type-post","status-publish","format-standard","has-post-thumbnail","hentry","category-consell-de-mallorca","category-federacio-de-mallorca","category-federacio-de-mallorca-portada","category-municipis","category-portada","tag-amanda-fernandez","tag-andreu-serra","tag-bea-gamundi","tag-biel-alomar","tag-catalina-cladera","tag-consell-de-mallorca","tag-federacio-socialista-de-mallorca","tag-jaume-mateu","tag-joan-ferrer","tag-joan-mendez-2","tag-juana-m-adrover","tag-mallorca","tag-psib-psoe","tag-sofia-alonso"],"_links":{"self":[{"href":"https:\/\/www.psib-psoe.org\/mallorca\/wp-json\/wp\/v2\/posts\/30455"}],"collection":[{"href":"https:\/\/www.psib-psoe.org\/mallorca\/wp-json\/wp\/v2\/posts"}],"about":[{"href":"https:\/\/www.psib-psoe.org\/mallorca\/wp-json\/wp\/v2\/types\/post"}],"author":[{"embeddable":true,"href":"https:\/\/www.psib-psoe.org\/mallorca\/wp-json\/wp\/v2\/users\/3"}],"replies":[{"embeddable":true,"href":"https:\/\/www.psib-psoe.org\/mallorca\/wp-json\/wp\/v2\/comments?post=30455"}],"version-history":[{"count":2,"href":"https:\/\/www.psib-psoe.org\/mallorca\/wp-json\/wp\/v2\/posts\/30455\/revisions"}],"predecessor-version":[{"id":30459,"href":"https:\/\/www.psib-psoe.org\/mallorca\/wp-json\/wp\/v2\/posts\/30455\/revisions\/30459"}],"wp:featuredmedia":[{"embeddable":true,"href":"https:\/\/www.psib-psoe.org\/mallorca\/wp-json\/wp\/v2\/media\/30457"}],"wp:attachment":[{"href":"https:\/\/www.psib-psoe.org\/mallorca\/wp-json\/wp\/v2\/media?parent=30455"}],"wp:term":[{"taxonomy":"category","embeddable":true,"href":"https:\/\/www.psib-psoe.org\/mallorca\/wp-json\/wp\/v2\/categories?post=30455"},{"taxonomy":"post_tag","embeddable":true,"href":"https:\/\/www.psib-psoe.org\/mallorca\/wp-json\/wp\/v2\/tags?post=30455"}],"curies":[{"name":"wp","href":"https:\/\/api.w.org\/{rel}","templated":true}]}}