{"id":30460,"date":"2025-10-09T17:34:34","date_gmt":"2025-10-09T15:34:34","guid":{"rendered":"https:\/\/www.psib-psoe.org\/mallorca\/?p=30460"},"modified":"2025-10-09T17:34:48","modified_gmt":"2025-10-09T15:34:48","slug":"el-grup-socialista-reclama-la-reprovacio-la-dimissio-i-el-retorn-de-les-quantitats-cobrades-illegitimament-per-la-portaveu-del-pp-al-consell-nuria-riera","status":"publish","type":"post","link":"https:\/\/www.psib-psoe.org\/mallorca\/el-grup-socialista-reclama-la-reprovacio-la-dimissio-i-el-retorn-de-les-quantitats-cobrades-illegitimament-per-la-portaveu-del-pp-al-consell-nuria-riera\/","title":{"rendered":"El Grup Socialista reclama la reprovaci\u00f3, la dimissi\u00f3 i el retorn de les quantitats cobrades il\u00b7leg\u00edtimament per la portaveu del PP al Consell, N\u00faria Riera."},"content":{"rendered":"\n<figure class=\"wp-block-image size-large\"><img loading=\"lazy\" decoding=\"async\" width=\"768\" height=\"1024\" src=\"https:\/\/www.psib-psoe.org\/mallorca\/wp-content\/uploads\/Grup-Mendez-091025-1-768x1024.jpeg\" alt=\"\" class=\"wp-image-30461\" srcset=\"https:\/\/www.psib-psoe.org\/mallorca\/wp-content\/uploads\/Grup-Mendez-091025-1-768x1024.jpeg 768w, https:\/\/www.psib-psoe.org\/mallorca\/wp-content\/uploads\/Grup-Mendez-091025-1-225x300.jpeg 225w, https:\/\/www.psib-psoe.org\/mallorca\/wp-content\/uploads\/Grup-Mendez-091025-1-1152x1536.jpeg 1152w, https:\/\/www.psib-psoe.org\/mallorca\/wp-content\/uploads\/Grup-Mendez-091025-1-300x400.jpeg 300w, https:\/\/www.psib-psoe.org\/mallorca\/wp-content\/uploads\/Grup-Mendez-091025-1-150x200.jpeg 150w, https:\/\/www.psib-psoe.org\/mallorca\/wp-content\/uploads\/Grup-Mendez-091025-1-600x800.jpeg 600w, https:\/\/www.psib-psoe.org\/mallorca\/wp-content\/uploads\/Grup-Mendez-091025-1-900x1200.jpeg 900w, https:\/\/www.psib-psoe.org\/mallorca\/wp-content\/uploads\/Grup-Mendez-091025-1-20x27.jpeg 20w, https:\/\/www.psib-psoe.org\/mallorca\/wp-content\/uploads\/Grup-Mendez-091025-1.jpeg 1200w\" sizes=\"(max-width: 768px) 100vw, 768px\" \/><\/figure>\n\n\n<p><em><u>El Grup Socialista al Consell de Mallorca ha defensat una moci\u00f3 de reprovaci\u00f3 contra N\u00faria Riera, la segona en aquest any 2025, despr\u00e9s de saber-se l\u2019expedient sancionador lleu que li imposa el Govern pel seu absentisme laboral a la seva tasca com a funcion\u00e0ria i portaveu del PP al Consell. La portaveu socialista, Catalina Cladera, ha reclamat la dimissi\u00f3 i el retorn de les quantitats cobrades irregularment per Riera, una consellera que \u201cno pot representar els mallorquins per haver maniobrat per cobrar l\u2019equivalent d\u2019un 175% de salari p\u00fablic per una jornada laboral que no compleix\u201d<\/u><\/em><\/p>\n<p>La portaveu socialista, Catalina Cladera, ha qualificat l\u2019informe del Govern com a \u201cindulgent i que no tracta a tots els funcionaris de la mateixa manera\u201d; per Cladera suposa la confirmaci\u00f3 de l\u2019actitud repetida de Riera, que ha fugit en repetides ocasions del seu lloc de feina durant els primers 18 mesos de legislatura, per exercir tasques pol\u00edtiques que no estan contemplades dins de les qualificades per la llei com a \u201cdeure inexcusable\u201d. La socialista ha recordat com la consellera de Presid\u00e8ncia de Prohens va retardar deliberadament la incoaci\u00f3 de l\u2019expedient sancionador, que va ser iniciat per la nova responsable de Funci\u00f3 P\u00fablica del Govern, Catalina Cabrer, gaireb\u00e9 6 mesos despr\u00e9s de l\u2019inici de les investigacions. Avui, per cert, Cabrer ha hagut de parlar d\u2019aquest expedient en una compareixen\u00e7a en Comissi\u00f3 del Parlament.<\/p>\n<p>Cladera ha criticat l\u2019encobriment de Riera que fan Prohens, Galm\u00e9s i les conselleres del Govern, Estarellas i Cabrer: \u201ctota aquesta situaci\u00f3 no s\u2019hagu\u00e9s produ\u00eft si Galm\u00e9s hagu\u00e9s pres mesures des del principi\u201d, i ha instat a explicar l\u2019acord ocult pel qual el president del Consell \u201cva pactar amb Riera apujar-li el salari de portaveu al Consell des del principi de la legislatura\u201d. \u00a0Cladera s\u2019ha preguntat per la diferent actitud que ha adoptat Galm\u00e9s en dos casos similars, quan va destituir la consellera d\u2019Hisenda Pilar Bonet quan es va saber la seva implicaci\u00f3 en un cas de desfalc a una empresa privada que s\u2019ha confirmat amb sent\u00e8ncia ferma recentment, per\u00f2 en canvi mant\u00e9 Riera, quan ha quedat acreditat que cobra una salari p\u00fablic per una feina que no presta.<\/p>\n<p>Cladera s\u2019ha referit a la incongru\u00e8ncia del Govern, que mitjan\u00e7ant la consellera Cabrer es parapeta darrera la prescripci\u00f3 de moltes de les abs\u00e8ncies laborals de Riera, per\u00f2 que admet que haur\u00e0 de canviar els protocols que aplica pel reconeixement dels marcatges dels funcionaris que s\u2019han demostrat insuficients en el cas de la portaveu del PP al Consell.<\/p>\n<p><strong>El PP rebutja les mesures dels socialistes per la millora de la situaci\u00f3 d\u2019acc\u00e9s a l\u2019habitatge per als col\u00b7lectius vulnerables de Mallorca. <\/strong><\/p>\n<p>La portaveu adjunta del Grup Socialista al Consell de Mallorca, Sofia Alonso, ha defensat una moci\u00f3 per abordar la crisi d\u2019habitatge que afecta greument a prop de 125.000 ciutadans a Mallorca. Proposa\u00a0 impulsar la creaci\u00f3 d\u2019una oficina d\u2019habitatge real, que assessori i protegeixi les persones vulnerables, en lloc de criminalitzar-les. \u201cEs posa en risc la salut f\u00edsica i mental dels col\u00b7lectius m\u00e9s vulnerables; aquesta situaci\u00f3 nom\u00e9s es pot revertir si es prenen mesures, i vost\u00e8s que ara governen s\u00f3n insuficients per que no combaten l\u2019especulaci\u00f3 immobili\u00e0ria, territorial i de manca de planificaci\u00f3\u201d, ha afirmat Alonso.<\/p>\n<p>Ampliar els recursos residencials temporals i d\u2019urg\u00e8ncia, especialment per a fam\u00edlies amb infants, persones majors o dependents. Combatre el lloguer il\u00b7legal i l\u2019especulaci\u00f3 immobili\u00e0ria, amb inspeccions i sancions als propietaris que incompleixin la normativa. Declarar Mallorca com a zona de mercat residencial tensionat, per limitar els abusos en els preus del lloguer. I impulsar la promoci\u00f3 d\u2019habitatge protegit, que ha estat abandonada pel govern actual. Totes aquestes mesures que es contemplaven dins de la iniciativa del Grup Socialista han estat rebutjades pel rodet PPVox.<\/p>\n<p>\u00a0<\/p>\n\n\n<p><\/p>\n","protected":false},"excerpt":{"rendered":"<p>El Grup Socialista al Consell de Mallorca ha defensat una moci\u00f3 de reprovaci\u00f3 contra N\u00faria Riera, la segona en aquest any 2025, despr\u00e9s de saber-se l\u2019expedient sancionador lleu que li imposa el Govern pel seu absentisme laboral a la seva tasca com a funcion\u00e0ria i portaveu del PP al Consell. La portaveu socialista, Catalina Cladera,&hellip;<\/p>\n","protected":false},"author":3,"featured_media":30461,"comment_status":"false","ping_status":"closed","sticky":false,"template":"","format":"standard","meta":{"footnotes":""},"categories":[89,2,1,90,92],"tags":[218,343,447,546,105,83,77,186,483,639,504,160,84,296],"class_list":["post-30460","post","type-post","status-publish","format-standard","has-post-thumbnail","hentry","category-consell-de-mallorca","category-federacio-de-mallorca","category-federacio-de-mallorca-portada","category-municipis","category-portada","tag-amanda-fernandez","tag-andreu-serra","tag-bea-gamundi","tag-biel-alomar","tag-catalina-cladera","tag-consell-de-mallorca","tag-federacio-socialista-de-mallorca","tag-jaume-mateu","tag-joan-ferrer","tag-joan-mendez-2","tag-juana-m-adrover","tag-mallorca","tag-psib-psoe","tag-sofia-alonso"],"_links":{"self":[{"href":"https:\/\/www.psib-psoe.org\/mallorca\/wp-json\/wp\/v2\/posts\/30460"}],"collection":[{"href":"https:\/\/www.psib-psoe.org\/mallorca\/wp-json\/wp\/v2\/posts"}],"about":[{"href":"https:\/\/www.psib-psoe.org\/mallorca\/wp-json\/wp\/v2\/types\/post"}],"author":[{"embeddable":true,"href":"https:\/\/www.psib-psoe.org\/mallorca\/wp-json\/wp\/v2\/users\/3"}],"replies":[{"embeddable":true,"href":"https:\/\/www.psib-psoe.org\/mallorca\/wp-json\/wp\/v2\/comments?post=30460"}],"version-history":[{"count":1,"href":"https:\/\/www.psib-psoe.org\/mallorca\/wp-json\/wp\/v2\/posts\/30460\/revisions"}],"predecessor-version":[{"id":30462,"href":"https:\/\/www.psib-psoe.org\/mallorca\/wp-json\/wp\/v2\/posts\/30460\/revisions\/30462"}],"wp:featuredmedia":[{"embeddable":true,"href":"https:\/\/www.psib-psoe.org\/mallorca\/wp-json\/wp\/v2\/media\/30461"}],"wp:attachment":[{"href":"https:\/\/www.psib-psoe.org\/mallorca\/wp-json\/wp\/v2\/media?parent=30460"}],"wp:term":[{"taxonomy":"category","embeddable":true,"href":"https:\/\/www.psib-psoe.org\/mallorca\/wp-json\/wp\/v2\/categories?post=30460"},{"taxonomy":"post_tag","embeddable":true,"href":"https:\/\/www.psib-psoe.org\/mallorca\/wp-json\/wp\/v2\/tags?post=30460"}],"curies":[{"name":"wp","href":"https:\/\/api.w.org\/{rel}","templated":true}]}}