{"id":30464,"date":"2025-10-12T11:34:50","date_gmt":"2025-10-12T09:34:50","guid":{"rendered":"https:\/\/www.psib-psoe.org\/mallorca\/?p=30464"},"modified":"2025-10-12T11:35:02","modified_gmt":"2025-10-12T09:35:02","slug":"amanda-fernandez-denuncia-el-collapse-sanitari-a-llevant-ja-es-hora-que-prohens-escolti-els-ciutadans-i-aturi-la-degradacio-del-servei-public-de-salut-a-la-comarca","status":"publish","type":"post","link":"https:\/\/www.psib-psoe.org\/mallorca\/amanda-fernandez-denuncia-el-collapse-sanitari-a-llevant-ja-es-hora-que-prohens-escolti-els-ciutadans-i-aturi-la-degradacio-del-servei-public-de-salut-a-la-comarca\/","title":{"rendered":"Amanda Fern\u00e0ndez denuncia el col\u00b7lapse sanitari a Llevant: \u201cja \u00e9s hora que Prohens escolti els ciutadans, i aturi la degradaci\u00f3 del Servei p\u00fablic de Salut a la comarca\u201d."},"content":{"rendered":"\n<figure class=\"wp-block-image size-full is-resized\"><img loading=\"lazy\" decoding=\"async\" width=\"1158\" height=\"2048\" src=\"https:\/\/www.psib-psoe.org\/mallorca\/wp-content\/uploads\/Amanda-Manacor-121025.jpeg\" alt=\"\" class=\"wp-image-30465\" style=\"width:773px;height:auto\" srcset=\"https:\/\/www.psib-psoe.org\/mallorca\/wp-content\/uploads\/Amanda-Manacor-121025.jpeg 1158w, https:\/\/www.psib-psoe.org\/mallorca\/wp-content\/uploads\/Amanda-Manacor-121025-170x300.jpeg 170w, https:\/\/www.psib-psoe.org\/mallorca\/wp-content\/uploads\/Amanda-Manacor-121025-579x1024.jpeg 579w, https:\/\/www.psib-psoe.org\/mallorca\/wp-content\/uploads\/Amanda-Manacor-121025-768x1358.jpeg 768w, https:\/\/www.psib-psoe.org\/mallorca\/wp-content\/uploads\/Amanda-Manacor-121025-869x1536.jpeg 869w, https:\/\/www.psib-psoe.org\/mallorca\/wp-content\/uploads\/Amanda-Manacor-121025-300x531.jpeg 300w, https:\/\/www.psib-psoe.org\/mallorca\/wp-content\/uploads\/Amanda-Manacor-121025-150x265.jpeg 150w, https:\/\/www.psib-psoe.org\/mallorca\/wp-content\/uploads\/Amanda-Manacor-121025-600x1061.jpeg 600w, https:\/\/www.psib-psoe.org\/mallorca\/wp-content\/uploads\/Amanda-Manacor-121025-900x1592.jpeg 900w, https:\/\/www.psib-psoe.org\/mallorca\/wp-content\/uploads\/Amanda-Manacor-121025-20x36.jpeg 20w\" sizes=\"(max-width: 1158px) 100vw, 1158px\" \/><\/figure>\n\n\n\n<p><em><u>La Federaci\u00f3 Socialista de Mallorca ha al\u00e7at la veu davant el deteriorament creixent de la sanitat p\u00fablica a la comarca de Llevant, on l\u2019Hospital de Manacor i la xarxa d\u2019atenci\u00f3 prim\u00e0ria es troben en una situaci\u00f3 l\u00edmit. Llargues esperes per atenci\u00f3, manca d\u2019especialistes en \u00e0rees com oncologia i centres de salut amb atenci\u00f3 deficit\u00e0ria, a Porto Cristo, s\u2019Illot i Cales de Mallorca, s\u00f3n algunes de les anomalies m\u00e9s greus en la gesti\u00f3 sanit\u00e0ria p\u00fablica del Govern de Prohens al Llevant de Mallorca, segons la den\u00fancia d\u2019Amanda Fern\u00e0ndez.<\/u><\/em><\/p>\n\n\n\n<p>Amanda Fern\u00e0ndez, secret\u00e0ria general de la FSM, ha denunciat que \u201cla sanitat p\u00fablica de Manacor i de tota la comarca de Llevant estan al l\u00edmit. I ho paguen els pacients, que pateixen esperes cada vegada m\u00e9s llargues\u201d. La primera onada de grip de l\u2019any ha estat suficient per col\u00b7lapsar les urg\u00e8ncies de l\u2019hospital de refer\u00e8ncia de la comarca de Llevant, deixant desenes de persones esperant hores per ser ingressades.<\/p>\n\n\n\n<p>Les llistes d\u2019espera en especialitats clau com oncologia, traumatologia, cardiologia, ginecologia o medicina digestiva s\u2019han disparat. M\u00e9s de la meitat dels pacients esperen m\u00e9s de 60 dies per ser atesos, i en molts casos el temps s\u2019ha duplicat en nom\u00e9s un any. \u201cNo \u00e9s acceptable que per ser at\u00e8s d\u2019una lesi\u00f3 articular o un trencament de lligament, la gent esperi de mitjana m\u00e9s de dos mesos perqu\u00e8 li vegi un especialista i despr\u00e9s hagi d\u2019esperar almenys altres tres mesos per ser operat. Aix\u00f2 \u00e9s m\u00e9s de mig any sense salut\u201d, ha afirmat Fern\u00e0ndez.<\/p>\n\n\n\n<p>La Federaci\u00f3 Socialista exigeix al Govern del PP i a la presidenta Marga Prohens que deixin de privatitzar la sanitat i comencin a invertir en recursos p\u00fablics. \u201cCal contractar onc\u00f2legs, refor\u00e7ar les especialitats m\u00e9s saturades i millorar la xarxa d\u2019atenci\u00f3 prim\u00e0ria, que segueix sense incorporar millores\u201d, ha reclamat Fern\u00e0ndez. Els municipis de Porto Cristo, s\u2019Illot i Cales de Mallorca continuen reclamant que els centres de salut obrin m\u00e9s dies, m\u00e9s tardes i tamb\u00e9 els caps de setmana. Mentrestant, la construcci\u00f3 del nou centre de salut d\u2019Art\u00e0 roman aturada des que el PP va arribar al Govern auton\u00f2mic. \u201cJa \u00e9s hora que Prohens escolti l\u2019ajuntament i als ve\u00efns. Ja \u00e9s hora que el PP respecti la comarca de Llevant. Ja \u00e9s hora que deixi de deteriorar els serveis sanitaris\u201d, ha concl\u00f2s Fern\u00e0ndez.<\/p>\n\n\n\n<figure class=\"wp-block-audio\"><audio controls src=\"https:\/\/www.psib-psoe.org\/mallorca\/wp-content\/uploads\/Amanda-Manacor-audio-extractor-mp3cut.net-1.mp3\"><\/audio><\/figure>\n\n\n\n<figure class=\"wp-block-audio\"><audio controls src=\"https:\/\/www.psib-psoe.org\/mallorca\/wp-content\/uploads\/Amanda-Manacor-audio-extractor-mp3cut.net-2.mp3\"><\/audio><\/figure>\n","protected":false},"excerpt":{"rendered":"<p>La Federaci\u00f3 Socialista de Mallorca ha al\u00e7at la veu davant el deteriorament creixent de la sanitat p\u00fablica a la comarca de Llevant, on l\u2019Hospital de Manacor i la xarxa d\u2019atenci\u00f3 prim\u00e0ria es troben en una situaci\u00f3 l\u00edmit. Llargues esperes per atenci\u00f3, manca d\u2019especialistes en \u00e0rees com oncologia i centres de salut amb atenci\u00f3 deficit\u00e0ria, a&hellip;<\/p>\n","protected":false},"author":3,"featured_media":30465,"comment_status":"false","ping_status":"closed","sticky":false,"template":"","format":"standard","meta":{"footnotes":""},"categories":[2,1,90,92],"tags":[394,218,77,393,392,594,84],"class_list":["post-30464","post","type-post","status-publish","format-standard","has-post-thumbnail","hentry","category-federacio-de-mallorca","category-federacio-de-mallorca-portada","category-municipis","category-portada","tag-agrupacio-socialista-de-manacor","tag-amanda-fernandez","tag-federacio-socialista-de-mallorca","tag-manacor","tag-nuria-hinojosa","tag-patricia-gomez-2","tag-psib-psoe"],"_links":{"self":[{"href":"https:\/\/www.psib-psoe.org\/mallorca\/wp-json\/wp\/v2\/posts\/30464"}],"collection":[{"href":"https:\/\/www.psib-psoe.org\/mallorca\/wp-json\/wp\/v2\/posts"}],"about":[{"href":"https:\/\/www.psib-psoe.org\/mallorca\/wp-json\/wp\/v2\/types\/post"}],"author":[{"embeddable":true,"href":"https:\/\/www.psib-psoe.org\/mallorca\/wp-json\/wp\/v2\/users\/3"}],"replies":[{"embeddable":true,"href":"https:\/\/www.psib-psoe.org\/mallorca\/wp-json\/wp\/v2\/comments?post=30464"}],"version-history":[{"count":2,"href":"https:\/\/www.psib-psoe.org\/mallorca\/wp-json\/wp\/v2\/posts\/30464\/revisions"}],"predecessor-version":[{"id":30469,"href":"https:\/\/www.psib-psoe.org\/mallorca\/wp-json\/wp\/v2\/posts\/30464\/revisions\/30469"}],"wp:featuredmedia":[{"embeddable":true,"href":"https:\/\/www.psib-psoe.org\/mallorca\/wp-json\/wp\/v2\/media\/30465"}],"wp:attachment":[{"href":"https:\/\/www.psib-psoe.org\/mallorca\/wp-json\/wp\/v2\/media?parent=30464"}],"wp:term":[{"taxonomy":"category","embeddable":true,"href":"https:\/\/www.psib-psoe.org\/mallorca\/wp-json\/wp\/v2\/categories?post=30464"},{"taxonomy":"post_tag","embeddable":true,"href":"https:\/\/www.psib-psoe.org\/mallorca\/wp-json\/wp\/v2\/tags?post=30464"}],"curies":[{"name":"wp","href":"https:\/\/api.w.org\/{rel}","templated":true}]}}