{"id":30470,"date":"2025-10-13T13:10:49","date_gmt":"2025-10-13T11:10:49","guid":{"rendered":"https:\/\/www.psib-psoe.org\/mallorca\/?p=30470"},"modified":"2025-10-13T13:11:01","modified_gmt":"2025-10-13T11:11:01","slug":"el-grup-socialista-exigeix-la-convocatoria-dun-ple-extraordinari-del-consell-per-forcar-el-conseller-de-turisme-a-donar-comptes-de-la-seva-gestio","status":"publish","type":"post","link":"https:\/\/www.psib-psoe.org\/mallorca\/el-grup-socialista-exigeix-la-convocatoria-dun-ple-extraordinari-del-consell-per-forcar-el-conseller-de-turisme-a-donar-comptes-de-la-seva-gestio\/","title":{"rendered":"El Grup Socialista exigeix la convocat\u00f2ria d\u2019un ple extraordinari del Consell per for\u00e7ar el conseller de Turisme a donar comptes de la seva gesti\u00f3."},"content":{"rendered":"\n<figure class=\"wp-block-image size-large\"><img loading=\"lazy\" decoding=\"async\" width=\"1024\" height=\"768\" src=\"http:\/\/www.psib-psoe.org\/mallorca\/wp-content\/uploads\/Cladera-declaracions-230925-1024x768.jpeg\" alt=\"\" class=\"wp-image-30374\" srcset=\"https:\/\/www.psib-psoe.org\/mallorca\/wp-content\/uploads\/Cladera-declaracions-230925-1024x768.jpeg 1024w, https:\/\/www.psib-psoe.org\/mallorca\/wp-content\/uploads\/Cladera-declaracions-230925-300x225.jpeg 300w, https:\/\/www.psib-psoe.org\/mallorca\/wp-content\/uploads\/Cladera-declaracions-230925-768x576.jpeg 768w, https:\/\/www.psib-psoe.org\/mallorca\/wp-content\/uploads\/Cladera-declaracions-230925-1536x1152.jpeg 1536w, https:\/\/www.psib-psoe.org\/mallorca\/wp-content\/uploads\/Cladera-declaracions-230925-2048x1536.jpeg 2048w, https:\/\/www.psib-psoe.org\/mallorca\/wp-content\/uploads\/Cladera-declaracions-230925-150x113.jpeg 150w, https:\/\/www.psib-psoe.org\/mallorca\/wp-content\/uploads\/Cladera-declaracions-230925-600x450.jpeg 600w, https:\/\/www.psib-psoe.org\/mallorca\/wp-content\/uploads\/Cladera-declaracions-230925-900x675.jpeg 900w, https:\/\/www.psib-psoe.org\/mallorca\/wp-content\/uploads\/Cladera-declaracions-230925-20x16.jpeg 20w\" sizes=\"(max-width: 1024px) 100vw, 1024px\" \/><\/figure>\n\n\n<p><em><u>Els Socialistes al Consell de Mallorca ja han registrat la sol\u00b7licitud de ple extraordinari per for\u00e7ar la compareixen\u00e7a de Jos\u00e9 Marcial Rodr\u00edguez. La portaveu del Grup Socialista, Catalina Cladera reclama que el titular de Turisme pugui explicar alguns aspectes opacs de la seva gesti\u00f3, i m\u00e9s concretament sobre l\u2019increment de places tur\u00edstiques, els processos fallits per a la seva adjudicaci\u00f3, la lluita contra l\u2019oferta il\u00b7legal i possibles conflictes d\u2019interessos.<\/u><\/em><\/p>\n<p>El Grup Socialista al Consell de Mallorca ha registrat la sol\u00b7licitud formal per a la convocat\u00f2ria d\u2019un ple extraordinari perqu\u00e8 el conseller de Turisme, Jos\u00e9 Marcial Rodr\u00edguez, comparegui i expliqui p\u00fablicament la gesti\u00f3 del seu departament. La sessi\u00f3 s\u2019haur\u00e0 de celebrar necess\u00e0riament abans del 30 d\u2019octubre.<\/p>\n<p>El Grup Socialista exigeix que el conseller doni explicacions concretes sobre l\u2019increment de places tur\u00edstiques que ha iniciat el departament, mentre que el debat sobre massificaci\u00f3 tur\u00edstica imposa la necessitat d\u2019ordenar pol\u00edtiques de desescalada. Catalina Cladera, portaveu del Grup Socialista, ha subratllat que el model territorial de Mallorca reclama decreixement i que mentre diu una cosa Galm\u00e9s i Marcial Rodr\u00edguez fan la contr\u00e0ria\u00a0 \u201cjustificant un increment de places sense fer un estudi de c\u00e0rrega ni modificar el PIAT; no hi ha evid\u00e8ncies t\u00e8cniques que avalin aquestes decisions\u201d.<\/p>\n<p>El Grup Socialista denuncia la manca de claredat en la gesti\u00f3, tamb\u00e9 en el proc\u00e9s d\u2019adjudicaci\u00f3 de places que s\u2019ha hagut de suspendre fins en tres ocasions, manifestant el caos que regna en el departament sota la direcci\u00f3 de Marcial Rodr\u00edguez. \u00a0Cladera, despr\u00e9s d\u2019insistir en el fet que no \u00e9s el moment de treure 1500 noves places tur\u00edstiques al mercat, \u00a0ha insistit que a m\u00e9s \u201cexisteix confusi\u00f3 sobre quines places s\u2019estan creant, com s\u2019adjudiquen i si hi ha conflictes d\u2019interessos que cal aclarir\u201d.<\/p>\n<p>Els socialistes reclamen resultats verificables en la lluita contra l\u2019oferta tur\u00edstica il\u00b7legal i una explicaci\u00f3 detallada de les mesures d\u2019acc\u00e9s i control posades en marxa. Cladera ha remarcat que \u201cno n\u2019hi ha prou amb plans, convenis i fotos que no s\u00f3n m\u00e9s que una venda de fum de Marcial; calen resultats i transpar\u00e8ncia sobre els plans de lluita contra l\u2019oferta il\u00b7legal, els resultats, els establiments tancants\u201d.<\/p>\n<p>\u00a0<\/p>\n\n\n<figure class=\"wp-block-audio\"><audio controls src=\"https:\/\/www.psib-psoe.org\/mallorca\/wp-content\/uploads\/Cladera-compareixenca-Marcial.mp3\"><\/audio><\/figure>\n","protected":false},"excerpt":{"rendered":"<p>Els Socialistes al Consell de Mallorca ja han registrat la sol\u00b7licitud de ple extraordinari per for\u00e7ar la compareixen\u00e7a de Jos\u00e9 Marcial Rodr\u00edguez. La portaveu del Grup Socialista, Catalina Cladera reclama que el titular de Turisme pugui explicar alguns aspectes opacs de la seva gesti\u00f3, i m\u00e9s concretament sobre l\u2019increment de places tur\u00edstiques, els processos fallits&hellip;<\/p>\n","protected":false},"author":3,"featured_media":30374,"comment_status":"false","ping_status":"closed","sticky":false,"template":"","format":"standard","meta":{"footnotes":""},"categories":[89,2,1,90,92],"tags":[218,343,447,546,105,83,77,186,483,639,504,160,84,296],"class_list":["post-30470","post","type-post","status-publish","format-standard","has-post-thumbnail","hentry","category-consell-de-mallorca","category-federacio-de-mallorca","category-federacio-de-mallorca-portada","category-municipis","category-portada","tag-amanda-fernandez","tag-andreu-serra","tag-bea-gamundi","tag-biel-alomar","tag-catalina-cladera","tag-consell-de-mallorca","tag-federacio-socialista-de-mallorca","tag-jaume-mateu","tag-joan-ferrer","tag-joan-mendez-2","tag-juana-m-adrover","tag-mallorca","tag-psib-psoe","tag-sofia-alonso"],"_links":{"self":[{"href":"https:\/\/www.psib-psoe.org\/mallorca\/wp-json\/wp\/v2\/posts\/30470"}],"collection":[{"href":"https:\/\/www.psib-psoe.org\/mallorca\/wp-json\/wp\/v2\/posts"}],"about":[{"href":"https:\/\/www.psib-psoe.org\/mallorca\/wp-json\/wp\/v2\/types\/post"}],"author":[{"embeddable":true,"href":"https:\/\/www.psib-psoe.org\/mallorca\/wp-json\/wp\/v2\/users\/3"}],"replies":[{"embeddable":true,"href":"https:\/\/www.psib-psoe.org\/mallorca\/wp-json\/wp\/v2\/comments?post=30470"}],"version-history":[{"count":1,"href":"https:\/\/www.psib-psoe.org\/mallorca\/wp-json\/wp\/v2\/posts\/30470\/revisions"}],"predecessor-version":[{"id":30472,"href":"https:\/\/www.psib-psoe.org\/mallorca\/wp-json\/wp\/v2\/posts\/30470\/revisions\/30472"}],"wp:featuredmedia":[{"embeddable":true,"href":"https:\/\/www.psib-psoe.org\/mallorca\/wp-json\/wp\/v2\/media\/30374"}],"wp:attachment":[{"href":"https:\/\/www.psib-psoe.org\/mallorca\/wp-json\/wp\/v2\/media?parent=30470"}],"wp:term":[{"taxonomy":"category","embeddable":true,"href":"https:\/\/www.psib-psoe.org\/mallorca\/wp-json\/wp\/v2\/categories?post=30470"},{"taxonomy":"post_tag","embeddable":true,"href":"https:\/\/www.psib-psoe.org\/mallorca\/wp-json\/wp\/v2\/tags?post=30470"}],"curies":[{"name":"wp","href":"https:\/\/api.w.org\/{rel}","templated":true}]}}