{"id":30474,"date":"2025-10-14T15:43:04","date_gmt":"2025-10-14T13:43:04","guid":{"rendered":"https:\/\/www.psib-psoe.org\/mallorca\/?p=30474"},"modified":"2025-10-14T15:43:16","modified_gmt":"2025-10-14T13:43:16","slug":"el-ple-de-ses-salines-aprova-per-unanimitat-una-mocio-dendavant-perque-lajuntament-assumeixi-les-despeses-derivades-del-mal-estat-del-cementeri-municipal","status":"publish","type":"post","link":"https:\/\/www.psib-psoe.org\/mallorca\/el-ple-de-ses-salines-aprova-per-unanimitat-una-mocio-dendavant-perque-lajuntament-assumeixi-les-despeses-derivades-del-mal-estat-del-cementeri-municipal\/","title":{"rendered":"El Ple de Ses Salines aprova per unanimitat una moci\u00f3 d\u2019Endavant perqu\u00e8 l\u2019Ajuntament assumeixi les despeses derivades del mal estat del cementeri municipal"},"content":{"rendered":"\n<figure class=\"wp-block-image size-large\"><img loading=\"lazy\" decoding=\"async\" width=\"1024\" height=\"768\" src=\"https:\/\/www.psib-psoe.org\/mallorca\/wp-content\/uploads\/141025_-Foto-Arxiu-ENDAVANT-1024x768.jpeg\" alt=\"\" class=\"wp-image-30475\" srcset=\"https:\/\/www.psib-psoe.org\/mallorca\/wp-content\/uploads\/141025_-Foto-Arxiu-ENDAVANT-1024x768.jpeg 1024w, https:\/\/www.psib-psoe.org\/mallorca\/wp-content\/uploads\/141025_-Foto-Arxiu-ENDAVANT-300x225.jpeg 300w, https:\/\/www.psib-psoe.org\/mallorca\/wp-content\/uploads\/141025_-Foto-Arxiu-ENDAVANT-768x576.jpeg 768w, https:\/\/www.psib-psoe.org\/mallorca\/wp-content\/uploads\/141025_-Foto-Arxiu-ENDAVANT-1536x1152.jpeg 1536w, https:\/\/www.psib-psoe.org\/mallorca\/wp-content\/uploads\/141025_-Foto-Arxiu-ENDAVANT-150x113.jpeg 150w, https:\/\/www.psib-psoe.org\/mallorca\/wp-content\/uploads\/141025_-Foto-Arxiu-ENDAVANT-600x450.jpeg 600w, https:\/\/www.psib-psoe.org\/mallorca\/wp-content\/uploads\/141025_-Foto-Arxiu-ENDAVANT-900x675.jpeg 900w, https:\/\/www.psib-psoe.org\/mallorca\/wp-content\/uploads\/141025_-Foto-Arxiu-ENDAVANT-20x16.jpeg 20w, https:\/\/www.psib-psoe.org\/mallorca\/wp-content\/uploads\/141025_-Foto-Arxiu-ENDAVANT.jpeg 1600w\" sizes=\"(max-width: 1024px) 100vw, 1024px\" \/><\/figure>\n\n\n<p><em><u>El Ple de l\u2019Ajuntament de Ses Salines ha aprovat per unanimitat la moci\u00f3 presentada pel grup municipal Endavant perqu\u00e8 el consistori cerqui la manera d\u2019assumir \u00edntegrament les despeses derivades del deteriorament estructural del cementeri municipal.<\/u><\/em><\/p>\n<p>La iniciativa respon a la situaci\u00f3 de degradaci\u00f3 que afecta una zona del recinte, on el mal estat d\u2019alguns n\u00ednxols ha posat en risc d\u2019ensorrament diverses estructures que contenen restes mortals. Tot i que el cementeri \u00e9s de titularitat municipal, la seva gesti\u00f3 est\u00e0 externalitzada, fet que, segons la moci\u00f3, no eximeix l\u2019Ajuntament de la seva responsabilitat.<\/p>\n<p>Segons el text aprovat, el consistori cercar\u00e0 la manera jur\u00eddica per assumir totes les despeses econ\u00f2miques derivades de la situaci\u00f3, incloent-hi els costos de trasllat, reubicaci\u00f3 temporal o incineraci\u00f3 de les restes afectades, aix\u00ed com les despeses de conservaci\u00f3 o cust\u00f2dia mentre durin les obres de reparaci\u00f3. A m\u00e9s, s\u2019ha acordat que l\u2019Ajuntament de Ses Salines faci p\u00fablic un pla de manteniment preventiu i de vigil\u00e0ncia estructural per evitar que una situaci\u00f3 semblant es torni a repetir.<\/p>\n<p>La regidora d\u2019Endavant, Mercedes Salas, ha valorat molt positivament el suport un\u00e0nime de tots els grups municipals i ha recordat que \u201cel cementeri \u00e9s un espai de mem\u00f2ria i respecte, i l\u2019Ajuntament t\u00e9 el deure moral i institucional de cuidar-lo i mantenir-lo en condicions dignes\u201d.<\/p>\n<p>Salas ha explicat que moltes fam\u00edlies s\u2019han vist afectades per aquesta situaci\u00f3, algunes d\u2019elles obligades a traslladar o incinerar els seus \u00e9ssers estimats sense rebre prou informaci\u00f3 o ajuda. \u201cNo \u00e9s just que les fam\u00edlies hagin d\u2019assumir les conseq\u00fc\u00e8ncies econ\u00f2miques d\u2019una situaci\u00f3 que no es responsabilitat seva\u201d, ha remarcat la regidora.<\/p>\n<p>Finalment, Salas ha subratllat que aquesta moci\u00f3 \u00e9s \u201cuna passa necess\u00e0ria per restituir la dignitat i la sensibilitat que mereixen les fam\u00edlies afectades\u201d.<\/p>","protected":false},"excerpt":{"rendered":"<p>El Ple de l\u2019Ajuntament de Ses Salines ha aprovat per unanimitat la moci\u00f3 presentada pel grup municipal Endavant perqu\u00e8 el consistori cerqui la manera d\u2019assumir \u00edntegrament les despeses derivades del deteriorament estructural del cementeri municipal. La iniciativa respon a la situaci\u00f3 de degradaci\u00f3 que afecta una zona del recinte, on el mal estat d\u2019alguns n\u00ednxols&hellip;<\/p>\n","protected":false},"author":4,"featured_media":30475,"comment_status":"false","ping_status":"closed","sticky":false,"template":"","format":"standard","meta":{"footnotes":""},"categories":[89,2,1,90,92],"tags":[218,343,447,546,105,83,77,186,483,639,504,160,84,296],"class_list":["post-30474","post","type-post","status-publish","format-standard","has-post-thumbnail","hentry","category-consell-de-mallorca","category-federacio-de-mallorca","category-federacio-de-mallorca-portada","category-municipis","category-portada","tag-amanda-fernandez","tag-andreu-serra","tag-bea-gamundi","tag-biel-alomar","tag-catalina-cladera","tag-consell-de-mallorca","tag-federacio-socialista-de-mallorca","tag-jaume-mateu","tag-joan-ferrer","tag-joan-mendez-2","tag-juana-m-adrover","tag-mallorca","tag-psib-psoe","tag-sofia-alonso"],"_links":{"self":[{"href":"https:\/\/www.psib-psoe.org\/mallorca\/wp-json\/wp\/v2\/posts\/30474"}],"collection":[{"href":"https:\/\/www.psib-psoe.org\/mallorca\/wp-json\/wp\/v2\/posts"}],"about":[{"href":"https:\/\/www.psib-psoe.org\/mallorca\/wp-json\/wp\/v2\/types\/post"}],"author":[{"embeddable":true,"href":"https:\/\/www.psib-psoe.org\/mallorca\/wp-json\/wp\/v2\/users\/4"}],"replies":[{"embeddable":true,"href":"https:\/\/www.psib-psoe.org\/mallorca\/wp-json\/wp\/v2\/comments?post=30474"}],"version-history":[{"count":1,"href":"https:\/\/www.psib-psoe.org\/mallorca\/wp-json\/wp\/v2\/posts\/30474\/revisions"}],"predecessor-version":[{"id":30476,"href":"https:\/\/www.psib-psoe.org\/mallorca\/wp-json\/wp\/v2\/posts\/30474\/revisions\/30476"}],"wp:featuredmedia":[{"embeddable":true,"href":"https:\/\/www.psib-psoe.org\/mallorca\/wp-json\/wp\/v2\/media\/30475"}],"wp:attachment":[{"href":"https:\/\/www.psib-psoe.org\/mallorca\/wp-json\/wp\/v2\/media?parent=30474"}],"wp:term":[{"taxonomy":"category","embeddable":true,"href":"https:\/\/www.psib-psoe.org\/mallorca\/wp-json\/wp\/v2\/categories?post=30474"},{"taxonomy":"post_tag","embeddable":true,"href":"https:\/\/www.psib-psoe.org\/mallorca\/wp-json\/wp\/v2\/tags?post=30474"}],"curies":[{"name":"wp","href":"https:\/\/api.w.org\/{rel}","templated":true}]}}