{"id":30477,"date":"2025-10-14T16:24:54","date_gmt":"2025-10-14T14:24:54","guid":{"rendered":"https:\/\/www.psib-psoe.org\/mallorca\/?p=30477"},"modified":"2025-10-14T16:25:06","modified_gmt":"2025-10-14T14:25:06","slug":"el-pp-soposa-al-senat-a-que-balears-recuperi-mes-de-1-600-milions-deuros-de-recursos-amb-la-condonacio-del-deute-que-proposa-lestat","status":"publish","type":"post","link":"https:\/\/www.psib-psoe.org\/mallorca\/el-pp-soposa-al-senat-a-que-balears-recuperi-mes-de-1-600-milions-deuros-de-recursos-amb-la-condonacio-del-deute-que-proposa-lestat\/","title":{"rendered":"El PP s\u2019oposa al Senat a qu\u00e8 Balears recuperi m\u00e9s de 1.600 milions d\u2019euros de recursos amb la condonaci\u00f3 del deute que proposa l\u2019Estat."},"content":{"rendered":"\n<figure class=\"wp-block-image size-large\"><img loading=\"lazy\" decoding=\"async\" width=\"1024\" height=\"638\" src=\"https:\/\/www.psib-psoe.org\/mallorca\/wp-content\/uploads\/PJ-Pons-Senat-1024x638.jpeg\" alt=\"\" class=\"wp-image-30478\" srcset=\"https:\/\/www.psib-psoe.org\/mallorca\/wp-content\/uploads\/PJ-Pons-Senat-1024x638.jpeg 1024w, https:\/\/www.psib-psoe.org\/mallorca\/wp-content\/uploads\/PJ-Pons-Senat-300x187.jpeg 300w, https:\/\/www.psib-psoe.org\/mallorca\/wp-content\/uploads\/PJ-Pons-Senat-768x478.jpeg 768w, https:\/\/www.psib-psoe.org\/mallorca\/wp-content\/uploads\/PJ-Pons-Senat-1536x956.jpeg 1536w, https:\/\/www.psib-psoe.org\/mallorca\/wp-content\/uploads\/PJ-Pons-Senat-2048x1275.jpeg 2048w, https:\/\/www.psib-psoe.org\/mallorca\/wp-content\/uploads\/PJ-Pons-Senat-150x93.jpeg 150w, https:\/\/www.psib-psoe.org\/mallorca\/wp-content\/uploads\/PJ-Pons-Senat-600x374.jpeg 600w, https:\/\/www.psib-psoe.org\/mallorca\/wp-content\/uploads\/PJ-Pons-Senat-900x560.jpeg 900w, https:\/\/www.psib-psoe.org\/mallorca\/wp-content\/uploads\/PJ-Pons-Senat-20x13.jpeg 20w\" sizes=\"(max-width: 1024px) 100vw, 1024px\" \/><\/figure>\n\n\n<p><em><u>El senador Pere Joan Pons ha defensat avui la condonaci\u00f3 del deute de les Illes Balears en la Comissi\u00f3 Mixta d\u2019Insularitat del Senat, amb una moci\u00f3 del Grup Socialista que pretenia que la Cambra alta don\u00e9s el vist i plau a la proposta del Govern de l\u2019Estat de retallar el deute p\u00fablic de Balears en m\u00e9s de 1.600 milions d\u2019euros, d\u2019acord amb la proposta que el Ministeri d\u2019Hisenda va proposar el passat mes de setembre. Davant del nou rebuig, el senador socialista ha acusat els populars de \u201cno propiciar cap millora per les condicions de vida de tota la societat de les illes\u201d, i en canvi, nom\u00e9s governar en favor dels seus\u201d.<\/u><\/em><\/p>\n<p><strong>\u00a0<\/strong>El Partit Popular ha tornat a rebutjar que l\u2019Estat condoni m\u00e9s de 1.600 milions del deute p\u00fablic que arrossega la Comunitat Aut\u00f2noma de les Illes Balears. Aquest cop ha estat al Senat a on el senador del Grup Parlamentari Socialista, Pere Joan Pons, ha defensat aquest una moci\u00f3 en el si de la Comissi\u00f3 Mixta d\u2019Insularitat del Senat per instar el Govern d\u2019Espanya a culminar les converses amb la Comunitat Aut\u00f2noma de les Illes Balears per a la condonaci\u00f3 parcial del seu deute amb l\u2019Estat. L\u2019objectiu de la proposta \u00e9s millorar la sostenibilitat financera de l\u2019administraci\u00f3 auton\u00f2mica i refor\u00e7ar els serveis p\u00fablics essencials.<\/p>\n<p>Durant la seva intervenci\u00f3, Pons ha destacat que les Illes Balears pateixen una pressi\u00f3 demogr\u00e0fica i tur\u00edstica creixent, derivada del seu atractiu internacional, que genera dificultats estructurals en \u00e0mbits com l\u2019habitatge, el cost de la vida i l\u2019acc\u00e9s als serveis b\u00e0sics. En aquest sentit, ha defensat que la condonaci\u00f3 de m\u00e9s de 1.600 milions d\u2019euros permetria a la comunitat gestionar millor les seves compet\u00e8ncies i donar resposta als reptes socials actuals.<\/p>\n<p>\u201cLa proposta del Govern central no compromet la sostenibilitat de les finances p\u00fabliques i suposaria una millora directa en la qualitat de vida dels ciutadans i ciutadanes de les Illes\u201d, ha afirmat el senador socialista. Pons ha lamentat la manca de voluntat pol\u00edtica per part del Govern auton\u00f2mic, presidit per Marga Prohens, per avan\u00e7ar en aquesta via, tot criticant que des del mes de febrer \u2014quan es va presentar la proposta\u2014 no s\u2019ha rebut cap resposta positiva. Ha acusat l\u2019executiu balear de governar \u201cper als seus\u201d i de no prioritzar l\u2019inter\u00e8s general de les illes.<\/p>\n<p>\u201c\u00c9s hora de deixar de criminalitzar qui vol viure millor i de comen\u00e7ar a donar respostes valentes des de les institucions\u201d, ha dit Pons, que ha qualificat de \u201cparadoxa\u201d i de governar \u201cen contra dels interessos de la ciutadania\u201d, el fet que el Govern de Prohens es negui a acceptar l\u2019oferta de condonaci\u00f3 del deute de l\u2019Estat que oferiria m\u00e9s recursos i menor c\u00e0rrega financera per a tota la ciutadania.<\/p>\n<p>\u00a0<\/p>","protected":false},"excerpt":{"rendered":"<p>El senador Pere Joan Pons ha defensat avui la condonaci\u00f3 del deute de les Illes Balears en la Comissi\u00f3 Mixta d\u2019Insularitat del Senat, amb una moci\u00f3 del Grup Socialista que pretenia que la Cambra alta don\u00e9s el vist i plau a la proposta del Govern de l\u2019Estat de retallar el deute p\u00fablic de Balears en&hellip;<\/p>\n","protected":false},"author":3,"featured_media":30478,"comment_status":"false","ping_status":"closed","sticky":false,"template":"","format":"standard","meta":{"footnotes":""},"categories":[89,2,1,90,92],"tags":[106,649,84,112],"class_list":["post-30477","post","type-post","status-publish","format-standard","has-post-thumbnail","hentry","category-consell-de-mallorca","category-federacio-de-mallorca","category-federacio-de-mallorca-portada","category-municipis","category-portada","tag-cosme-bonet","tag-pere-joan-pons","tag-psib-psoe","tag-senat"],"_links":{"self":[{"href":"https:\/\/www.psib-psoe.org\/mallorca\/wp-json\/wp\/v2\/posts\/30477"}],"collection":[{"href":"https:\/\/www.psib-psoe.org\/mallorca\/wp-json\/wp\/v2\/posts"}],"about":[{"href":"https:\/\/www.psib-psoe.org\/mallorca\/wp-json\/wp\/v2\/types\/post"}],"author":[{"embeddable":true,"href":"https:\/\/www.psib-psoe.org\/mallorca\/wp-json\/wp\/v2\/users\/3"}],"replies":[{"embeddable":true,"href":"https:\/\/www.psib-psoe.org\/mallorca\/wp-json\/wp\/v2\/comments?post=30477"}],"version-history":[{"count":1,"href":"https:\/\/www.psib-psoe.org\/mallorca\/wp-json\/wp\/v2\/posts\/30477\/revisions"}],"predecessor-version":[{"id":30479,"href":"https:\/\/www.psib-psoe.org\/mallorca\/wp-json\/wp\/v2\/posts\/30477\/revisions\/30479"}],"wp:featuredmedia":[{"embeddable":true,"href":"https:\/\/www.psib-psoe.org\/mallorca\/wp-json\/wp\/v2\/media\/30478"}],"wp:attachment":[{"href":"https:\/\/www.psib-psoe.org\/mallorca\/wp-json\/wp\/v2\/media?parent=30477"}],"wp:term":[{"taxonomy":"category","embeddable":true,"href":"https:\/\/www.psib-psoe.org\/mallorca\/wp-json\/wp\/v2\/categories?post=30477"},{"taxonomy":"post_tag","embeddable":true,"href":"https:\/\/www.psib-psoe.org\/mallorca\/wp-json\/wp\/v2\/tags?post=30477"}],"curies":[{"name":"wp","href":"https:\/\/api.w.org\/{rel}","templated":true}]}}