{"id":30480,"date":"2025-10-15T19:19:58","date_gmt":"2025-10-15T17:19:58","guid":{"rendered":"https:\/\/www.psib-psoe.org\/mallorca\/?p=30480"},"modified":"2025-10-15T19:20:10","modified_gmt":"2025-10-15T17:20:10","slug":"els-socialistes-de-soller-lamenten-la-manca-de-previsio-en-el-tancament-nocturn-del-tunel","status":"publish","type":"post","link":"https:\/\/www.psib-psoe.org\/mallorca\/els-socialistes-de-soller-lamenten-la-manca-de-previsio-en-el-tancament-nocturn-del-tunel\/","title":{"rendered":"Els Socialistes de S\u00f3ller lamenten la manca de previsi\u00f3 en el tancament nocturn del t\u00fanel"},"content":{"rendered":"\n<figure class=\"wp-block-image size-large\"><img loading=\"lazy\" decoding=\"async\" width=\"1024\" height=\"683\" src=\"http:\/\/www.psib-psoe.org\/mallorca\/wp-content\/uploads\/250320-Executiva-Jaume-Mateu-1-1024x683.jpg\" alt=\"\" class=\"wp-image-30428\" srcset=\"https:\/\/www.psib-psoe.org\/mallorca\/wp-content\/uploads\/250320-Executiva-Jaume-Mateu-1-1024x683.jpg 1024w, https:\/\/www.psib-psoe.org\/mallorca\/wp-content\/uploads\/250320-Executiva-Jaume-Mateu-1-300x200.jpg 300w, https:\/\/www.psib-psoe.org\/mallorca\/wp-content\/uploads\/250320-Executiva-Jaume-Mateu-1-768x512.jpg 768w, https:\/\/www.psib-psoe.org\/mallorca\/wp-content\/uploads\/250320-Executiva-Jaume-Mateu-1-1536x1024.jpg 1536w, https:\/\/www.psib-psoe.org\/mallorca\/wp-content\/uploads\/250320-Executiva-Jaume-Mateu-1-2048x1365.jpg 2048w, https:\/\/www.psib-psoe.org\/mallorca\/wp-content\/uploads\/250320-Executiva-Jaume-Mateu-1-150x100.jpg 150w, https:\/\/www.psib-psoe.org\/mallorca\/wp-content\/uploads\/250320-Executiva-Jaume-Mateu-1-600x400.jpg 600w, https:\/\/www.psib-psoe.org\/mallorca\/wp-content\/uploads\/250320-Executiva-Jaume-Mateu-1-900x600.jpg 900w, https:\/\/www.psib-psoe.org\/mallorca\/wp-content\/uploads\/250320-Executiva-Jaume-Mateu-1-20x13.jpg 20w\" sizes=\"(max-width: 1024px) 100vw, 1024px\" \/><\/figure>\n\n\n<p style=\"font-weight: 400;\"><em><u>Els Socialistes de S\u00f3ller han expressat el seu malestar davant la manca de previsi\u00f3 i sensibilitat que, segons denuncien, ha demostrat el Consell de Mallorca amb el tancament nocturn del t\u00fanel de S\u00f3ller entre les 23.00 i les 6.00 hores, una mesura que va comen\u00e7ar el passat 6 d\u2019octubre i que, segons est\u00e0 previst, s\u2019allargar\u00e0 fins al 14 de novembre<\/u><\/em><\/p>\n<p style=\"font-weight: 400;\">Els Socialistes de S\u00f3ller han expressat el seu malestar davant la manca de previsi\u00f3 i sensibilitat que, segons denuncien, ha demostrat el Consell de Mallorca amb el tancament nocturn del t\u00fanel de S\u00f3ller entre les 23.00 i les 6.00 hores, una mesura que va comen\u00e7ar el passat 6 d\u2019octubre i que, segons est\u00e0 previst, s\u2019allargar\u00e0 fins al 14 de novembre.<\/p>\n<p style=\"font-weight: 400;\">Segons l\u2019agrupaci\u00f3 socialista, aquest tancament afecta especialment els treballadors i treballadores de l\u2019hostaleria, aix\u00ed com totes aquelles persones que han de despla\u00e7ar-se molt prest al mat\u00ed o tard al vespre. \u201cMolts ve\u00efnats es veuen obligats a utilitzar la carretera del Coll, amb el conseg\u00fcent increment de temps i riscos a la conducci\u00f3\u201d, han apuntat des del partit.<\/p>\n<p style=\"font-weight: 400;\">Des dels Socialistes de S\u00f3ller critiquen que no s\u2019hagin donat explicacions clares sobre els motius d\u2019un tancament tan prolongat, especialment si les tasques previstes s\u00f3n \u00fanicament de neteja i millora de les c\u00e0meres i del cablejat de comunicacions.<\/p>\n<p style=\"font-weight: 400;\">Per aix\u00f2, han demanat explicacions tant a l\u2019Ajuntament de S\u00f3ller com al Consell de Mallorca sobre els motius que han dut a establir aquests horaris i sobre si s\u2019han estudiat alternatives m\u00e9s adequades, com ara l\u2019establiment de pas alternatiu, abans de decidir el tancament total d\u2019una infraestructura tan essencial per al municipi.<\/p>\n<p style=\"font-weight: 400;\">\u201cAquesta actuaci\u00f3 torna a posar de manifest la manca de sensibilitat cap als residents que necessiten el t\u00fanel per anar a treballar. No es pot prendre una decisi\u00f3 d\u2019aquestes caracter\u00edstiques sense pensar en les conseq\u00fc\u00e8ncies per a la ciutadania\u201d, han concl\u00f2s des de l\u2019Agrupaci\u00f3 Socialista de S\u00f3ller.<\/p>","protected":false},"excerpt":{"rendered":"<p>Els Socialistes de S\u00f3ller han expressat el seu malestar davant la manca de previsi\u00f3 i sensibilitat que, segons denuncien, ha demostrat el Consell de Mallorca amb el tancament nocturn del t\u00fanel de S\u00f3ller entre les 23.00 i les 6.00 hores, una mesura que va comen\u00e7ar el passat 6 d\u2019octubre i que, segons est\u00e0 previst, s\u2019allargar\u00e0&hellip;<\/p>\n","protected":false},"author":4,"featured_media":30428,"comment_status":"false","ping_status":"closed","sticky":false,"template":"","format":"standard","meta":{"footnotes":""},"categories":[2,1,90,92],"tags":[186,84,566],"class_list":["post-30480","post","type-post","status-publish","format-standard","has-post-thumbnail","hentry","category-federacio-de-mallorca","category-federacio-de-mallorca-portada","category-municipis","category-portada","tag-jaume-mateu","tag-psib-psoe","tag-soller-2"],"_links":{"self":[{"href":"https:\/\/www.psib-psoe.org\/mallorca\/wp-json\/wp\/v2\/posts\/30480"}],"collection":[{"href":"https:\/\/www.psib-psoe.org\/mallorca\/wp-json\/wp\/v2\/posts"}],"about":[{"href":"https:\/\/www.psib-psoe.org\/mallorca\/wp-json\/wp\/v2\/types\/post"}],"author":[{"embeddable":true,"href":"https:\/\/www.psib-psoe.org\/mallorca\/wp-json\/wp\/v2\/users\/4"}],"replies":[{"embeddable":true,"href":"https:\/\/www.psib-psoe.org\/mallorca\/wp-json\/wp\/v2\/comments?post=30480"}],"version-history":[{"count":1,"href":"https:\/\/www.psib-psoe.org\/mallorca\/wp-json\/wp\/v2\/posts\/30480\/revisions"}],"predecessor-version":[{"id":30481,"href":"https:\/\/www.psib-psoe.org\/mallorca\/wp-json\/wp\/v2\/posts\/30480\/revisions\/30481"}],"wp:featuredmedia":[{"embeddable":true,"href":"https:\/\/www.psib-psoe.org\/mallorca\/wp-json\/wp\/v2\/media\/30428"}],"wp:attachment":[{"href":"https:\/\/www.psib-psoe.org\/mallorca\/wp-json\/wp\/v2\/media?parent=30480"}],"wp:term":[{"taxonomy":"category","embeddable":true,"href":"https:\/\/www.psib-psoe.org\/mallorca\/wp-json\/wp\/v2\/categories?post=30480"},{"taxonomy":"post_tag","embeddable":true,"href":"https:\/\/www.psib-psoe.org\/mallorca\/wp-json\/wp\/v2\/tags?post=30480"}],"curies":[{"name":"wp","href":"https:\/\/api.w.org\/{rel}","templated":true}]}}